{"id":12310,"count":1,"description":"","link":"https:\/\/www.africanchallenges.com\/?tag=la-delegation-generale-wallonie-bruxelles-2","name":"La D\u00e9l\u00e9gation g\u00e9n\u00e9rale Wallonie-Bruxelles","slug":"la-delegation-generale-wallonie-bruxelles-2","taxonomy":"post_tag","meta":[],"_links":{"self":[{"href":"https:\/\/www.africanchallenges.com\/index.php?rest_route=\/wp\/v2\/tags\/12310","targetHints":{"allow":["GET"]}}],"collection":[{"href":"https:\/\/www.africanchallenges.com\/index.php?rest_route=\/wp\/v2\/tags"}],"about":[{"href":"https:\/\/www.africanchallenges.com\/index.php?rest_route=\/wp\/v2\/taxonomies\/post_tag"}],"wp:post_type":[{"href":"https:\/\/www.africanchallenges.com\/index.php?rest_route=%2Fwp%2Fv2%2Fposts&tags=12310"}],"curies":[{"name":"wp","href":"https:\/\/api.w.org\/{rel}","templated":true}]}}