{"id":940,"date":"2018-07-24T21:40:52","date_gmt":"2018-07-24T21:40:52","guid":{"rendered":"http:\/\/www.africanchallenges.com\/?p=940"},"modified":"2018-07-24T21:46:25","modified_gmt":"2018-07-24T21:46:25","slug":"tunisie-nomination-de-hichem-fourati-nouveau-ministre-de-linterieur","status":"publish","type":"post","link":"https:\/\/www.africanchallenges.com\/?p=940","title":{"rendered":"Tunisie : nomination de Hichem Fourati, nouveau ministre de l\u2019Int\u00e9rieur"},"content":{"rendered":"<p>Le chef du gouvernement, Youssef Chahed, a d\u00e9cid\u00e9,\u00a0 le mardi 24 juillet 2018, de nommer Hichem Fourati au poste de ministre de l&rsquo;Int\u00e9rieur.<\/p>\n<p>Titulaire d\u2019une licence en droit de la facult\u00e9 de droit de Tunis, Hichem Fourati a \u00e9t\u00e9 conseiller des services publics au minist\u00e8re de l\u2019Int\u00e9rieur depuis 1996.<\/p>\n<p><img fetchpriority=\"high\" decoding=\"async\" width=\"237\" height=\"300\" class=\"wp-image-944 size-medium\" src=\"https:\/\/www.africanchallenges.com\/wp-content\/uploads\/2018\/07\/hichem-fourati-237x300.jpg\" alt=\"\" srcset=\"https:\/\/www.africanchallenges.com\/wp-content\/uploads\/2018\/07\/hichem-fourati-237x300.jpg 237w, https:\/\/www.africanchallenges.com\/wp-content\/uploads\/2018\/07\/hichem-fourati.jpg 615w\" sizes=\"(max-width: 237px) 100vw, 237px\" \/><\/p>\n<p>Il occupe, actuellement, le poste de chef de cabinet du ministre de l\u2019Int\u00e9rieur, et ce, depuis f\u00e9vrier 2015. Il a d\u00e9j\u00e0 occup\u00e9 plusieurs postes de responsabilit\u00e9, dont notamment, gouverneur de Monastir en 2011 et secr\u00e9taire g\u00e9n\u00e9ral au gouvernorat de Zaghouan en 2008.<\/p>\n<p>&nbsp;<\/p>\n","protected":false},"excerpt":{"rendered":"<p>Le chef du gouvernement, Youssef Chahed, a d\u00e9cid\u00e9,\u00a0 le mardi 24 juillet 2018, de nommer Hichem Fourati au poste de ministre de l&rsquo;Int\u00e9rieur. Titulaire d\u2019une licence en droit de la facult\u00e9 de droit de Tunis, Hichem Fourati a \u00e9t\u00e9 conseiller des services publics au minist\u00e8re de l\u2019Int\u00e9rieur depuis 1996. Il occupe, actuellement, le poste de [&hellip;]<\/p>\n","protected":false},"author":3,"featured_media":943,"comment_status":"open","ping_status":"closed","sticky":false,"template":"","format":"standard","meta":{"content-type":"","jnews-multi-image_gallery":[],"jnews_single_post":{"override_template":"0","override":[{"template":"1","parallax":"1","fullscreen":"0","layout":"right-sidebar","sidebar":"default-sidebar","second_sidebar":"default-sidebar","sticky_sidebar":"1","share_position":"top","share_float_style":"share-monocrhome","show_share_counter":"1","show_view_counter":"1","show_featured":"1","show_post_meta":"1","show_post_author":"1","show_post_author_image":"1","show_post_date":"1","post_date_format":"default","post_date_format_custom":"Y\/m\/d","show_post_category":"1","show_post_tag":"1","show_prev_next_post":"1","show_popup_post":"1","number_popup_post":"1","show_author_box":"0","show_post_related":"1","show_inline_post_related":"0"}],"override_image_size":"0","image_override":[{"single_post_thumbnail_size":"crop-500","single_post_gallery_size":"crop-500"}]},"jnews_primary_category":{"id":""},"jnews_override_bookmark_settings":[],"jnews_review":[],"enable_review":"","type":"","name":"","summary":"","brand":"","sku":"","good":[],"bad":[],"score_override":"","override_value":"","rating":[],"price":[],"jnews_post_split":[],"footnotes":""},"categories":[2],"tags":[412,414,413,411],"class_list":["post-940","post","type-post","status-publish","format-standard","has-post-thumbnail","hentry","category-news-politique","tag-hichem-fourat","tag-ministre-de-linterieur","tag-nomination","tag-youssef-chahed"],"_links":{"self":[{"href":"https:\/\/www.africanchallenges.com\/index.php?rest_route=\/wp\/v2\/posts\/940","targetHints":{"allow":["GET"]}}],"collection":[{"href":"https:\/\/www.africanchallenges.com\/index.php?rest_route=\/wp\/v2\/posts"}],"about":[{"href":"https:\/\/www.africanchallenges.com\/index.php?rest_route=\/wp\/v2\/types\/post"}],"author":[{"embeddable":true,"href":"https:\/\/www.africanchallenges.com\/index.php?rest_route=\/wp\/v2\/users\/3"}],"replies":[{"embeddable":true,"href":"https:\/\/www.africanchallenges.com\/index.php?rest_route=%2Fwp%2Fv2%2Fcomments&post=940"}],"version-history":[{"count":5,"href":"https:\/\/www.africanchallenges.com\/index.php?rest_route=\/wp\/v2\/posts\/940\/revisions"}],"predecessor-version":[{"id":947,"href":"https:\/\/www.africanchallenges.com\/index.php?rest_route=\/wp\/v2\/posts\/940\/revisions\/947"}],"wp:featuredmedia":[{"embeddable":true,"href":"https:\/\/www.africanchallenges.com\/index.php?rest_route=\/wp\/v2\/media\/943"}],"wp:attachment":[{"href":"https:\/\/www.africanchallenges.com\/index.php?rest_route=%2Fwp%2Fv2%2Fmedia&parent=940"}],"wp:term":[{"taxonomy":"category","embeddable":true,"href":"https:\/\/www.africanchallenges.com\/index.php?rest_route=%2Fwp%2Fv2%2Fcategories&post=940"},{"taxonomy":"post_tag","embeddable":true,"href":"https:\/\/www.africanchallenges.com\/index.php?rest_route=%2Fwp%2Fv2%2Ftags&post=940"}],"curies":[{"name":"wp","href":"https:\/\/api.w.org\/{rel}","templated":true}]}}