{"id":9354,"date":"2019-07-22T20:58:36","date_gmt":"2019-07-22T20:58:36","guid":{"rendered":"http:\/\/www.africanchallenges.com\/?p=9354"},"modified":"2019-07-22T22:27:48","modified_gmt":"2019-07-22T22:27:48","slug":"tunisie-le-ministere-de-defense-apporte-des-precisions-sur-lavion-lybien-atterrit-sur-le-sol-tunisien","status":"publish","type":"post","link":"https:\/\/www.africanchallenges.com\/?p=9354","title":{"rendered":"Tunisie : le minist\u00e8re de D\u00e9fense apporte des pr\u00e9cisions sur l&rsquo;avion Lybien qui a att\u00e9rri sur le sol tunisien"},"content":{"rendered":"\n<p><strong>Dans un communiqu\u00e9 rendu \u00a0public ce lundi 22 juillet 2019 , le minist\u00e8re de la D\u00e9fense a pr\u00e9cis\u00e9 \u00a0q\u2019un avion lybien a p\u00e9n\u00e9tr\u00e9 l\u2019espace a\u00e9rien tunisien dans la r\u00e9gion Bni Ghzel au sud de M\u00e9denine<\/strong><\/p>\n<p>Le \u00a0syst\u00e8me de pr\u00e9paration op\u00e9rationnelle de l\u2019Etat a \u00e9t\u00e9 activ\u00e9 pour l\u2019intercepter et l\u2019identifier, mais l\u2019avion par contrainte s&rsquo;est pos\u00e9 sur Eljorf el ahmer avant l\u2019acc\u00e8s.<\/p>\n<p>Un avion militaire tunisien est intervenu sur le champ et d\u2019apr\u00e8s l\u2019identification cet avion est de type militaire libyen L39 dirig\u00e9e par un colonel sous-lieutenant qui a d\u00e9clar\u00e9 qu\u2019il a \u00e9t\u00e9 forc\u00e9 d\u2019atterrir en Tunisie suite \u00e0 une panne technique..<\/p>\n<p>Une enqu\u00eate a \u00e9t\u00e9 men\u00e9e par la garde nationale de Medenine et sera poursuivi en deuxi\u00e8me lieu par les autorit\u00e9s judiciaires militaires vu la nature de l\u2019avion.<\/p>\n<p><a href=\"http:\/\/www.press.defense.tn\/?p=2260&amp;fbclid=IwAR12VEYRmEKzzlXI3gxoQ89_kuSqTAi5S_uGZUMkXWSq494fVmm0y4M7YPA\" target=\"_blank\" rel=\"noopener noreferrer\">http:\/\/www.press.defense.tn\/?p=2260&amp;fbclid=IwAR12VEYRmEKzzlXI3gxoQ89_kuSqTAi5S_uGZUMkXWSq494fVmm0y4M7YPA<\/a><\/p>\n<p><strong>Avec Communiqu\u00e9<\/strong><\/p>\n","protected":false},"excerpt":{"rendered":"Dans un communiqu\u00e9 rendu \u00a0public ce lundi 22 juillet 2019 , le minist\u00e8re de la D\u00e9fense a pr\u00e9cis\u00e9 \u00a0q\u2019un avion lybien a p\u00e9n\u00e9tr\u00e9 l\u2019espace a\u00e9rien tunisien dans la r\u00e9gion Bni Ghzel au sud de M\u00e9denine Le \u00a0syst\u00e8me de pr\u00e9paration op\u00e9rationnelle de l\u2019Etat a \u00e9t\u00e9 activ\u00e9 pour l\u2019intercepter et l\u2019identifier, mais l\u2019avion par contrainte s'est pos\u00e9 [...]","protected":false},"author":4,"featured_media":9356,"comment_status":"open","ping_status":"closed","sticky":false,"template":"","format":"standard","meta":{"content-type":"","jnews-multi-image_gallery":[],"jnews_single_post":{"override":[{"template":"1","parallax":"1","layout":"right-sidebar","sidebar":"default-sidebar","second_sidebar":"default-sidebar","sticky_sidebar":"1","share_position":"top","share_float_style":"share-monocrhome","show_share_counter":"1","show_view_counter":"1","show_featured":"1","show_post_meta":"1","show_post_author":"1","show_post_author_image":"1","show_post_date":"1","post_date_format":"default","post_date_format_custom":"Y\/m\/d","show_post_category":"1","show_post_tag":"1","show_prev_next_post":"1","show_popup_post":"1","number_popup_post":"1","show_post_related":"1"}],"image_override":[{"single_post_thumbnail_size":"crop-500","single_post_gallery_size":"crop-500"}]},"jnews_primary_category":{"id":""},"jnews_override_bookmark_settings":[],"jnews_review":[],"enable_review":"","type":"","name":"","summary":"","brand":"","sku":"","good":[],"bad":[],"score_override":"","override_value":"","rating":[],"price":[],"jnews_post_split":[],"footnotes":""},"categories":[2],"tags":[3353,839,3352,54],"class_list":["post-9354","post","type-post","status-publish","format-standard","has-post-thumbnail","hentry","category-news-politique","tag-avion-lybien","tag-communique","tag-ministere-de-defense","tag-tunisie"],"_links":{"self":[{"href":"https:\/\/www.africanchallenges.com\/index.php?rest_route=\/wp\/v2\/posts\/9354","targetHints":{"allow":["GET"]}}],"collection":[{"href":"https:\/\/www.africanchallenges.com\/index.php?rest_route=\/wp\/v2\/posts"}],"about":[{"href":"https:\/\/www.africanchallenges.com\/index.php?rest_route=\/wp\/v2\/types\/post"}],"author":[{"embeddable":true,"href":"https:\/\/www.africanchallenges.com\/index.php?rest_route=\/wp\/v2\/users\/4"}],"replies":[{"embeddable":true,"href":"https:\/\/www.africanchallenges.com\/index.php?rest_route=%2Fwp%2Fv2%2Fcomments&post=9354"}],"version-history":[{"count":4,"href":"https:\/\/www.africanchallenges.com\/index.php?rest_route=\/wp\/v2\/posts\/9354\/revisions"}],"predecessor-version":[{"id":9372,"href":"https:\/\/www.africanchallenges.com\/index.php?rest_route=\/wp\/v2\/posts\/9354\/revisions\/9372"}],"wp:featuredmedia":[{"embeddable":true,"href":"https:\/\/www.africanchallenges.com\/index.php?rest_route=\/wp\/v2\/media\/9356"}],"wp:attachment":[{"href":"https:\/\/www.africanchallenges.com\/index.php?rest_route=%2Fwp%2Fv2%2Fmedia&parent=9354"}],"wp:term":[{"taxonomy":"category","embeddable":true,"href":"https:\/\/www.africanchallenges.com\/index.php?rest_route=%2Fwp%2Fv2%2Fcategories&post=9354"},{"taxonomy":"post_tag","embeddable":true,"href":"https:\/\/www.africanchallenges.com\/index.php?rest_route=%2Fwp%2Fv2%2Ftags&post=9354"}],"curies":[{"name":"wp","href":"https:\/\/api.w.org\/{rel}","templated":true}]}}