{"id":8925,"date":"2019-07-05T00:28:52","date_gmt":"2019-07-05T00:28:52","guid":{"rendered":"http:\/\/www.africanchallenges.com\/?p=8925"},"modified":"2019-07-05T00:29:08","modified_gmt":"2019-07-05T00:29:08","slug":"tunisie-programme-de-la-37eme-edition-du-festival-international-de-bizerte","status":"publish","type":"post","link":"https:\/\/www.africanchallenges.com\/?p=8925","title":{"rendered":"Tunisie : Programme de la 37\u00e8me \u00e9dition du festival international de Bizerte"},"content":{"rendered":"\n<p><strong>L\u2019association du festival \u00a0de Bizerte\u00a0 a tenue , le mercredi 03 juillet une conf\u00e9rence de presse , \u00e0 l\u2019h\u00f4tel Nour, pour d\u00e9voiler le programme de la 37\u00e8me \u00e9dition du festival en pr\u00e9sence de M.Ahmed Trifi , le pr\u00e9sident de l&rsquo;associatio du festival de Bizerte,M.Ridha Garbi ,le secretaire g\u00e9n\u00e9rale de l&rsquo;association,M.Ziar Amri la tr\u00e9sorerie, madame Farah Saidani ,la responsable de la communication et des repr\u00e9sentants de m\u00e9dias r\u00e9gionales et locales.<\/strong><\/p>\n<p><img fetchpriority=\"high\" decoding=\"async\" class=\"aligncenter wp-image-8928 size-full\" src=\"https:\/\/www.africanchallenges.com\/wp-content\/uploads\/2019\/07\/fesival-Bizerte-2019.jpg\" alt=\"\" width=\"415\" height=\"277\" srcset=\"https:\/\/www.africanchallenges.com\/wp-content\/uploads\/2019\/07\/fesival-Bizerte-2019.jpg 415w, https:\/\/www.africanchallenges.com\/wp-content\/uploads\/2019\/07\/fesival-Bizerte-2019-300x200.jpg 300w\" sizes=\"(max-width: 415px) 100vw, 415px\" \/><\/p>\n<h2><span style=\"color: #ff9900;\">Programme du festival de Bizerte :<\/span><\/h2>\n<ul>\n<li>12 juillet 2019 : C\u00e9r\u00e9monie d\u2019ouverture\u00a0 avec le spectacle de Mohamed Ali Kamoun (30 min) puis de la musique r\u00e9gionale de Bizerte ainsi que des spectacle soufis<\/li>\n<li>13 juillet 2019 : Weld Chkoun avec Jamila Chihi<\/li>\n<li>18 juillet 2019 : L\u00e9 Hakka L\u00e9 Hakka avec Nidhal Saadi<\/li>\n<li>24 juillet 2019 : Aymen Lassig<\/li>\n<li>26 juillet 2019 : Double face avec Bassem Hamraoui et Karim Gharbi<\/li>\n<li>28 juillet 2019 : Big Bossa avec Wajiha Jendoubi<\/li>\n<li>30 juillet 2019 : Leo ROJAS et Faia Younan<\/li>\n<li>1er ao\u00fbt 2019 : Weld Ommou avec Na\u00efma Jeni<\/li>\n<li>3 ao\u00fbt 2019 : Nancy Ajram<\/li>\n<li>5 ao\u00fbt 2019 : Asker Ellil avec Sofiene Farhat<\/li>\n<li>7 ao\u00fbt 2019 : Samara et Balti<\/li>\n<li>8 ao\u00fbt 2019 : Adam Nabolsi<\/li>\n<li>14 ao\u00fbt 2019 : Hassen Doss<\/li>\n<li>16 ao\u00fbt 2019 : Mawan Khoury<\/li>\n<\/ul>\n<p>Spectacle pour enfants :<\/p>\n<ul>\n<li>La petite sir\u00e8ne : 22 juillet 2019<\/li>\n<\/ul>\n<p>Cin\u00e9ma :<\/p>\n<ul>\n<li>16 juillet 2019 : Portofarina et Hemlyn<\/li>\n<\/ul>\n<p>https:\/\/www.facebook.com\/africanchallenges\/videos\/611362526022769\/<\/p>\n<p>\u00a0<\/p>\n","protected":false},"excerpt":{"rendered":"L\u2019association du festival \u00a0de Bizerte\u00a0 a tenue , le mercredi 03 juillet une conf\u00e9rence de presse , \u00e0 l\u2019h\u00f4tel Nour, pour d\u00e9voiler le programme de la 37\u00e8me \u00e9dition du festival en pr\u00e9sence de M.Ahmed Trifi , le pr\u00e9sident de l'associatio du festival de Bizerte,M.Ridha Garbi ,le secretaire g\u00e9n\u00e9rale de l'association,M.Ziar Amri la tr\u00e9sorerie, madame Farah [...]","protected":false},"author":3,"featured_media":8926,"comment_status":"open","ping_status":"closed","sticky":false,"template":"","format":"standard","meta":{"content-type":"","jnews-multi-image_gallery":[],"jnews_single_post":{"override":[{"template":"1","parallax":"1","layout":"right-sidebar","sidebar":"default-sidebar","second_sidebar":"default-sidebar","sticky_sidebar":"1","share_position":"top","share_float_style":"share-monocrhome","show_share_counter":"1","show_view_counter":"1","show_featured":"1","show_post_meta":"1","show_post_author":"1","show_post_author_image":"1","show_post_date":"1","post_date_format":"default","post_date_format_custom":"Y\/m\/d","show_post_category":"1","show_post_tag":"1","show_prev_next_post":"1","show_popup_post":"1","number_popup_post":"1","show_post_related":"1"}],"image_override":[{"single_post_thumbnail_size":"crop-500","single_post_gallery_size":"crop-500"}]},"jnews_primary_category":{"id":""},"jnews_override_bookmark_settings":[],"jnews_review":[],"enable_review":"","type":"","name":"","summary":"","brand":"","sku":"","good":[],"bad":[],"score_override":"","override_value":"","rating":[],"price":[],"jnews_post_split":[],"footnotes":""},"categories":[17,7],"tags":[3276,3275,65],"class_list":["post-8925","post","type-post","status-publish","format-standard","has-post-thumbnail","hentry","category-entertainment","category-lifestyle","tag-ahmed-trifi","tag-festival-de-bizerte","tag-programme"],"_links":{"self":[{"href":"https:\/\/www.africanchallenges.com\/index.php?rest_route=\/wp\/v2\/posts\/8925","targetHints":{"allow":["GET"]}}],"collection":[{"href":"https:\/\/www.africanchallenges.com\/index.php?rest_route=\/wp\/v2\/posts"}],"about":[{"href":"https:\/\/www.africanchallenges.com\/index.php?rest_route=\/wp\/v2\/types\/post"}],"author":[{"embeddable":true,"href":"https:\/\/www.africanchallenges.com\/index.php?rest_route=\/wp\/v2\/users\/3"}],"replies":[{"embeddable":true,"href":"https:\/\/www.africanchallenges.com\/index.php?rest_route=%2Fwp%2Fv2%2Fcomments&post=8925"}],"version-history":[{"count":3,"href":"https:\/\/www.africanchallenges.com\/index.php?rest_route=\/wp\/v2\/posts\/8925\/revisions"}],"predecessor-version":[{"id":8973,"href":"https:\/\/www.africanchallenges.com\/index.php?rest_route=\/wp\/v2\/posts\/8925\/revisions\/8973"}],"wp:featuredmedia":[{"embeddable":true,"href":"https:\/\/www.africanchallenges.com\/index.php?rest_route=\/wp\/v2\/media\/8926"}],"wp:attachment":[{"href":"https:\/\/www.africanchallenges.com\/index.php?rest_route=%2Fwp%2Fv2%2Fmedia&parent=8925"}],"wp:term":[{"taxonomy":"category","embeddable":true,"href":"https:\/\/www.africanchallenges.com\/index.php?rest_route=%2Fwp%2Fv2%2Fcategories&post=8925"},{"taxonomy":"post_tag","embeddable":true,"href":"https:\/\/www.africanchallenges.com\/index.php?rest_route=%2Fwp%2Fv2%2Ftags&post=8925"}],"curies":[{"name":"wp","href":"https:\/\/api.w.org\/{rel}","templated":true}]}}