{"id":865,"date":"2018-07-22T15:11:17","date_gmt":"2018-07-22T15:11:17","guid":{"rendered":"http:\/\/www.africanchallenges.com\/?p=865"},"modified":"2018-07-22T16:45:02","modified_gmt":"2018-07-22T16:45:02","slug":"tunisie-le-retour-prestigieux-de-la-diva-amina-fakhet-a-carthage","status":"publish","type":"post","link":"https:\/\/www.africanchallenges.com\/?p=865","title":{"rendered":"Tunisie : le retour prestigieux de la Diva Amina Fakhet \u00e0 Carthage"},"content":{"rendered":"<p><strong><em>Le public de la 54\u00e8me \u00e9dition du Festival International de Carthage \u00e9tait au rendez-vous avec\u00a0 la Diva <\/em><\/strong><strong><em>Amina Fakhet lors de la soir\u00e9e de samedi 21 juillet 2018. Plus que 7 milles spectateurs ont \u00e9t\u00e9 au rendez-vous \u00e0 la soir\u00e9e de retour de la Diva apr\u00e8s huit ann\u00e9es d\u2019absence.<\/em><\/strong><\/p>\n<p><strong><em>C&rsquo;est une premi\u00e8re M.. Mohamed Zine El Abidine, ministre des affaires culturelles et Mme Naziha Abidi, ministre de la femme, de la famille sont assis avec le public.<\/em><\/strong><\/p>\n<p><strong><em> Plusieurs personnalit\u00e9s et artistes dont Lotfi Abdelli, Kaouther Bardi, Hanene Chograni, Manel Abdelkoui ont assist\u00e9 au spectacle \u00ab\u00a0Awdat Ar-rouh\u00a0\u00bb de la Diva.<\/em><\/strong><\/p>\n<p><img fetchpriority=\"high\" decoding=\"async\" width=\"615\" height=\"410\" class=\"aligncenter wp-image-868 size-full\" src=\"https:\/\/www.africanchallenges.com\/wp-content\/uploads\/2018\/07\/soir\u00e9e-amina.jpg\" alt=\"\" srcset=\"https:\/\/www.africanchallenges.com\/wp-content\/uploads\/2018\/07\/soir\u00e9e-amina.jpg 615w, https:\/\/www.africanchallenges.com\/wp-content\/uploads\/2018\/07\/soir\u00e9e-amina-300x200.jpg 300w\" sizes=\"(max-width: 615px) 100vw, 615px\" \/><\/p>\n<p><strong><em>\u00a0<\/em><\/strong>A son entr\u00e9e \u00e0 Carthage Amina \u00e9tait applaudie par les spectateurs de Carthage\u00a0 une sc\u00e8ne rare qui montre le respect de peuple envers cette femme.<\/p>\n<p>Amina a commenc\u00e9 son spectacle par sa fameuse chanson \u00a0\u00bb wala mara\u00a0\u00bb, elle a salu\u00e9 son public, durant\u00a0 deux heures ,elle a encha\u00een\u00e9 les classiques de son r\u00e9pertoire \u00e0 l\u2019instar \u00a0:: \u00ab\u00a0ala allah\u00a0\u00bb,\u00a0\u00bb soltan hobak\u00a0\u00bb\u00a0, \u00ab\u00a0isalo albi wo ainaya\u00a0\u00bb, \u00ab\u00a0Ana Haouit\u2019\u2019 (j\u2019ai aim\u00e9), la merveille de Baligh Hamdi,\u00a0\u00bbala jebin asaba\u00a0\u00bb,\u00a0\u00ab\u00a0mawedna ardak ya baladna\u00a0\u00bb&#8230; et elle a pr\u00e9sent\u00e9 3 nouvelles chansons\u00a0: \u00a0\u00bb ya bledi\u00a0\u00bb, \u00ab\u00a0soltan el gharam\u00a0\u00bb, et une m\u00e9lodie intitul\u00e9e \u00ab\u00a0Awdat Ar-rouh\u00a0\u00bb sp\u00e9cialement compos\u00e9e par le maestro Mohamed Lassoued \u00e0 l&rsquo;occasion et qui a \u00e9t\u00e9 r\u00e9alis\u00e9e par le sublime orchestre national de musique.<\/p>\n<p><img decoding=\"async\" width=\"615\" height=\"410\" class=\"aligncenter wp-image-869 size-full\" src=\"https:\/\/www.africanchallenges.com\/wp-content\/uploads\/2018\/07\/Molka.jpg\" alt=\"\" srcset=\"https:\/\/www.africanchallenges.com\/wp-content\/uploads\/2018\/07\/Molka.jpg 615w, https:\/\/www.africanchallenges.com\/wp-content\/uploads\/2018\/07\/Molka-300x200.jpg 300w\" sizes=\"(max-width: 615px) 100vw, 615px\" \/><\/p>\n<p>Lors de la soir\u00e9e Amina a r\u00e9serv\u00e9 une jolie surprise au public. Elle s\u2019est fait accompagner sur sc\u00e8ne de sa propre fille, Molka Aouij qui a chant\u00e9 \u00ab\u00a0L&rsquo; hymne de l&rsquo; amour\u00a0\u00bb par Edith Piaf, une chanson tr\u00e8s difficile, qui n\u00e9cessite une solide capacit\u00e9 vocale, dext\u00e9rit\u00e9, souffle et sensibilit\u00e9 qui molka d\u00e9j\u00e0 a eu. Un moment tr\u00e8s intense pour la m\u00e8re comme pour la fille, mais le public \u00e9tait pr\u00eat et a partag\u00e9 ce moment touchant et historique avec la diva et molka., \u00a0une autre d\u00e9couverte lors de cette soir\u00e9e le jeune talent Mohamed Chebil, que Amina lui a donn\u00e9 l&rsquo;occasion pour aller sur sc\u00e8ne et jouer \u00ab\u00a0Layam kif erih\u00a0\u00bb. .<\/p>\n<p>La soir\u00e9e a \u00e9t\u00e9 exceptionnellement r\u00e9ussie organisationnellement, techniquement et spectaculaire, au cours de laquelle la Diva \u00e9tait dans le meilleur des cas.<\/p>\n<p><img decoding=\"async\" width=\"615\" height=\"410\" class=\"aligncenter wp-image-871 size-full\" src=\"https:\/\/www.africanchallenges.com\/wp-content\/uploads\/2018\/07\/soir\u00e9eamina2.jpg\" alt=\"\" srcset=\"https:\/\/www.africanchallenges.com\/wp-content\/uploads\/2018\/07\/soir\u00e9eamina2.jpg 615w, https:\/\/www.africanchallenges.com\/wp-content\/uploads\/2018\/07\/soir\u00e9eamina2-300x200.jpg 300w\" sizes=\"(max-width: 615px) 100vw, 615px\" \/><\/p>\n<p>Lors de la conf\u00e9rence de presse qui a suivi le spectacle, Amina a avou\u00e9\u00a0<strong><em>\u00ab\u00a0J\u2019\u00e9tais dans un moment d\u2019admiration face \u00e0 un flot d\u2019amour venant d\u2019un public que je consid\u00e8re comme le plus cher de mes acquis et succ\u00e8s. Je pris le temps d\u2019absorber cet amour pour en tirer le plus grand plaisir\u00a0\u00bb. <\/em><\/strong><\/p>\n<p>Elle a ajout\u00e9 qu\u2019elle a tenu \u00e0 ne pas r\u00e9v\u00e9ler au public \u00a0le non des deux chanteur qui l\u2019ont accompagn\u00e9 ce soir \u00e0 savoir sa fille Molka et Mohamed Chebil car le plus important pour elle c\u2019\u00e9tait leur prestation, la qualit\u00e9 de leur voix que le public devait juger loin de toute influence. La diva a dit qu\u2019elle n\u2019a respect\u00e9 \u00e0 la lettre le conducteur de la soir\u00e9e, pr\u00e9f\u00e9rant donner libre cours \u00e0 son feeling en \u00a0r\u00e9pondant surtout au d\u00e9sir de son public.<\/p>\n<p><img loading=\"lazy\" decoding=\"async\" width=\"615\" height=\"410\" class=\"aligncenter wp-image-872 size-full\" src=\"https:\/\/www.africanchallenges.com\/wp-content\/uploads\/2018\/07\/conferenceamina2018.jpg\" alt=\"\" srcset=\"https:\/\/www.africanchallenges.com\/wp-content\/uploads\/2018\/07\/conferenceamina2018.jpg 615w, https:\/\/www.africanchallenges.com\/wp-content\/uploads\/2018\/07\/conferenceamina2018-300x200.jpg 300w\" sizes=\"(max-width: 615px) 100vw, 615px\" \/><\/p>\n<p>A rappeler que la Diva Amina Fakhet se produira mardi 24 juillet 2018 au Th\u00e9\u00e2tre romain de Carthage \u00e0 partir de 22h00 en deuxi\u00e8me soir\u00e9e.<\/p>\n<p><img loading=\"lazy\" decoding=\"async\" width=\"615\" height=\"375\" class=\"aligncenter wp-image-874 size-jnews-750x375\" src=\"https:\/\/www.africanchallenges.com\/wp-content\/uploads\/2018\/07\/aminacarthage2018-615x375.jpg\" alt=\"\" \/><\/p>\n<p>&nbsp;<\/p>\n","protected":false},"excerpt":{"rendered":"<p>Le public de la 54\u00e8me \u00e9dition du Festival International de Carthage \u00e9tait au rendez-vous avec\u00a0 la Diva Amina Fakhet lors de la soir\u00e9e de samedi 21 juillet 2018. Plus que 7 milles spectateurs ont \u00e9t\u00e9 au rendez-vous \u00e0 la soir\u00e9e de retour de la Diva apr\u00e8s huit ann\u00e9es d\u2019absence. C&rsquo;est une premi\u00e8re M.. Mohamed Zine [&hellip;]<\/p>\n","protected":false},"author":3,"featured_media":867,"comment_status":"open","ping_status":"closed","sticky":false,"template":"","format":"standard","meta":{"content-type":"","jnews-multi-image_gallery":[],"jnews_single_post":{"override_template":"0","override":[{"template":"1","parallax":"1","fullscreen":"0","layout":"right-sidebar","sidebar":"default-sidebar","second_sidebar":"default-sidebar","sticky_sidebar":"1","share_position":"top","share_float_style":"share-monocrhome","show_share_counter":"1","show_view_counter":"1","show_featured":"1","show_post_meta":"1","show_post_author":"1","show_post_author_image":"1","show_post_date":"1","post_date_format":"default","post_date_format_custom":"Y\/m\/d","show_post_category":"1","show_post_tag":"1","show_prev_next_post":"1","show_popup_post":"1","number_popup_post":"1","show_author_box":"0","show_post_related":"1","show_inline_post_related":"0"}],"override_image_size":"0","image_override":[{"single_post_thumbnail_size":"crop-500","single_post_gallery_size":"crop-500"}]},"jnews_primary_category":{"id":""},"jnews_override_bookmark_settings":[],"jnews_review":[],"enable_review":"","type":"","name":"","summary":"","brand":"","sku":"","good":[],"bad":[],"score_override":"","override_value":"","rating":[],"price":[],"jnews_post_split":[],"footnotes":""},"categories":[17,7],"tags":[386,172,327,387,301],"class_list":["post-865","post","type-post","status-publish","format-standard","has-post-thumbnail","hentry","category-entertainment","category-lifestyle","tag-amina-fakhet","tag-festival-international-de-carthage","tag-mohamed-zine-el-abidine","tag-naziha-abidi","tag-retour"],"_links":{"self":[{"href":"https:\/\/www.africanchallenges.com\/index.php?rest_route=\/wp\/v2\/posts\/865","targetHints":{"allow":["GET"]}}],"collection":[{"href":"https:\/\/www.africanchallenges.com\/index.php?rest_route=\/wp\/v2\/posts"}],"about":[{"href":"https:\/\/www.africanchallenges.com\/index.php?rest_route=\/wp\/v2\/types\/post"}],"author":[{"embeddable":true,"href":"https:\/\/www.africanchallenges.com\/index.php?rest_route=\/wp\/v2\/users\/3"}],"replies":[{"embeddable":true,"href":"https:\/\/www.africanchallenges.com\/index.php?rest_route=%2Fwp%2Fv2%2Fcomments&post=865"}],"version-history":[{"count":9,"href":"https:\/\/www.africanchallenges.com\/index.php?rest_route=\/wp\/v2\/posts\/865\/revisions"}],"predecessor-version":[{"id":877,"href":"https:\/\/www.africanchallenges.com\/index.php?rest_route=\/wp\/v2\/posts\/865\/revisions\/877"}],"wp:featuredmedia":[{"embeddable":true,"href":"https:\/\/www.africanchallenges.com\/index.php?rest_route=\/wp\/v2\/media\/867"}],"wp:attachment":[{"href":"https:\/\/www.africanchallenges.com\/index.php?rest_route=%2Fwp%2Fv2%2Fmedia&parent=865"}],"wp:term":[{"taxonomy":"category","embeddable":true,"href":"https:\/\/www.africanchallenges.com\/index.php?rest_route=%2Fwp%2Fv2%2Fcategories&post=865"},{"taxonomy":"post_tag","embeddable":true,"href":"https:\/\/www.africanchallenges.com\/index.php?rest_route=%2Fwp%2Fv2%2Ftags&post=865"}],"curies":[{"name":"wp","href":"https:\/\/api.w.org\/{rel}","templated":true}]}}