{"id":8210,"date":"2019-05-31T17:24:53","date_gmt":"2019-05-31T17:24:53","guid":{"rendered":"http:\/\/www.africanchallenges.com\/?p=8210"},"modified":"2019-06-01T18:39:48","modified_gmt":"2019-06-01T18:39:48","slug":"afrique-du-sud-le-president-ramaphosa-presente-un-gouvernement-reduit-de-28-ministres-dont-14-femmes","status":"publish","type":"post","link":"https:\/\/www.africanchallenges.com\/?p=8210","title":{"rendered":"Afrique du Sud: le Pr\u00e9sident Ramaphosa pr\u00e9sente un gouvernement r\u00e9duit de 28 ministres, dont 14 femmes"},"content":{"rendered":"\n<p><strong>Environ trois semaines apr\u00e8s la victoire du congr\u00e8s national africain (ANC) aux \u00e9lections l\u00e9gislatives, le pr\u00e9sident sud-africain Cyril Ramaphosa (photo) a pr\u00e9sent\u00e9 son nouveau gouvernement.<\/strong><\/p>\n<p>La liste d\u00e9voil\u00e9e dans la soir\u00e9e du mercredi 29 mai par M. Ramaphosa a livr\u00e9 peu de surprises, si ce n\u2019est sa taille r\u00e9duite et sa parit\u00e9 parfaite. Le nombre de ministres est pass\u00e9 de 36 \u00e0 28, dont la moiti\u00e9 ; des femmes.<\/p>\n<p>\u00abPour am\u00e9liorer la coh\u00e9rence, la coordination et l\u2019efficacit\u00e9, nous r\u00e9duisons le nombre de ministres de 36 \u00e0 28, car beaucoup de gens pensaient que notre gouvernement \u00e9tait ob\u00e8se.\u00bb, a d\u00e9clar\u00e9 M. <strong>Ramaphosa<\/strong> dans une allocution t\u00e9l\u00e9vis\u00e9e. \u00abPour la premi\u00e8re fois dans l\u2019histoire de notre pays, la moiti\u00e9 des ministres sont des femmes.\u00bb, a-t-il ajout\u00e9.<\/p>\n<p>Le pr\u00e9sident a maintenu en poste, le ministre des Finances Tito Mboweni, ainsi que son controvers\u00e9 vice-pr\u00e9sident David Mabuza, dont le nom a \u00e9t\u00e9 \u00e9voqu\u00e9 dans des affaires de corruption et de meurtres politiques.<\/p>\n<p>Le ministre des Entreprises publiques, Pravin Gordhan, lui aussi sous le coup d\u2019une enqu\u00eate de la part du protecteur des droits sud-africains, a \u00e9galement conserv\u00e9 son poste. Patricia de Lille, l\u2019ancienne maire de la ville du Cap, qui \u00e9tait membre du parti d\u2019opposition l\u2019Alliance D\u00e9mocratique il y a encore un an, a \u00e9t\u00e9 nomm\u00e9e ministre des Infrastructures.<\/p>\n<p>Depuis son arriv\u00e9e au pouvoir en f\u00e9vrier 2018, Cyril Ramaphosa promet r\u00e9guli\u00e8rement de tourner la page du r\u00e8gne de Jacob Zuma (2009-2018), terni par de nombreux scandales politico-financiers. L\u2019Alliance D\u00e9mocratique (DA) et les Combattants pour la libert\u00e9 \u00e9conomique (EFF), les deux principaux partis d\u2019opposition, estiment cependant qu\u2019il est difficile de croire aux promesses de M. Ramaphosa au regard de la reconduction de ministres dont les noms ont \u00e9t\u00e9 cit\u00e9s dans des affaires de corruption.<\/p>\n<p>Avec Agence Ecofin<\/p>\n","protected":false},"excerpt":{"rendered":"Environ trois semaines apr\u00e8s la victoire du congr\u00e8s national africain (ANC) aux \u00e9lections l\u00e9gislatives, le pr\u00e9sident sud-africain Cyril Ramaphosa (photo) a pr\u00e9sent\u00e9 son nouveau gouvernement. La liste d\u00e9voil\u00e9e dans la soir\u00e9e du mercredi 29 mai par M. Ramaphosa a livr\u00e9 peu de surprises, si ce n\u2019est sa taille r\u00e9duite et sa parit\u00e9 parfaite. Le nombre [...]","protected":false},"author":4,"featured_media":8211,"comment_status":"open","ping_status":"closed","sticky":false,"template":"","format":"standard","meta":{"content-type":"","jnews-multi-image_gallery":[],"jnews_single_post":{"override_template":"1","override":[{"template":"1","parallax":"1","layout":"right-sidebar","sidebar":"default-sidebar","second_sidebar":"default-sidebar","sticky_sidebar":"1","share_position":"top","share_float_style":"share-monocrhome","show_share_counter":"1","show_view_counter":"1","show_featured":"1","show_post_meta":"1","show_post_author":"1","show_post_author_image":"1","show_post_date":"1","post_date_format":"default","post_date_format_custom":"Y\/m\/d","show_post_category":"1","show_post_tag":"1","show_prev_next_post":"1","show_popup_post":"1","number_popup_post":"1","show_post_related":"1"}],"image_override":[{"single_post_thumbnail_size":"crop-500","single_post_gallery_size":"crop-500"}]},"jnews_primary_category":{"id":""},"jnews_override_bookmark_settings":[],"jnews_review":[],"enable_review":"","type":"","name":"","summary":"","brand":"","sku":"","good":[],"bad":[],"score_override":"","override_value":"","rating":[],"price":[],"jnews_post_split":[],"footnotes":""},"categories":[2],"tags":[268,1682,3103],"class_list":["post-8210","post","type-post","status-publish","format-standard","has-post-thumbnail","hentry","category-news-politique","tag-afrique-du-sud","tag-gouvernement","tag-ramaphosa"],"_links":{"self":[{"href":"https:\/\/www.africanchallenges.com\/index.php?rest_route=\/wp\/v2\/posts\/8210","targetHints":{"allow":["GET"]}}],"collection":[{"href":"https:\/\/www.africanchallenges.com\/index.php?rest_route=\/wp\/v2\/posts"}],"about":[{"href":"https:\/\/www.africanchallenges.com\/index.php?rest_route=\/wp\/v2\/types\/post"}],"author":[{"embeddable":true,"href":"https:\/\/www.africanchallenges.com\/index.php?rest_route=\/wp\/v2\/users\/4"}],"replies":[{"embeddable":true,"href":"https:\/\/www.africanchallenges.com\/index.php?rest_route=%2Fwp%2Fv2%2Fcomments&post=8210"}],"version-history":[{"count":1,"href":"https:\/\/www.africanchallenges.com\/index.php?rest_route=\/wp\/v2\/posts\/8210\/revisions"}],"predecessor-version":[{"id":8212,"href":"https:\/\/www.africanchallenges.com\/index.php?rest_route=\/wp\/v2\/posts\/8210\/revisions\/8212"}],"wp:featuredmedia":[{"embeddable":true,"href":"https:\/\/www.africanchallenges.com\/index.php?rest_route=\/wp\/v2\/media\/8211"}],"wp:attachment":[{"href":"https:\/\/www.africanchallenges.com\/index.php?rest_route=%2Fwp%2Fv2%2Fmedia&parent=8210"}],"wp:term":[{"taxonomy":"category","embeddable":true,"href":"https:\/\/www.africanchallenges.com\/index.php?rest_route=%2Fwp%2Fv2%2Fcategories&post=8210"},{"taxonomy":"post_tag","embeddable":true,"href":"https:\/\/www.africanchallenges.com\/index.php?rest_route=%2Fwp%2Fv2%2Ftags&post=8210"}],"curies":[{"name":"wp","href":"https:\/\/api.w.org\/{rel}","templated":true}]}}