{"id":7610,"date":"2019-05-02T22:49:29","date_gmt":"2019-05-02T22:49:29","guid":{"rendered":"http:\/\/www.africanchallenges.com\/?p=7610"},"modified":"2019-05-02T22:50:51","modified_gmt":"2019-05-02T22:50:51","slug":"tunisie-programme-de-la-trente-septieme-edition-du-festival-de-la-medina-du-10-au-31-mai","status":"publish","type":"post","link":"https:\/\/www.africanchallenges.com\/?p=7610","title":{"rendered":"Tunisie : programme de la trente-septi\u00e8me \u00e9dition du Festival de la m\u00e9dina du 10 au 31 mai"},"content":{"rendered":"\n<p><strong>Lors d\u2019une conf\u00e9rence de presse \u00a0qui s\u2019\u2018est tenue, ce jeudi le 02 mai 2019 , le comit\u00e9 d\u2019organisation de la trente-septi\u00e8me \u00e9dition du Festival de la m\u00e9dina a pr\u00e9sent\u00e9 le programme.<\/strong><\/p>\n<p>Le coup d\u2019envoi de cette \u00e9dition du Festival de la m\u00e9dina aura lieu le vendredi 10 mai \u00e0 la Cit\u00e9 de la culture avec le spectacle musical \u00ab\u00a0Lella\u00a0\u00bb de la grande Amina Srarfi.<\/p>\n<p>Cette \u00e9dition du festival proposera deux autres soir\u00e9es \u00e0 la Cit\u00e9 de la culture, avec Lotfi Bouchnak et les Syriens de la formation de Salatin Ettarab.<\/p>\n<p>Le festival investira plusieurs espaces dont le Th\u00e9\u00e2tre municipal de Tunis ainsi que Dar Lasram et Dar Hussein.<\/p>\n<p>Seize soir\u00e9es sont au programme du festival qui s\u2019ach\u00e8vera \u00e0 Dar Hussein le 31 mai avec un r\u00e9cital de luth de Ragheb Ouergli.<\/p>\n<h1><span style=\"color: #ff6600;\"><em><strong>Programme<\/strong><\/em><\/span><\/h1>\n<ul>\n<li>10 mai : \u00ab\u00a0Lella\u00a0\u00bb d\u2019Amina Srarfi \u00e0 la Cit\u00e9 de la culture<\/li>\n<li>11 mai : Soir\u00e9e Tarab avec Dorra Bchir \u00e0 Dar Lasram<\/li>\n<li>12 mai : Soir\u00e9e musicale avec Najoua Arfaoui \u00e0 Dar Lasram<\/li>\n<li>13 mai : Soir\u00e9e musicale avec l\u2019orchestre de Fethi Zghonda \u00e0 Dar Lasram<\/li>\n<li>14 mai : Soir\u00e9e musicale avec Riadh Bouraoui \u00e0 Dar Lasram<\/li>\n<li>15 mai : Soir\u00e9e tarab avec Hela Malki au Th\u00e9\u00e2tre municipal<\/li>\n<li>16 mai : Kharja (De Sidi Ben Arous au palais Khereddine)<\/li>\n<li>18 mai : Soir\u00e9e malouf et chanson tunisienne \u00e0Dar Hussein<\/li>\n<li>19 mai : Caf\u00e9 Chantant \u00ab\u00a0My spectacle\u00a0\u00bb de Mongia Yahia \u00e0 Bab Souika<\/li>\n<li>20 mai : Orchestre de cuivres \u2018Brass min Nhass\u00a0\u00bb \u00e0 Dar Hussein<\/li>\n<li>21 mai : Soir\u00e9e musicale avec Nadi El Assil \u00e0 Dar Hussein<\/li>\n<li>22 mai : Salatin Ettarab (Syrie) \u00e0 la Cit\u00e9 de la culture<\/li>\n<li>23 mai : Soir\u00e9e musicale avec Zine Haddad Dar Hussein<\/li>\n<li>25 mai : Soir\u00e9e avec Lotfi Bouchnak \u00e0 la Cit\u00e9 de la culture<\/li>\n<li>26 mai : Soir\u00e9e avec Leila Hjaiej au Th\u00e9\u00e2tre municipal<\/li>\n<li>29 mai : Soir\u00e9e avec Zohra Lajnef au Th\u00e9\u00e2tre municipal<\/li>\n<li>31 mai : Soir\u00e9e Luth avec Ragheb Ouergli \u00e0 Dar Hussein<\/li>\n<\/ul>\n<p>\u00a0<\/p>\n","protected":false},"excerpt":{"rendered":"Lors d\u2019une conf\u00e9rence de presse \u00a0qui s\u2019\u2018est tenue, ce jeudi le 02 mai 2019 , le comit\u00e9 d\u2019organisation de la trente-septi\u00e8me \u00e9dition du Festival de la m\u00e9dina a pr\u00e9sent\u00e9 le programme. Le coup d\u2019envoi de cette \u00e9dition du Festival de la m\u00e9dina aura lieu le vendredi 10 mai \u00e0 la Cit\u00e9 de la culture avec [...]","protected":false},"author":3,"featured_media":7612,"comment_status":"open","ping_status":"closed","sticky":false,"template":"","format":"standard","meta":{"content-type":"","jnews-multi-image_gallery":[],"jnews_single_post":{"override":[{"template":"1","parallax":"1","layout":"right-sidebar","sidebar":"default-sidebar","second_sidebar":"default-sidebar","sticky_sidebar":"1","share_position":"top","share_float_style":"share-monocrhome","show_share_counter":"1","show_view_counter":"1","show_featured":"1","show_post_meta":"1","show_post_author":"1","show_post_author_image":"1","show_post_date":"1","post_date_format":"default","post_date_format_custom":"Y\/m\/d","show_post_category":"1","show_post_tag":"1","show_prev_next_post":"1","show_popup_post":"1","number_popup_post":"1","show_post_related":"1"}],"image_override":[{"single_post_thumbnail_size":"crop-500","single_post_gallery_size":"crop-500"}]},"jnews_primary_category":{"id":""},"jnews_override_bookmark_settings":[],"jnews_review":[],"enable_review":"","type":"","name":"","summary":"","brand":"","sku":"","good":[],"bad":[],"score_override":"","override_value":"","rating":[],"price":[],"jnews_post_split":[],"footnotes":""},"categories":[17,7],"tags":[2926,65,54],"class_list":["post-7610","post","type-post","status-publish","format-standard","has-post-thumbnail","hentry","category-entertainment","category-lifestyle","tag-festival-de-la-medina","tag-programme","tag-tunisie"],"_links":{"self":[{"href":"https:\/\/www.africanchallenges.com\/index.php?rest_route=\/wp\/v2\/posts\/7610","targetHints":{"allow":["GET"]}}],"collection":[{"href":"https:\/\/www.africanchallenges.com\/index.php?rest_route=\/wp\/v2\/posts"}],"about":[{"href":"https:\/\/www.africanchallenges.com\/index.php?rest_route=\/wp\/v2\/types\/post"}],"author":[{"embeddable":true,"href":"https:\/\/www.africanchallenges.com\/index.php?rest_route=\/wp\/v2\/users\/3"}],"replies":[{"embeddable":true,"href":"https:\/\/www.africanchallenges.com\/index.php?rest_route=%2Fwp%2Fv2%2Fcomments&post=7610"}],"version-history":[{"count":3,"href":"https:\/\/www.africanchallenges.com\/index.php?rest_route=\/wp\/v2\/posts\/7610\/revisions"}],"predecessor-version":[{"id":7614,"href":"https:\/\/www.africanchallenges.com\/index.php?rest_route=\/wp\/v2\/posts\/7610\/revisions\/7614"}],"wp:featuredmedia":[{"embeddable":true,"href":"https:\/\/www.africanchallenges.com\/index.php?rest_route=\/wp\/v2\/media\/7612"}],"wp:attachment":[{"href":"https:\/\/www.africanchallenges.com\/index.php?rest_route=%2Fwp%2Fv2%2Fmedia&parent=7610"}],"wp:term":[{"taxonomy":"category","embeddable":true,"href":"https:\/\/www.africanchallenges.com\/index.php?rest_route=%2Fwp%2Fv2%2Fcategories&post=7610"},{"taxonomy":"post_tag","embeddable":true,"href":"https:\/\/www.africanchallenges.com\/index.php?rest_route=%2Fwp%2Fv2%2Ftags&post=7610"}],"curies":[{"name":"wp","href":"https:\/\/api.w.org\/{rel}","templated":true}]}}