{"id":75781,"date":"2026-09-03T20:13:50","date_gmt":"2026-09-03T19:13:50","guid":{"rendered":"https:\/\/www.africanchallenges.com\/?p=75781"},"modified":"2026-09-03T20:15:41","modified_gmt":"2026-09-03T19:15:41","slug":"dewi-van-de-weerd-nouvelle-ambassadrice-neerlandaise-a-tunis","status":"publish","type":"post","link":"https:\/\/www.africanchallenges.com\/?p=75781","title":{"rendered":"Dewi van de Weerd, nouvelle ambassadrice n\u00e9erlandaise \u00e0 Tunis"},"content":{"rendered":"\n<p class=\"wp-block-paragraph\"><br> La diplomate n\u00e9erlandaise Dewi van de Weerd a officiellement pris ses fonctions en Tunisie \u00e0 la fin du mois d\u2019ao\u00fbt 2026, entamant une nouvelle mission diplomatique plac\u00e9e sous le signe du dialogue et du renforcement des relations entre Tunis et La Haye.<\/p>\n\n\n\n<p class=\"wp-block-paragraph\">Sp\u00e9cialiste de la coop\u00e9ration culturelle internationale, Dewi van de Weerd repr\u00e9sente d\u00e9sormais le Royaume des Pays-Bas en Tunisie en qualit\u00e9 d\u2019ambassadrice. Son arriv\u00e9e intervient dans un contexte marqu\u00e9 par la volont\u00e9 des deux pays de consolider leur partenariat et d\u2019explorer de nouvelles perspectives de coop\u00e9ration.<\/p>\n\n\n\n<p class=\"wp-block-paragraph\">Une premi\u00e8re \u00e9tape officielle de sa mission a \u00e9t\u00e9 franchie mercredi 2 septembre 2026, lorsque la nouvelle ambassadrice a pr\u00e9sent\u00e9 les copies figur\u00e9es de ses lettres de cr\u00e9ance \u00e0 M. Mohamed Ali Nafti, ministre des Affaires \u00e9trang\u00e8res, de la Migration et des Tunisiens \u00e0 l\u2019\u00e9tranger.<\/p>\n\n\n\n<p class=\"wp-block-paragraph\">Cette d\u00e9marche protocolaire marque le d\u00e9but officiel de sa mission diplomatique en Tunisie. Elle traduit \u00e9galement la volont\u00e9 de poursuivre et d\u2019approfondir les relations bilat\u00e9rales entre les deux pays, \u00e0 travers un dialogue r\u00e9gulier et une coop\u00e9ration fond\u00e9e sur des int\u00e9r\u00eats communs.<\/p>\n\n\n\n<p class=\"wp-block-paragraph\"><strong>Une diplomate tourn\u00e9e vers la coop\u00e9ration culturelle<br><\/strong><\/p>\n\n\n\n<p class=\"wp-block-paragraph\">Dewi van de Weerd est une diplomate sp\u00e9cialis\u00e9e dans les questions li\u00e9es \u00e0 la coop\u00e9ration culturelle internationale. Son parcours l\u2019a amen\u00e9e \u00e0 travailler sur les relations culturelles et la coop\u00e9ration internationale, un domaine qui pourrait constituer l\u2019un des axes de sa mission en Tunisie.<\/p>\n\n\n\n<p class=\"wp-block-paragraph\">Sa nomination intervient alors que les relations tuniso-n\u00e9erlandaises couvrent plusieurs domaines, allant de la coop\u00e9ration \u00e9conomique et commerciale aux questions li\u00e9es au d\u00e9veloppement durable, \u00e0 l\u2019agriculture, \u00e0 l\u2019eau, \u00e0 l\u2019innovation et aux \u00e9changes culturels.<\/p>\n\n\n\n<p class=\"wp-block-paragraph\">La nouvelle ambassadrice devrait ainsi contribuer \u00e0 donner un nouvel \u00e9lan \u00e0 ces diff\u00e9rents volets de la coop\u00e9ration bilat\u00e9rale, tout en favorisant les \u00e9changes entre institutions, entreprises, acteurs culturels et organisations de la soci\u00e9t\u00e9 civile des deux pays.<\/p>\n\n\n\n<p class=\"wp-block-paragraph\"><strong>Renforcer un partenariat d\u00e9j\u00e0 diversifi\u00e9<br><\/strong><\/p>\n\n\n\n<p class=\"wp-block-paragraph\">La Tunisie et les Pays-Bas entretiennent depuis plusieurs d\u00e9cennies des relations diplomatiques caract\u00e9ris\u00e9es par une coop\u00e9ration diversifi\u00e9e. Les deux pays ont d\u00e9velopp\u00e9 des partenariats dans plusieurs secteurs d\u2019int\u00e9r\u00eat commun, notamment l\u2019\u00e9conomie, l\u2019investissement, la gestion de l\u2019eau, l\u2019agriculture et les \u00e9nergies renouvelables.<\/p>\n\n\n\n<p class=\"wp-block-paragraph\">La coop\u00e9ration n\u00e9erlandaise s\u2019inscrit \u00e9galement dans une dynamique euro-m\u00e9diterran\u00e9enne, les Pays-Bas comptant parmi les partenaires europ\u00e9ens de la Tunisie.<\/p>\n\n\n\n<p class=\"wp-block-paragraph\">Le d\u00e9but de mandat de Dewi van de Weerd intervient ainsi avec l\u2019ambition affich\u00e9e de poursuivre et d\u2019approfondir le partenariat tuniso-n\u00e9erlandais, en privil\u00e9giant le dialogue et la recherche de nouvelles opportunit\u00e9s de coop\u00e9ration.<\/p>\n\n\n\n<p class=\"wp-block-paragraph\">\u00c0 travers cette nouvelle mission, les deux pays entendent consolider les acquis de leur coop\u00e9ration et ouvrir de nouvelles perspectives pour les ann\u00e9es \u00e0 venir, dans un esprit de partenariat et autour d\u2019une ambition partag\u00e9e.<\/p>\n\n\n\n<p class=\"wp-block-paragraph\"><\/p>\n","protected":false},"excerpt":{"rendered":"<p>La diplomate n\u00e9erlandaise Dewi van de Weerd a officiellement pris ses fonctions en Tunisie \u00e0 la fin du mois d\u2019ao\u00fbt 2026, entamant une nouvelle mission diplomatique plac\u00e9e sous le signe du dialogue et du renforcement des relations entre Tunis et La Haye. Sp\u00e9cialiste de la coop\u00e9ration culturelle internationale, Dewi van de Weerd repr\u00e9sente d\u00e9sormais le [&hellip;]<\/p>\n","protected":false},"author":3,"featured_media":75783,"comment_status":"open","ping_status":"closed","sticky":false,"template":"","format":"standard","meta":{"content-type":"","jnews-multi-image_gallery":[],"jnews_single_post":{"format":"standard"},"jnews_primary_category":[],"jnews_override_bookmark_settings":[],"jnews_review":[],"enable_review":"","type":"","name":"","summary":"","brand":"","sku":"","good":[],"bad":[],"score_override":"","override_value":"","rating":[],"price":[],"jnews_post_split":[],"footnotes":""},"categories":[2,1],"tags":[19254,54],"class_list":["post-75781","post","type-post","status-publish","format-standard","has-post-thumbnail","hentry","category-news-politique","category-uncategorized","tag-dewi-van-de-weerd","tag-tunisie"],"_links":{"self":[{"href":"https:\/\/www.africanchallenges.com\/index.php?rest_route=\/wp\/v2\/posts\/75781","targetHints":{"allow":["GET"]}}],"collection":[{"href":"https:\/\/www.africanchallenges.com\/index.php?rest_route=\/wp\/v2\/posts"}],"about":[{"href":"https:\/\/www.africanchallenges.com\/index.php?rest_route=\/wp\/v2\/types\/post"}],"author":[{"embeddable":true,"href":"https:\/\/www.africanchallenges.com\/index.php?rest_route=\/wp\/v2\/users\/3"}],"replies":[{"embeddable":true,"href":"https:\/\/www.africanchallenges.com\/index.php?rest_route=%2Fwp%2Fv2%2Fcomments&post=75781"}],"version-history":[{"count":1,"href":"https:\/\/www.africanchallenges.com\/index.php?rest_route=\/wp\/v2\/posts\/75781\/revisions"}],"predecessor-version":[{"id":75784,"href":"https:\/\/www.africanchallenges.com\/index.php?rest_route=\/wp\/v2\/posts\/75781\/revisions\/75784"}],"wp:featuredmedia":[{"embeddable":true,"href":"https:\/\/www.africanchallenges.com\/index.php?rest_route=\/wp\/v2\/media\/75783"}],"wp:attachment":[{"href":"https:\/\/www.africanchallenges.com\/index.php?rest_route=%2Fwp%2Fv2%2Fmedia&parent=75781"}],"wp:term":[{"taxonomy":"category","embeddable":true,"href":"https:\/\/www.africanchallenges.com\/index.php?rest_route=%2Fwp%2Fv2%2Fcategories&post=75781"},{"taxonomy":"post_tag","embeddable":true,"href":"https:\/\/www.africanchallenges.com\/index.php?rest_route=%2Fwp%2Fv2%2Ftags&post=75781"}],"curies":[{"name":"wp","href":"https:\/\/api.w.org\/{rel}","templated":true}]}}