{"id":75777,"date":"2026-09-03T19:43:08","date_gmt":"2026-09-03T18:43:08","guid":{"rendered":"https:\/\/www.africanchallenges.com\/?p=75777"},"modified":"2026-09-03T19:43:09","modified_gmt":"2026-09-03T18:43:09","slug":"textile-habillement-146-000-emplois-et-9-milliards-de-dinars-dexportations","status":"publish","type":"post","link":"https:\/\/www.africanchallenges.com\/?p=75777","title":{"rendered":"Textile-habillement : 146 000 emplois et 9 milliards de dinars d\u2019exportations"},"content":{"rendered":"\n<p class=\"wp-block-paragraph\">Le ministre de l\u2019\u00c9quipement et de l\u2019Habitat, charg\u00e9 de la gestion du minist\u00e8re de l\u2019Industrie, des Mines et de l\u2019\u00c9nergie, M. Salah Zouari, a pr\u00e9sid\u00e9, jeudi 3 septembre \u00e0 Tunis, l\u2019ouverture des travaux d\u2019une conf\u00e9rence internationale consacr\u00e9e au secteur du textile et de l\u2019habillement, plac\u00e9e sous le th\u00e8me : \u00ab Construire une cha\u00eene de valeur textile euro-m\u00e9diterran\u00e9enne plus r\u00e9siliente, comp\u00e9titive et durable \u00bb.<\/p>\n\n\n\n<p class=\"wp-block-paragraph\">La conf\u00e9rence s\u2019est d\u00e9roul\u00e9e en pr\u00e9sence notamment de l\u2019ambassadeur de l\u2019Union europ\u00e9enne en Tunisie, M. Giuseppe Perrone, des ambassadeurs d\u2019Allemagne, d\u2019Italie, des Pays-Bas et de Suisse, ainsi que du pr\u00e9sident de l\u2019European Textile and Apparel Confederation, M. Mario Jorge Machado, et du pr\u00e9sident de la F\u00e9d\u00e9ration tunisienne du textile et de l\u2019habillement, M. Haitham Bouajila.<\/p>\n\n\n\n<p class=\"wp-block-paragraph\">Dans son allocution, M. Salah Zouari a soulign\u00e9 l\u2019importance strat\u00e9gique du secteur du textile et de l\u2019habillement dans la consolidation des \u00e9quilibres \u00e9conomiques et sociaux du pays, ainsi que dans le d\u00e9veloppement des exportations, de l\u2019investissement et de l\u2019emploi.<\/p>\n\n\n\n<p class=\"wp-block-paragraph\">Le ministre a \u00e9galement relev\u00e9 que le secteur a d\u00e9montr\u00e9, au cours des derni\u00e8res ann\u00e9es, une forte capacit\u00e9 de r\u00e9silience, malgr\u00e9 les profondes mutations ayant marqu\u00e9 les march\u00e9s internationaux.<\/p>\n\n\n\n<p class=\"wp-block-paragraph\">Il a pr\u00e9cis\u00e9 que le textile et l\u2019habillement occupent la deuxi\u00e8me position parmi les industries manufacturi\u00e8res exportatrices, apr\u00e8s les industries m\u00e9caniques et \u00e9lectriques, repr\u00e9sentant 16 % du total des exportations de ces industries. Les exportations du secteur ont, par ailleurs, d\u00e9pass\u00e9 les 9 milliards de dinars \u00e0 fin 2025, atteignant 9 069 millions de dinars, avec un taux de couverture de 127 %.<\/p>\n\n\n\n<p class=\"wp-block-paragraph\">Le secteur compte aujourd\u2019hui plus de 1 400 entreprises industrielles et assure environ 146 000 emplois, confirmant ainsi son r\u00f4le majeur dans le tissu industriel et \u00e9conomique national.<\/p>\n\n\n\n<p class=\"wp-block-paragraph\">M. Salah Zouari a, en outre, mis en avant les atouts dont dispose la Tunisie, notamment une base industrielle d\u00e9velopp\u00e9e, des ressources humaines qualifi\u00e9es et une longue exp\u00e9rience dans le domaine du textile. Il a soulign\u00e9 la volont\u00e9 du pays de favoriser la cr\u00e9ation d\u2019une forte valeur ajout\u00e9e dans des domaines porteurs, tels que le textile technique, les technologies propres et la digitalisation, tout en renfor\u00e7ant sa capacit\u00e9 \u00e0 r\u00e9pondre aux exigences du march\u00e9 europ\u00e9en et \u00e0 se positionner sur de nouveaux march\u00e9s.<\/p>\n\n\n\n<p class=\"wp-block-paragraph\">Dans ce cadre, le ministre a indiqu\u00e9 que les services du minist\u00e8re \u0153uvrent, conform\u00e9ment aux grandes orientations de la Strat\u00e9gie nationale de l\u2019industrie et de l\u2019innovation, \u00e0 mettre \u00e0 la disposition des entreprises les m\u00e9canismes n\u00e9cessaires de soutien et d\u2019accompagnement.<\/p>\n\n\n\n<p class=\"wp-block-paragraph\">Ces dispositifs comprennent notamment le Programme de mise \u00e0 niveau industrielle, les investissements technologiques prioritaires, les programmes de restructuration financi\u00e8re, ainsi que d\u2019autres m\u00e9canismes destin\u00e9s \u00e0 accompagner les entreprises dans la modernisation de leurs \u00e9quipements, l\u2019am\u00e9lioration de leur productivit\u00e9 et le renforcement de leur comp\u00e9titivit\u00e9.<\/p>\n\n\n\n<p class=\"wp-block-paragraph\">Cette conf\u00e9rence internationale constitue ainsi une occasion de renforcer le dialogue et la coop\u00e9ration entre les diff\u00e9rents acteurs du secteur, en vue de consolider les cha\u00eenes de valeur euro-m\u00e9diterran\u00e9ennes du textile et de l\u2019habillement et de favoriser leur d\u00e9veloppement sur des bases plus r\u00e9silientes, comp\u00e9titives et durables.<\/p>\n\n\n\n<p class=\"wp-block-paragraph\"><\/p>\n","protected":false},"excerpt":{"rendered":"<p>Le ministre de l\u2019\u00c9quipement et de l\u2019Habitat, charg\u00e9 de la gestion du minist\u00e8re de l\u2019Industrie, des Mines et de l\u2019\u00c9nergie, M. Salah Zouari, a pr\u00e9sid\u00e9, jeudi 3 septembre \u00e0 Tunis, l\u2019ouverture des travaux d\u2019une conf\u00e9rence internationale consacr\u00e9e au secteur du textile et de l\u2019habillement, plac\u00e9e sous le th\u00e8me : \u00ab Construire une cha\u00eene de valeur [&hellip;]<\/p>\n","protected":false},"author":4,"featured_media":75778,"comment_status":"open","ping_status":"closed","sticky":false,"template":"","format":"standard","meta":{"content-type":"","jnews-multi-image_gallery":[],"jnews_single_post":{"format":"standard"},"jnews_primary_category":[],"jnews_override_bookmark_settings":[],"jnews_review":[],"enable_review":"","type":"","name":"","summary":"","brand":"","sku":"","good":[],"bad":[],"score_override":"","override_value":"","rating":[],"price":[],"jnews_post_split":[],"footnotes":""},"categories":[43,73],"tags":[10009,19253,14663],"class_list":["post-75777","post","type-post","status-publish","format-standard","has-post-thumbnail","hentry","category-eco-business","category-eco","tag-exportations","tag-habillement","tag-textile"],"_links":{"self":[{"href":"https:\/\/www.africanchallenges.com\/index.php?rest_route=\/wp\/v2\/posts\/75777","targetHints":{"allow":["GET"]}}],"collection":[{"href":"https:\/\/www.africanchallenges.com\/index.php?rest_route=\/wp\/v2\/posts"}],"about":[{"href":"https:\/\/www.africanchallenges.com\/index.php?rest_route=\/wp\/v2\/types\/post"}],"author":[{"embeddable":true,"href":"https:\/\/www.africanchallenges.com\/index.php?rest_route=\/wp\/v2\/users\/4"}],"replies":[{"embeddable":true,"href":"https:\/\/www.africanchallenges.com\/index.php?rest_route=%2Fwp%2Fv2%2Fcomments&post=75777"}],"version-history":[{"count":1,"href":"https:\/\/www.africanchallenges.com\/index.php?rest_route=\/wp\/v2\/posts\/75777\/revisions"}],"predecessor-version":[{"id":75779,"href":"https:\/\/www.africanchallenges.com\/index.php?rest_route=\/wp\/v2\/posts\/75777\/revisions\/75779"}],"wp:featuredmedia":[{"embeddable":true,"href":"https:\/\/www.africanchallenges.com\/index.php?rest_route=\/wp\/v2\/media\/75778"}],"wp:attachment":[{"href":"https:\/\/www.africanchallenges.com\/index.php?rest_route=%2Fwp%2Fv2%2Fmedia&parent=75777"}],"wp:term":[{"taxonomy":"category","embeddable":true,"href":"https:\/\/www.africanchallenges.com\/index.php?rest_route=%2Fwp%2Fv2%2Fcategories&post=75777"},{"taxonomy":"post_tag","embeddable":true,"href":"https:\/\/www.africanchallenges.com\/index.php?rest_route=%2Fwp%2Fv2%2Ftags&post=75777"}],"curies":[{"name":"wp","href":"https:\/\/api.w.org\/{rel}","templated":true}]}}