{"id":75776,"date":"2026-09-03T19:53:39","date_gmt":"2026-09-03T18:53:39","guid":{"rendered":"https:\/\/www.africanchallenges.com\/?p=75776"},"modified":"2026-09-03T20:11:08","modified_gmt":"2026-09-03T19:11:08","slug":"back-to-school-une-premiere-journee-reussie-a-lutica","status":"publish","type":"post","link":"https:\/\/www.africanchallenges.com\/?p=75776","title":{"rendered":"\u00ab Back to School \u00bb : une premi\u00e8re journ\u00e9e r\u00e9ussie \u00e0 l&rsquo;UTICA"},"content":{"rendered":"\n<p class=\"wp-block-paragraph\">La premi\u00e8re \u00e9dition du Salon \u00e9ducatif et commercial \u00ab Back to School \u00bb a ouvert ses portes ce mercredi 2 septembre au si\u00e8ge de l&rsquo;UTICA \u00e0 Tunis, pour une premi\u00e8re journ\u00e9e plac\u00e9e sous le signe des rencontres, des \u00e9changes et des d\u00e9couvertes autour de la rentr\u00e9e scolaire. Un lancement r\u00e9ussi pour cette manifestation in\u00e9dite, qui a rassembl\u00e9 d\u00e8s ce premier jour familles tunisiennes, acteurs \u00e9ducatifs, professionnels, entreprises et intervenants de l&rsquo;\u00e9cosyst\u00e8me \u00e9ducatif.<\/p>\n\n\n\n<p class=\"wp-block-paragraph\">Pour cette journ\u00e9e d&rsquo;ouverture, \u00ab Back to School \u00bb a r\u00e9uni <strong>plus que 60 exposants et marques<\/strong>, confirmant d\u00e8s son lancement l&rsquo;int\u00e9r\u00eat des familles tunisiennes pour un rendez-vous pens\u00e9 comme un v\u00e9ritable carrefour d&rsquo;innovation, d&rsquo;opportunit\u00e9s et d&rsquo;\u00e9changes autour de la rentr\u00e9e. Le salon se poursuit jusqu&rsquo;au 5 septembre au si\u00e8ge de l&rsquo;UTICA.<\/p>\n\n\n\n<p class=\"wp-block-paragraph\"><strong>Une offre d\u00e9j\u00e0 pl\u00e9biscit\u00e9e par les familles<\/strong><\/p>\n\n\n\n<p class=\"wp-block-paragraph\">D\u00e8s cette premi\u00e8re journ\u00e9e, les visiteurs ont pu d\u00e9couvrir un univers complet con\u00e7u autour des besoins de l&rsquo;enfant, de l&rsquo;\u00e9l\u00e8ve et de sa famille : fournitures scolaires, livres et jeux \u00e9ducatifs, solutions EdTech et plateformes d&rsquo;e-learning, nouvelles technologies, centres de soutien scolaire et de langues, sans oublier le volet d\u00e9di\u00e9 au coaching parental et \u00e0 l&rsquo;accompagnement des enfants, ainsi que la nutrition, l&rsquo;am\u00e9nagement et le lifestyle.<\/p>\n\n\n\n<p class=\"wp-block-paragraph\"><strong>Un espace de r\u00e9flexion d\u00e9j\u00e0 suivi<\/strong><\/p>\n\n\n\n<p class=\"wp-block-paragraph\">Au-del\u00e0 de sa dimension commerciale, le salon propose sur ses quatre jours un programme de panels et de workshops consacr\u00e9 aux grands enjeux de l&rsquo;\u00e9ducation : lutte contre la violence en milieu scolaire, \u00e9cole de demain et num\u00e9rique, lecture et cr\u00e9ativit\u00e9, bien-\u00eatre \u00e0 l&rsquo;\u00e9cole, gestion de la transition et des d\u00e9fis li\u00e9s \u00e0 la rentr\u00e9e.<strong><\/strong><\/p>\n\n\n\n<p class=\"wp-block-paragraph\">A cette occasion, Mme Aycha Ennigrou, Directrice de l&rsquo;\u00e9v\u00e9nement \u00ab Back to School \u00bb a d\u00e9clar\u00e9:<\/p>\n\n\n\n<p class=\"wp-block-paragraph\"><em>\u00ab Cette premi\u00e8re journ\u00e9e a d\u00e9pass\u00e9 nos attentes. Nous voulions cr\u00e9er un rendez-vous utile pour les familles tunisiennes, \u00e0 la crois\u00e9e du commerce et de la r\u00e9flexion sur l&rsquo;\u00e9ducation \u2014 l&rsquo;accueil du public d\u00e8s ce premier jour confirme que ce besoin \u00e9tait bien r\u00e9el. Nous avons h\u00e2te de poursuivre sur cette lanc\u00e9e jusqu&rsquo;au 5 septembre. \u00bb<\/em><\/p>\n\n\n\n<p class=\"wp-block-paragraph\"><strong>Une dynamique nationale amorc\u00e9e<\/strong><\/p>\n\n\n\n<p class=\"wp-block-paragraph\">Fort de ce lancement, \u00ab Back to School \u00bb confirme son ambition de devenir un rendez-vous annuel incontournable de la rentr\u00e9e scolaire en Tunisie. L&rsquo;\u00e9v\u00e9nement s&rsquo;inscrit dans une dynamique de proximit\u00e9 avec les familles.<\/p>\n\n\n\n<p class=\"wp-block-paragraph\"><strong>Rendez-vous jusqu&rsquo;au 5 septembre<\/strong><\/p>\n\n\n\n<p class=\"wp-block-paragraph\">Fid\u00e8le \u00e0 sa vocation de croiser commerce, \u00e9ducation, innovation et lifestyle, \u00ab Back to School \u00bb invite les familles tunisiennes \u00e0 poursuivre la d\u00e9couverte du salon jusqu&rsquo;au 5 septembre, au si\u00e8ge de l&rsquo;UTICA \u00e0 Tunis.<\/p>\n\n\n\n<p class=\"wp-block-paragraph\"><strong>Pour suivre l&rsquo;actualit\u00e9 de \u00ab Back to School \u00bb :<\/strong><\/p>\n\n\n\n<p class=\"wp-block-paragraph\">Site officiel : <a href=\"https:\/\/backtoschool.tn\">backtoschool.tn<\/a><\/p>\n\n\n\n<p class=\"wp-block-paragraph\">Facebook : <a href=\"https:\/\/www.facebook.com\/backschool.tn\/\">Back to School Tunisie<\/a><\/p>\n\n\n\n<p class=\"wp-block-paragraph\">Instagram : <a href=\"https:\/\/www.instagram.com\/backschool.tn\/\">@backschool.tn<\/a><\/p>\n","protected":false},"excerpt":{"rendered":"<p>La premi\u00e8re \u00e9dition du Salon \u00e9ducatif et commercial \u00ab Back to School \u00bb a ouvert ses portes ce mercredi 2 septembre au si\u00e8ge de l&rsquo;UTICA \u00e0 Tunis, pour une premi\u00e8re journ\u00e9e plac\u00e9e sous le signe des rencontres, des \u00e9changes et des d\u00e9couvertes autour de la rentr\u00e9e scolaire. Un lancement r\u00e9ussi pour cette manifestation in\u00e9dite, qui [&hellip;]<\/p>\n","protected":false},"author":4,"featured_media":75782,"comment_status":"open","ping_status":"closed","sticky":false,"template":"","format":"standard","meta":{"content-type":"","jnews-multi-image_gallery":[],"jnews_single_post":{"format":"standard"},"jnews_primary_category":[],"jnews_override_bookmark_settings":[],"jnews_review":[],"enable_review":"","type":"","name":"","summary":"","brand":"","sku":"","good":[],"bad":[],"score_override":"","override_value":"","rating":[],"price":[],"jnews_post_split":[],"footnotes":""},"categories":[5],"tags":[13052,1105],"class_list":["post-75776","post","type-post","status-publish","format-standard","has-post-thumbnail","hentry","category-edufor","tag-back-to-school","tag-utica"],"_links":{"self":[{"href":"https:\/\/www.africanchallenges.com\/index.php?rest_route=\/wp\/v2\/posts\/75776","targetHints":{"allow":["GET"]}}],"collection":[{"href":"https:\/\/www.africanchallenges.com\/index.php?rest_route=\/wp\/v2\/posts"}],"about":[{"href":"https:\/\/www.africanchallenges.com\/index.php?rest_route=\/wp\/v2\/types\/post"}],"author":[{"embeddable":true,"href":"https:\/\/www.africanchallenges.com\/index.php?rest_route=\/wp\/v2\/users\/4"}],"replies":[{"embeddable":true,"href":"https:\/\/www.africanchallenges.com\/index.php?rest_route=%2Fwp%2Fv2%2Fcomments&post=75776"}],"version-history":[{"count":1,"href":"https:\/\/www.africanchallenges.com\/index.php?rest_route=\/wp\/v2\/posts\/75776\/revisions"}],"predecessor-version":[{"id":75780,"href":"https:\/\/www.africanchallenges.com\/index.php?rest_route=\/wp\/v2\/posts\/75776\/revisions\/75780"}],"wp:featuredmedia":[{"embeddable":true,"href":"https:\/\/www.africanchallenges.com\/index.php?rest_route=\/wp\/v2\/media\/75782"}],"wp:attachment":[{"href":"https:\/\/www.africanchallenges.com\/index.php?rest_route=%2Fwp%2Fv2%2Fmedia&parent=75776"}],"wp:term":[{"taxonomy":"category","embeddable":true,"href":"https:\/\/www.africanchallenges.com\/index.php?rest_route=%2Fwp%2Fv2%2Fcategories&post=75776"},{"taxonomy":"post_tag","embeddable":true,"href":"https:\/\/www.africanchallenges.com\/index.php?rest_route=%2Fwp%2Fv2%2Ftags&post=75776"}],"curies":[{"name":"wp","href":"https:\/\/api.w.org\/{rel}","templated":true}]}}