{"id":75765,"date":"2026-09-01T13:42:24","date_gmt":"2026-09-01T12:42:24","guid":{"rendered":"https:\/\/www.africanchallenges.com\/?p=75765"},"modified":"2026-09-01T13:42:26","modified_gmt":"2026-09-01T12:42:26","slug":"cordoba-capitale-de-la-culture-et-du-dialogue-mediterraneens-en-2027","status":"publish","type":"post","link":"https:\/\/www.africanchallenges.com\/?p=75765","title":{"rendered":"Cordoba, capitale de la culture et du dialogue m\u00e9diterran\u00e9ens en 2027"},"content":{"rendered":"\n<p class=\"wp-block-paragraph\">Apr\u00e8s Sa\u00efda, au Liban, c\u2019est la ville andalouse de\u00a0<strong>Cordoba<\/strong> qui a \u00e9t\u00e9 choisie par l\u2019Union pour la M\u00e9diterran\u00e9e pour porter, en 2027, cette initiative d\u00e9di\u00e9e \u00e0 la culture et au dialogue entre les peuples de la r\u00e9gion.<\/p>\n\n\n\n<p class=\"wp-block-paragraph\">Plac\u00e9e sous le th\u00e8me&nbsp;<strong>\u00ab Une M\u00e9diterran\u00e9e \u00e9largie \u00bb<\/strong>, l\u2019initiative fera de plusieurs lieux embl\u00e9matiques de Cordoue de v\u00e9ritables espaces de rencontre et d\u2019expression. Musique, arts visuels, dialogue citoyen et projets port\u00e9s par les jeunes seront au c\u0153ur de cette programmation, tout en mettant en valeur le riche h\u00e9ritage andalou de la ville et le patrimoine commun qui unit les deux rives de la M\u00e9diterran\u00e9e.<\/p>\n\n\n\n<p class=\"wp-block-paragraph\">Cordoue et Sa\u00efda travailleront ainsi ensemble comme de v\u00e9ritables\u00a0<strong>laboratoires citoyens<\/strong>, favorisant les \u00e9changes, la compr\u00e9hension mutuelle et le dialogue interculturel.<\/p>\n\n\n\n<p class=\"wp-block-paragraph\">\u00a0<strong>En Tunisie, une nouvelle \u00e9tape se dessine d\u00e9j\u00e0 :<\/strong>\u00a0l\u2019appel officiel \u00e0 candidatures pour l\u2019\u00e9dition 2028 se cl\u00f4ture aujourd\u2019hui, 31 ao\u00fbt.<\/p>\n\n\n\n<p class=\"wp-block-paragraph\">Nous esp\u00e9rons voir la Tunisie porter \u00e0 son tour, dans les prochaines ann\u00e9es, une vision ouverte et vivante de la culture et du dialogue m\u00e9diterran\u00e9ens.<\/p>\n\n\n\n<p class=\"wp-block-paragraph\"><\/p>\n","protected":false},"excerpt":{"rendered":"<p>Apr\u00e8s Sa\u00efda, au Liban, c\u2019est la ville andalouse de\u00a0Cordoba qui a \u00e9t\u00e9 choisie par l\u2019Union pour la M\u00e9diterran\u00e9e pour porter, en 2027, cette initiative d\u00e9di\u00e9e \u00e0 la culture et au dialogue entre les peuples de la r\u00e9gion. Plac\u00e9e sous le th\u00e8me&nbsp;\u00ab Une M\u00e9diterran\u00e9e \u00e9largie \u00bb, l\u2019initiative fera de plusieurs lieux embl\u00e9matiques de Cordoue de v\u00e9ritables [&hellip;]<\/p>\n","protected":false},"author":4,"featured_media":75766,"comment_status":"open","ping_status":"closed","sticky":false,"template":"","format":"standard","meta":{"content-type":"","jnews-multi-image_gallery":[],"jnews_single_post":{"format":"standard"},"jnews_primary_category":[],"jnews_override_bookmark_settings":[],"jnews_review":[],"enable_review":"","type":"","name":"","summary":"","brand":"","sku":"","good":[],"bad":[],"score_override":"","override_value":"","rating":[],"price":[],"jnews_post_split":[],"footnotes":""},"categories":[17],"tags":[19248,9117,19249],"class_list":["post-75765","post","type-post","status-publish","format-standard","has-post-thumbnail","hentry","category-entertainment","tag-cortoba","tag-culture","tag-dialogue-mediterraneens"],"_links":{"self":[{"href":"https:\/\/www.africanchallenges.com\/index.php?rest_route=\/wp\/v2\/posts\/75765","targetHints":{"allow":["GET"]}}],"collection":[{"href":"https:\/\/www.africanchallenges.com\/index.php?rest_route=\/wp\/v2\/posts"}],"about":[{"href":"https:\/\/www.africanchallenges.com\/index.php?rest_route=\/wp\/v2\/types\/post"}],"author":[{"embeddable":true,"href":"https:\/\/www.africanchallenges.com\/index.php?rest_route=\/wp\/v2\/users\/4"}],"replies":[{"embeddable":true,"href":"https:\/\/www.africanchallenges.com\/index.php?rest_route=%2Fwp%2Fv2%2Fcomments&post=75765"}],"version-history":[{"count":1,"href":"https:\/\/www.africanchallenges.com\/index.php?rest_route=\/wp\/v2\/posts\/75765\/revisions"}],"predecessor-version":[{"id":75767,"href":"https:\/\/www.africanchallenges.com\/index.php?rest_route=\/wp\/v2\/posts\/75765\/revisions\/75767"}],"wp:featuredmedia":[{"embeddable":true,"href":"https:\/\/www.africanchallenges.com\/index.php?rest_route=\/wp\/v2\/media\/75766"}],"wp:attachment":[{"href":"https:\/\/www.africanchallenges.com\/index.php?rest_route=%2Fwp%2Fv2%2Fmedia&parent=75765"}],"wp:term":[{"taxonomy":"category","embeddable":true,"href":"https:\/\/www.africanchallenges.com\/index.php?rest_route=%2Fwp%2Fv2%2Fcategories&post=75765"},{"taxonomy":"post_tag","embeddable":true,"href":"https:\/\/www.africanchallenges.com\/index.php?rest_route=%2Fwp%2Fv2%2Ftags&post=75765"}],"curies":[{"name":"wp","href":"https:\/\/api.w.org\/{rel}","templated":true}]}}