{"id":75735,"date":"2026-08-31T19:36:05","date_gmt":"2026-08-31T18:36:05","guid":{"rendered":"https:\/\/www.africanchallenges.com\/?p=75735"},"modified":"2026-08-31T19:36:07","modified_gmt":"2026-08-31T18:36:07","slug":"grand-tunis-plus-de-3-millions-de-litres-deau-mobilises","status":"publish","type":"post","link":"https:\/\/www.africanchallenges.com\/?p=75735","title":{"rendered":"Grand Tunis : plus de 3 millions de litres d\u2019eau mobilis\u00e9s"},"content":{"rendered":"\n<p class=\"wp-block-paragraph\">Une r\u00e9union de travail s\u2019est tenue, le 28 ao\u00fbt 2026,  au si\u00e8ge de l\u2019Office national du thermalisme et de l\u2019hydroth\u00e9rapie, afin de mettre en place un plan d\u2019action pour renforcer l\u2019approvisionnement des grandes et moyennes surfaces du Grand Tunis en eau min\u00e9rale conditionn\u00e9e.<\/p>\n\n\n\n<p class=\"wp-block-paragraph\">La r\u00e9union, pr\u00e9sid\u00e9e par la directrice g\u00e9n\u00e9rale de l\u2019Office, a r\u00e9uni des repr\u00e9sentants de la Chambre nationale des fabricants de boissons, branche des eaux conditionn\u00e9es, relevant de l\u2019UTICA, ainsi que des producteurs d\u2019eau min\u00e9rale, des repr\u00e9sentants des services centraux et r\u00e9gionaux du minist\u00e8re du Commerce et du D\u00e9veloppement des exportations, la directrice des affaires \u00e9conomiques du gouvernorat de Tunis et des repr\u00e9sentants des principales enseignes commerciales.<\/p>\n\n\n\n<p class=\"wp-block-paragraph\">Cette rencontre fait suite \u00e0 une r\u00e9union tenue jeudi 27 ao\u00fbt au si\u00e8ge du gouvernorat de Tunis, sous la supervision du gouverneur de Tunis, Imed Youkhreis. \u00c0 cette occasion, un programme sp\u00e9cifique avait \u00e9t\u00e9 d\u00e9cid\u00e9 pour mobiliser les quantit\u00e9s n\u00e9cessaires d\u2019eau conditionn\u00e9e et assurer leur acheminement vers les grandes surfaces implant\u00e9es dans le Grand Tunis.<\/p>\n\n\n\n<p class=\"wp-block-paragraph\">Les participants ont soulign\u00e9 la n\u00e9cessit\u00e9 d\u2019une mobilisation collective de l\u2019ensemble des intervenants afin de r\u00e9tablir progressivement l\u2019\u00e9quilibre du march\u00e9, apr\u00e8s les perturbations enregistr\u00e9es ces derniers temps. Une attention particuli\u00e8re est accord\u00e9e aux grandes surfaces, tr\u00e8s fr\u00e9quent\u00e9es par les consommateurs en raison notamment de leurs prix plus avantageux, particuli\u00e8rement durant cette p\u00e9riode.<\/p>\n\n\n\n<p class=\"wp-block-paragraph\">Les producteurs ont ainsi \u00e9t\u00e9 appel\u00e9s \u00e0 participer activement \u00e0 ce programme et \u00e0 contribuer au r\u00e9tablissement de l\u2019approvisionnement. Il leur a notamment \u00e9t\u00e9 demand\u00e9 d\u2019augmenter les volumes destin\u00e9s aux grandes et moyennes surfaces et de leur accorder la priorit\u00e9 durant cette p\u00e9riode, en fonction des capacit\u00e9s de production de chaque unit\u00e9.<\/p>\n\n\n\n<p class=\"wp-block-paragraph\">\u00c0 l\u2019issue de la r\u00e9union, les diff\u00e9rents intervenants sont parvenus \u00e0 mobiliser plus de 3 millions de litres d\u2019eau conditionn\u00e9e sur une p\u00e9riode de quatre jours. Les unit\u00e9s de production ont \u00e9galement \u00e9t\u00e9 invit\u00e9es \u00e0 maintenir le m\u00eame rythme d\u2019approvisionnement afin de contribuer au retour \u00e0 une situation normale sur le march\u00e9.<\/p>\n\n\n\n<p class=\"wp-block-paragraph\"><\/p>\n","protected":false},"excerpt":{"rendered":"<p>Une r\u00e9union de travail s\u2019est tenue, le 28 ao\u00fbt 2026, au si\u00e8ge de l\u2019Office national du thermalisme et de l\u2019hydroth\u00e9rapie, afin de mettre en place un plan d\u2019action pour renforcer l\u2019approvisionnement des grandes et moyennes surfaces du Grand Tunis en eau min\u00e9rale conditionn\u00e9e. La r\u00e9union, pr\u00e9sid\u00e9e par la directrice g\u00e9n\u00e9rale de l\u2019Office, a r\u00e9uni des [&hellip;]<\/p>\n","protected":false},"author":4,"featured_media":75645,"comment_status":"open","ping_status":"closed","sticky":false,"template":"","format":"standard","meta":{"content-type":"","jnews-multi-image_gallery":[],"jnews_single_post":{"format":"standard"},"jnews_primary_category":[],"jnews_override_bookmark_settings":[],"jnews_review":[],"enable_review":"","type":"","name":"","summary":"","brand":"","sku":"","good":[],"bad":[],"score_override":"","override_value":"","rating":[],"price":[],"jnews_post_split":[],"footnotes":""},"categories":[43,73],"tags":[5936,19238,19237,19236],"class_list":["post-75735","post","type-post","status-publish","format-standard","has-post-thumbnail","hentry","category-eco-business","category-eco","tag-approvisionnement","tag-eau-minerale-conditionnee","tag-grandes-et-moyennes-surfaces","tag-office-national-du-thermalisme-et-de-lhydrotherapie"],"_links":{"self":[{"href":"https:\/\/www.africanchallenges.com\/index.php?rest_route=\/wp\/v2\/posts\/75735","targetHints":{"allow":["GET"]}}],"collection":[{"href":"https:\/\/www.africanchallenges.com\/index.php?rest_route=\/wp\/v2\/posts"}],"about":[{"href":"https:\/\/www.africanchallenges.com\/index.php?rest_route=\/wp\/v2\/types\/post"}],"author":[{"embeddable":true,"href":"https:\/\/www.africanchallenges.com\/index.php?rest_route=\/wp\/v2\/users\/4"}],"replies":[{"embeddable":true,"href":"https:\/\/www.africanchallenges.com\/index.php?rest_route=%2Fwp%2Fv2%2Fcomments&post=75735"}],"version-history":[{"count":1,"href":"https:\/\/www.africanchallenges.com\/index.php?rest_route=\/wp\/v2\/posts\/75735\/revisions"}],"predecessor-version":[{"id":75736,"href":"https:\/\/www.africanchallenges.com\/index.php?rest_route=\/wp\/v2\/posts\/75735\/revisions\/75736"}],"wp:featuredmedia":[{"embeddable":true,"href":"https:\/\/www.africanchallenges.com\/index.php?rest_route=\/wp\/v2\/media\/75645"}],"wp:attachment":[{"href":"https:\/\/www.africanchallenges.com\/index.php?rest_route=%2Fwp%2Fv2%2Fmedia&parent=75735"}],"wp:term":[{"taxonomy":"category","embeddable":true,"href":"https:\/\/www.africanchallenges.com\/index.php?rest_route=%2Fwp%2Fv2%2Fcategories&post=75735"},{"taxonomy":"post_tag","embeddable":true,"href":"https:\/\/www.africanchallenges.com\/index.php?rest_route=%2Fwp%2Fv2%2Ftags&post=75735"}],"curies":[{"name":"wp","href":"https:\/\/api.w.org\/{rel}","templated":true}]}}