{"id":75726,"date":"2026-08-31T19:12:57","date_gmt":"2026-08-31T18:12:57","guid":{"rendered":"https:\/\/www.africanchallenges.com\/?p=75726"},"modified":"2026-08-31T19:12:59","modified_gmt":"2026-08-31T18:12:59","slug":"ccitf-a-la-ref-2026-une-edition-sous-le-signe-du-courage","status":"publish","type":"post","link":"https:\/\/www.africanchallenges.com\/?p=75726","title":{"rendered":"CCITF \u00e0 la REF 2026 : une \u00e9dition sous le signe du courage"},"content":{"rendered":"\n<p class=\"wp-block-paragraph\">Les 26 et 27 ao\u00fbt, \u00e0 Roland-Garros, la Chambre de Commerce et d\u2019Industrie Tuniso Fran\u00e7aise CCITF a particip\u00e9 \u00e0 La <a href=\"https:\/\/www.facebook.com\/hashtag\/ref2026?__cft__[0]=AZbzAdqOaPZ_Q4FXL6ZdRXbQIFJVMgwY2XDoR68aWKOlnKVw2f7ODJKW8OupuRyTehSGJxktESxFV5fBODd_XNHyfOhPT6j6VaIsH-Xrp0kg8myDjd9sAcN1785H1GTMzYsdJmIoCA0l-QHKm2_TO6fj6g9JcKC2U0S4-MOIm2vb5w&amp;__tn__=*NK-R\">#REF2026<\/a>, le grand rendez-vous de rentr\u00e9e du Mouvement des Entreprises de France.<\/p>\n\n\n\n<p class=\"wp-block-paragraph\">* \ud835\udc0b\ud835\udc1a \ud835\udc11\ud835\udc04\ud835\udc05, \ud835\udc11\ud835\udc1e\ud835\udc27\ud835\udc1c\ud835\udc28\ud835\udc27\ud835\udc2d\ud835\udc2b\ud835\udc1e \ud835\udc1d\ud835\udc1e\ud835\udc2c \ud835\udc04\ud835\udc27\ud835\udc2d\ud835\udc2b\ud835\udc1e\ud835\udc29\ud835\udc2b\ud835\udc1e\ud835\udc27\ud835\udc1e\ud835\udc2e\ud835\udc2b\ud835\udc2c \ud835\udc1d\ud835\udc1e \ud835\udc05\ud835\udc2b\ud835\udc1a\ud835\udc27\ud835\udc1c\ud835\udc1e, est un temps fort de r\u00e9flexion, de d\u00e9bats et de rencontres consacr\u00e9 aux grands enjeux \u00e9conomiques, sociaux et entrepreneuriaux.<\/p>\n\n\n\n<p class=\"wp-block-paragraph\">Une \u00e9dition 2026 exceptionnelle avec :<\/p>\n\n\n\n<p class=\"wp-block-paragraph\">&#8211; Plus de \ud835\udfd0\ud835\udfce \ud835\udfce\ud835\udfce\ud835\udfce \ud835\udc2f\ud835\udc22\ud835\udc2c\ud835\udc22\ud835\udc2d\ud835\udc1e\ud835\udc2e\ud835\udc2b\ud835\udc2c \ud835\udc1e\ud835\udc27 \ud835\udc1d\ud835\udc1e\ud835\udc2e\ud835\udc31 \ud835\udc23\ud835\udc28\ud835\udc2e\ud835\udc2b\ud835\udc2c, un record absolu,<\/p>\n\n\n\n<p class=\"wp-block-paragraph\">-Une quinzaine de d\u00e9bats et d\u2019interventions de tr\u00e8s haut niveau,<\/p>\n\n\n\n<p class=\"wp-block-paragraph\">&#8211; La pr\u00e9sence exceptionnelle de Ursula von der Leyen, Pr\u00e9sidente de la Commission europ\u00e9enne,<\/p>\n\n\n\n<p class=\"wp-block-paragraph\">La REF s\u2019est \u00e9galement achev\u00e9e par un temps fort politique : \ud835\udfd5 \ud835\udc1c\ud835\udc1a\ud835\udc27\ud835\udc1d\ud835\udc22\ud835\udc1d\ud835\udc1a\ud835\udc2d\ud835\udc2c \ud835\udc1a\u0300 \ud835\udc25\u2019\ud835\udc1e\u0301\ud835\udc25\ud835\udc1e\ud835\udc1c\ud835\udc2d\ud835\udc22\ud835\udc28\ud835\udc27 \ud835\udc29\ud835\udc2b\ud835\udc1e\u0301\ud835\udc2c\ud835\udc22\ud835\udc1d\ud835\udc1e\ud835\udc27\ud835\udc2d\ud835\udc22\ud835\udc1e\ud835\udc25\ud835\udc25\ud835\udc1e \ud835\udc2b\ud835\udc1e\u0301\ud835\udc2e\ud835\udc27\ud835\udc22\ud835\udc2c pour d\u00e9battre d\u2019\u00e9conomie, d\u2019<a href=\"https:\/\/www.facebook.com\/hashtag\/emploi?__cft__[0]=AZbzAdqOaPZ_Q4FXL6ZdRXbQIFJVMgwY2XDoR68aWKOlnKVw2f7ODJKW8OupuRyTehSGJxktESxFV5fBODd_XNHyfOhPT6j6VaIsH-Xrp0kg8myDjd9sAcN1785H1GTMzYsdJmIoCA0l-QHKm2_TO6fj6g9JcKC2U0S4-MOIm2vb5w&amp;__tn__=*NK-R\">#emploi<\/a>, de r\u00e9industrialisation et de <a href=\"https:\/\/www.facebook.com\/hashtag\/souverainet%C3%A9?__cft__[0]=AZbzAdqOaPZ_Q4FXL6ZdRXbQIFJVMgwY2XDoR68aWKOlnKVw2f7ODJKW8OupuRyTehSGJxktESxFV5fBODd_XNHyfOhPT6j6VaIsH-Xrp0kg8myDjd9sAcN1785H1GTMzYsdJmIoCA0l-QHKm2_TO6fj6g9JcKC2U0S4-MOIm2vb5w&amp;__tn__=*NK-R\">#souverainet\u00e9<\/a>.<\/p>\n\n\n\n<p class=\"wp-block-paragraph\">La CCITF \u00e9tait repr\u00e9sent\u00e9e par M. Khelil Chaibi, Pr\u00e9sident, Mme Emna BEN AMOR-DIMASSI, Vice-Pr\u00e9sidente, Mme Raja Touil, Directrice G\u00e9n\u00e9rale, Mme Ines Hallab, Secr\u00e9taire G\u00e9n\u00e9rale Adjointe et M. Karim Chouchane, membre du Comit\u00e9 Directeur.<\/p>\n\n\n\n<p class=\"wp-block-paragraph\"> Pr\u00e9sente pour la premi\u00e8re fois \u00e0 La REF, CCI France International, aux c\u00f4t\u00e9s de Les Conseillers du Commerce ext\u00e9rieur de la France, a permis de mettre en lumi\u00e8re la force de notre r\u00e9seau et les passerelles qu\u2019il cr\u00e9e entre les entreprises fran\u00e7aises et les \u00e9cosyst\u00e8mes \u00e9conomiques \u00e0 l\u2019international.<\/p>\n\n\n\n<p class=\"wp-block-paragraph\">Depuis la Tunisie, la CCITF porte pleinement cette ambition : renforcer les liens, cr\u00e9er des synergies et transformer la relation \u00e9conomique tuniso-fran\u00e7aise en opportunit\u00e9s concr\u00e8tes pour les entreprises.<\/p>\n\n\n\n<p class=\"wp-block-paragraph\"><a href=\"https:\/\/www.facebook.com\/hashtag\/ccitf?__cft__[0]=AZbzAdqOaPZ_Q4FXL6ZdRXbQIFJVMgwY2XDoR68aWKOlnKVw2f7ODJKW8OupuRyTehSGJxktESxFV5fBODd_XNHyfOhPT6j6VaIsH-Xrp0kg8myDjd9sAcN1785H1GTMzYsdJmIoCA0l-QHKm2_TO6fj6g9JcKC2U0S4-MOIm2vb5w&amp;__tn__=*NK-R\">#CCITF<\/a><a href=\"https:\/\/www.facebook.com\/hashtag\/ccifi?__cft__[0]=AZbzAdqOaPZ_Q4FXL6ZdRXbQIFJVMgwY2XDoR68aWKOlnKVw2f7ODJKW8OupuRyTehSGJxktESxFV5fBODd_XNHyfOhPT6j6VaIsH-Xrp0kg8myDjd9sAcN1785H1GTMzYsdJmIoCA0l-QHKm2_TO6fj6g9JcKC2U0S4-MOIm2vb5w&amp;__tn__=*NK-R\">#CCIFI<\/a><a href=\"https:\/\/www.facebook.com\/hashtag\/laref26?__cft__[0]=AZbzAdqOaPZ_Q4FXL6ZdRXbQIFJVMgwY2XDoR68aWKOlnKVw2f7ODJKW8OupuRyTehSGJxktESxFV5fBODd_XNHyfOhPT6j6VaIsH-Xrp0kg8myDjd9sAcN1785H1GTMzYsdJmIoCA0l-QHKm2_TO6fj6g9JcKC2U0S4-MOIm2vb5w&amp;__tn__=*NK-R\">#LaREF26<\/a><a href=\"https:\/\/www.facebook.com\/hashtag\/medef?__cft__[0]=AZbzAdqOaPZ_Q4FXL6ZdRXbQIFJVMgwY2XDoR68aWKOlnKVw2f7ODJKW8OupuRyTehSGJxktESxFV5fBODd_XNHyfOhPT6j6VaIsH-Xrp0kg8myDjd9sAcN1785H1GTMzYsdJmIoCA0l-QHKm2_TO6fj6g9JcKC2U0S4-MOIm2vb5w&amp;__tn__=*NK-R\">#MEDEF<\/a><a href=\"https:\/\/www.facebook.com\/hashtag\/cce?__cft__[0]=AZbzAdqOaPZ_Q4FXL6ZdRXbQIFJVMgwY2XDoR68aWKOlnKVw2f7ODJKW8OupuRyTehSGJxktESxFV5fBODd_XNHyfOhPT6j6VaIsH-Xrp0kg8myDjd9sAcN1785H1GTMzYsdJmIoCA0l-QHKm2_TO6fj6g9JcKC2U0S4-MOIm2vb5w&amp;__tn__=*NK-R\">#CCE<\/a><a href=\"https:\/\/www.facebook.com\/hashtag\/tunisie?__cft__[0]=AZbzAdqOaPZ_Q4FXL6ZdRXbQIFJVMgwY2XDoR68aWKOlnKVw2f7ODJKW8OupuRyTehSGJxktESxFV5fBODd_XNHyfOhPT6j6VaIsH-Xrp0kg8myDjd9sAcN1785H1GTMzYsdJmIoCA0l-QHKm2_TO6fj6g9JcKC2U0S4-MOIm2vb5w&amp;__tn__=*NK-R\">#Tunisie<\/a><a href=\"https:\/\/www.facebook.com\/hashtag\/france?__cft__[0]=AZbzAdqOaPZ_Q4FXL6ZdRXbQIFJVMgwY2XDoR68aWKOlnKVw2f7ODJKW8OupuRyTehSGJxktESxFV5fBODd_XNHyfOhPT6j6VaIsH-Xrp0kg8myDjd9sAcN1785H1GTMzYsdJmIoCA0l-QHKm2_TO6fj6g9JcKC2U0S4-MOIm2vb5w&amp;__tn__=*NK-R\">#France<\/a><a href=\"https:\/\/www.facebook.com\/hashtag\/international?__cft__[0]=AZbzAdqOaPZ_Q4FXL6ZdRXbQIFJVMgwY2XDoR68aWKOlnKVw2f7ODJKW8OupuRyTehSGJxktESxFV5fBODd_XNHyfOhPT6j6VaIsH-Xrp0kg8myDjd9sAcN1785H1GTMzYsdJmIoCA0l-QHKm2_TO6fj6g9JcKC2U0S4-MOIm2vb5w&amp;__tn__=*NK-R\">#International<\/a><a href=\"https:\/\/www.facebook.com\/hashtag\/entrepreneuriat?__cft__[0]=AZbzAdqOaPZ_Q4FXL6ZdRXbQIFJVMgwY2XDoR68aWKOlnKVw2f7ODJKW8OupuRyTehSGJxktESxFV5fBODd_XNHyfOhPT6j6VaIsH-Xrp0kg8myDjd9sAcN1785H1GTMzYsdJmIoCA0l-QHKm2_TO6fj6g9JcKC2U0S4-MOIm2vb5w&amp;__tn__=*NK-R\">#entrepreneuriat<\/a><\/p>\n","protected":false},"excerpt":{"rendered":"<p>Les 26 et 27 ao\u00fbt, \u00e0 Roland-Garros, la Chambre de Commerce et d\u2019Industrie Tuniso Fran\u00e7aise CCITF a particip\u00e9 \u00e0 La #REF2026, le grand rendez-vous de rentr\u00e9e du Mouvement des Entreprises de France. * \ud835\udc0b\ud835\udc1a \ud835\udc11\ud835\udc04\ud835\udc05, \ud835\udc11\ud835\udc1e\ud835\udc27\ud835\udc1c\ud835\udc28\ud835\udc27\ud835\udc2d\ud835\udc2b\ud835\udc1e \ud835\udc1d\ud835\udc1e\ud835\udc2c \ud835\udc04\ud835\udc27\ud835\udc2d\ud835\udc2b\ud835\udc1e\ud835\udc29\ud835\udc2b\ud835\udc1e\ud835\udc27\ud835\udc1e\ud835\udc2e\ud835\udc2b\ud835\udc2c \ud835\udc1d\ud835\udc1e \ud835\udc05\ud835\udc2b\ud835\udc1a\ud835\udc27\ud835\udc1c\ud835\udc1e, est un temps fort de r\u00e9flexion, de d\u00e9bats et de rencontres consacr\u00e9 aux grands enjeux [&hellip;]<\/p>\n","protected":false},"author":4,"featured_media":75727,"comment_status":"open","ping_status":"closed","sticky":false,"template":"","format":"standard","meta":{"content-type":"","jnews-multi-image_gallery":[],"jnews_single_post":{"format":"standard"},"jnews_primary_category":[],"jnews_override_bookmark_settings":[],"jnews_review":[],"enable_review":"","type":"","name":"","summary":"","brand":"","sku":"","good":[],"bad":[],"score_override":"","override_value":"","rating":[],"price":[],"jnews_post_split":[],"footnotes":""},"categories":[43,73],"tags":[12451,19234],"class_list":["post-75726","post","type-post","status-publish","format-standard","has-post-thumbnail","hentry","category-eco-business","category-eco","tag-ccitf","tag-ref-2026"],"_links":{"self":[{"href":"https:\/\/www.africanchallenges.com\/index.php?rest_route=\/wp\/v2\/posts\/75726","targetHints":{"allow":["GET"]}}],"collection":[{"href":"https:\/\/www.africanchallenges.com\/index.php?rest_route=\/wp\/v2\/posts"}],"about":[{"href":"https:\/\/www.africanchallenges.com\/index.php?rest_route=\/wp\/v2\/types\/post"}],"author":[{"embeddable":true,"href":"https:\/\/www.africanchallenges.com\/index.php?rest_route=\/wp\/v2\/users\/4"}],"replies":[{"embeddable":true,"href":"https:\/\/www.africanchallenges.com\/index.php?rest_route=%2Fwp%2Fv2%2Fcomments&post=75726"}],"version-history":[{"count":1,"href":"https:\/\/www.africanchallenges.com\/index.php?rest_route=\/wp\/v2\/posts\/75726\/revisions"}],"predecessor-version":[{"id":75728,"href":"https:\/\/www.africanchallenges.com\/index.php?rest_route=\/wp\/v2\/posts\/75726\/revisions\/75728"}],"wp:featuredmedia":[{"embeddable":true,"href":"https:\/\/www.africanchallenges.com\/index.php?rest_route=\/wp\/v2\/media\/75727"}],"wp:attachment":[{"href":"https:\/\/www.africanchallenges.com\/index.php?rest_route=%2Fwp%2Fv2%2Fmedia&parent=75726"}],"wp:term":[{"taxonomy":"category","embeddable":true,"href":"https:\/\/www.africanchallenges.com\/index.php?rest_route=%2Fwp%2Fv2%2Fcategories&post=75726"},{"taxonomy":"post_tag","embeddable":true,"href":"https:\/\/www.africanchallenges.com\/index.php?rest_route=%2Fwp%2Fv2%2Ftags&post=75726"}],"curies":[{"name":"wp","href":"https:\/\/api.w.org\/{rel}","templated":true}]}}