{"id":75723,"date":"2026-08-31T18:59:29","date_gmt":"2026-08-31T17:59:29","guid":{"rendered":"https:\/\/www.africanchallenges.com\/?p=75723"},"modified":"2026-08-31T18:59:30","modified_gmt":"2026-08-31T17:59:30","slug":"festival-arabe-de-la-radio-et-de-la-television-26e-edition-a-tunis-et-hammamet","status":"publish","type":"post","link":"https:\/\/www.africanchallenges.com\/?p=75723","title":{"rendered":"Festival arabe de la radio et de la t\u00e9l\u00e9vision : 26e \u00e9dition \u00e0 Tunis et Hammamet"},"content":{"rendered":"\n<p class=\"wp-block-paragraph\">L\u2019Union des radios des \u00c9tats arabes s\u2019appr\u00eate \u00e0 organiser la 26e \u00e9dition du Festival arabe de la radio et de la t\u00e9l\u00e9vision, du 21 au 24 septembre 2026, sous le slogan \u00ab Le pouls de l\u2019image et l\u2019\u00e9cho de l\u2019avenir \u00bb. Ce rendez-vous r\u00e9unira une nouvelle fois des stars de l\u2019art et des m\u00e9dias ainsi que des professionnels du secteur audiovisuel.<\/p>\n\n\n\n<p class=\"wp-block-paragraph\">Pour la deuxi\u00e8me ann\u00e9e cons\u00e9cutive, les activit\u00e9s du festival se d\u00e9rouleront entre Tunis et Hammamet. La c\u00e9r\u00e9monie d\u2019ouverture aura lieu au Th\u00e9\u00e2tre antique de Carthage, avec la participation de la star syrienne Nassif Zeytoun et de l\u2019artiste irakienne Rahma Riad. La soir\u00e9e sera \u00e9galement marqu\u00e9e par des hommages \u00e0 plusieurs stars de la t\u00e9l\u00e9vision, de la radio et du cin\u00e9ma arabes ainsi qu\u2019\u00e0 des professionnels des m\u00e9dias.<\/p>\n\n\n\n<p class=\"wp-block-paragraph\">Les festivit\u00e9s se poursuivront \u00e0 Yasmine Hammamet, qui accueillera le Salon de la technologie et des \u00e9quipements. Cet espace permettra aux professionnels et aux visiteurs de d\u00e9couvrir les derni\u00e8res innovations et avanc\u00e9es technologiques dans les secteurs des m\u00e9dias et de la communication.<\/p>\n\n\n\n<p class=\"wp-block-paragraph\">La ville accueillera \u00e9galement le March\u00e9 de la production de programmes, un espace d\u00e9di\u00e9 aux rencontres entre producteurs et professionnels, ainsi qu\u2019aux \u00e9changes de contenus et de programmes.<\/p>\n\n\n\n<p class=\"wp-block-paragraph\">Le programme professionnel comprendra par ailleurs trois conf\u00e9rences-d\u00e9bats consacr\u00e9es aux mutations du paysage m\u00e9diatique arabe : \u00ab Le podcast : tendances des contenus et puissance d\u2019influence \u00bb, \u00ab Le public et la cr\u00e9ation de contenus : de la r\u00e9ception au partenariat \u00bb et \u00ab Les m\u00e9dias touristiques : du relais de l\u2019\u00e9v\u00e9nement \u00e0 la cr\u00e9ation de la destination \u00bb. Ces rencontres r\u00e9uniront plusieurs experts arabes et internationaux.<\/p>\n\n\n\n<p class=\"wp-block-paragraph\">Le festival pr\u00e9voit \u00e9galement une c\u00e9r\u00e9monie de remise des prix des \u00e9changes radiophoniques et t\u00e9l\u00e9visuels, ainsi qu\u2019un hommage aux membres des jurys, dans le cadre des activit\u00e9s organis\u00e9es \u00e0 Yasmine Hammamet.<\/p>\n\n\n\n<p class=\"wp-block-paragraph\">La manifestation s\u2019ach\u00e8vera par une soir\u00e9e artistique au Th\u00e9\u00e2tre de l\u2019Op\u00e9ra de la Cit\u00e9 de la Culture, \u00e0 Tunis. Cette soir\u00e9e sera marqu\u00e9e par la premi\u00e8re et exclusive pr\u00e9sentation de l\u2019\u0153uvre \u00ab Voyage vers toi et chante \u00bb, du compositeur tunisien Karim Thleibi, dans un voyage artistique autour du mawwal, consid\u00e9r\u00e9 comme une forme esth\u00e9tique profond\u00e9ment enracin\u00e9e dans la musique arabe.<\/p>\n\n\n\n<p class=\"wp-block-paragraph\">La soir\u00e9e de cl\u00f4ture sera \u00e9galement consacr\u00e9e \u00e0 la remise des prix aux \u0153uvres laur\u00e9ates des comp\u00e9titions radiophoniques et t\u00e9l\u00e9visuelles, dans les cat\u00e9gories principales et parall\u00e8les, ainsi qu\u2019\u00e0 la comp\u00e9tition d\u00e9di\u00e9e aux nouveaux m\u00e9dias.<\/p>\n\n\n\n<p class=\"wp-block-paragraph\">Une cl\u00f4ture qui mettra \u00e0 l\u2019honneur la diversit\u00e9 et la richesse de la cr\u00e9ation m\u00e9diatique arabe, tout en accompagnant les transformations rapides du paysage num\u00e9rique.<\/p>\n\n\n\n<p class=\"wp-block-paragraph\"><\/p>\n","protected":false},"excerpt":{"rendered":"<p>L\u2019Union des radios des \u00c9tats arabes s\u2019appr\u00eate \u00e0 organiser la 26e \u00e9dition du Festival arabe de la radio et de la t\u00e9l\u00e9vision, du 21 au 24 septembre 2026, sous le slogan \u00ab Le pouls de l\u2019image et l\u2019\u00e9cho de l\u2019avenir \u00bb. Ce rendez-vous r\u00e9unira une nouvelle fois des stars de l\u2019art et des m\u00e9dias ainsi [&hellip;]<\/p>\n","protected":false},"author":4,"featured_media":75724,"comment_status":"open","ping_status":"closed","sticky":false,"template":"","format":"standard","meta":{"content-type":"","jnews-multi-image_gallery":[],"jnews_single_post":{"format":"standard"},"jnews_primary_category":[],"jnews_override_bookmark_settings":[],"jnews_review":[],"enable_review":"","type":"","name":"","summary":"","brand":"","sku":"","good":[],"bad":[],"score_override":"","override_value":"","rating":[],"price":[],"jnews_post_split":[],"footnotes":""},"categories":[17],"tags":[10414,3233],"class_list":["post-75723","post","type-post","status-publish","format-standard","has-post-thumbnail","hentry","category-entertainment","tag-asbu","tag-festival-arabe-de-la-radio-et-de-la-television"],"_links":{"self":[{"href":"https:\/\/www.africanchallenges.com\/index.php?rest_route=\/wp\/v2\/posts\/75723","targetHints":{"allow":["GET"]}}],"collection":[{"href":"https:\/\/www.africanchallenges.com\/index.php?rest_route=\/wp\/v2\/posts"}],"about":[{"href":"https:\/\/www.africanchallenges.com\/index.php?rest_route=\/wp\/v2\/types\/post"}],"author":[{"embeddable":true,"href":"https:\/\/www.africanchallenges.com\/index.php?rest_route=\/wp\/v2\/users\/4"}],"replies":[{"embeddable":true,"href":"https:\/\/www.africanchallenges.com\/index.php?rest_route=%2Fwp%2Fv2%2Fcomments&post=75723"}],"version-history":[{"count":1,"href":"https:\/\/www.africanchallenges.com\/index.php?rest_route=\/wp\/v2\/posts\/75723\/revisions"}],"predecessor-version":[{"id":75725,"href":"https:\/\/www.africanchallenges.com\/index.php?rest_route=\/wp\/v2\/posts\/75723\/revisions\/75725"}],"wp:featuredmedia":[{"embeddable":true,"href":"https:\/\/www.africanchallenges.com\/index.php?rest_route=\/wp\/v2\/media\/75724"}],"wp:attachment":[{"href":"https:\/\/www.africanchallenges.com\/index.php?rest_route=%2Fwp%2Fv2%2Fmedia&parent=75723"}],"wp:term":[{"taxonomy":"category","embeddable":true,"href":"https:\/\/www.africanchallenges.com\/index.php?rest_route=%2Fwp%2Fv2%2Fcategories&post=75723"},{"taxonomy":"post_tag","embeddable":true,"href":"https:\/\/www.africanchallenges.com\/index.php?rest_route=%2Fwp%2Fv2%2Ftags&post=75723"}],"curies":[{"name":"wp","href":"https:\/\/api.w.org\/{rel}","templated":true}]}}