{"id":75332,"date":"2026-07-23T12:12:10","date_gmt":"2026-07-23T11:12:10","guid":{"rendered":"https:\/\/www.africanchallenges.com\/?p=75332"},"modified":"2026-07-23T12:12:11","modified_gmt":"2026-07-23T11:12:11","slug":"le-president-de-la-republique-letat-ne-restera-pas-les-bras-croises-face-aux-atteintes-aux-citoyens","status":"publish","type":"post","link":"https:\/\/www.africanchallenges.com\/?p=75332","title":{"rendered":"Le Pr\u00e9sident de la R\u00e9publique : l&rsquo;\u00c9tat ne restera pas les bras crois\u00e9s face aux atteintes aux citoyens"},"content":{"rendered":"\n<p class=\"wp-block-paragraph\">Le Pr\u00e9sident de la R\u00e9publique, Ka\u00efs Sa\u00efed, a pr\u00e9sid\u00e9, dans l&rsquo;apr\u00e8s-midi du mardi 22 juillet, au Palais de Carthage, une r\u00e9union en pr\u00e9sence de M. Khaled Nouri, ministre de l&rsquo;Int\u00e9rieur, Salah Zouari, ministre de l&rsquo;\u00c9quipement et de l&rsquo;Habitat, charg\u00e9 de la gestion du minist\u00e8re de l&rsquo;Industrie, des Mines et de l&rsquo;\u00c9nergie, Ezzeddine Ben Cheikh, ministre de l&rsquo;Agriculture, des Ressources hydrauliques et de la P\u00eache, Fay\u00e7al Trifa, Pr\u00e9sident-directeur g\u00e9n\u00e9ral de la Soci\u00e9t\u00e9 tunisienne de l&rsquo;\u00e9lectricit\u00e9 et du gaz (STEG), Abdelhamid Menja, Pr\u00e9sident-directeur g\u00e9n\u00e9ral de la Soci\u00e9t\u00e9 nationale d&rsquo;exploitation et de distribution des eaux (SONEDE), ainsi que le colonel Mohamed Rached Souissi, Directeur g\u00e9n\u00e9ral de l&rsquo;Office national de la Protection civile.<\/p>\n\n\n\n<p class=\"wp-block-paragraph\">Au d\u00e9but de cette r\u00e9union, le Chef de l&rsquo;\u00c9tat a soulign\u00e9 qu&rsquo;il suit de pr\u00e8s, tout au long de la journ\u00e9e et en permanence, la situation dans l&rsquo;ensemble des r\u00e9gions du pays. Il a insist\u00e9 sur le fait que les coupures d&rsquo;eau et d&rsquo;\u00e9lectricit\u00e9, ainsi que les incendies enregistr\u00e9s, constituent des ph\u00e9nom\u00e8nes inhabituels. Il a affirm\u00e9 que l&rsquo;\u00c9tat ne restera pas les bras crois\u00e9s face \u00e0 quiconque chercherait \u00e0 porter pr\u00e9judice aux citoyens et \u00e0 attiser les tensions.<\/p>\n\n\n\n<p class=\"wp-block-paragraph\">Le Pr\u00e9sident de la R\u00e9publique a \u00e9galement \u00e9voqu\u00e9 les interruptions de la distribution d&rsquo;eau et d&rsquo;\u00e9lectricit\u00e9 qui, dans plusieurs r\u00e9gions, ont d\u00e9pass\u00e9 vingt-quatre heures. Il a estim\u00e9 qu&rsquo;il est imp\u00e9ratif de mettre imm\u00e9diatement un terme \u00e0 cette situation, tout en veillant, lorsque des coupures s&rsquo;av\u00e8rent n\u00e9cessaires, \u00e0 informer les citoyens \u00e0 l&rsquo;avance et \u00e0 choisir des horaires appropri\u00e9s.<\/p>\n\n\n\n<p class=\"wp-block-paragraph\">Le Chef de l&rsquo;\u00c9tat a salu\u00e9 les efforts d\u00e9ploy\u00e9s par les unit\u00e9s de la Protection civile, en coordination avec les diff\u00e9rentes structures militaires, s\u00e9curitaires et administratives. Il a mis en avant la rapidit\u00e9 et l&rsquo;efficacit\u00e9 de leurs interventions pour ma\u00eetriser les incendies et limiter leur propagation, rendant hommage \u00e0 l&rsquo;engagement sans r\u00e9serve de l&rsquo;ensemble des intervenants, anim\u00e9 par un profond sens du devoir national.<\/p>\n\n\n\n<p class=\"wp-block-paragraph\">En conclusion, le Pr\u00e9sident de la R\u00e9publique a r\u00e9affirm\u00e9 sa confiance dans la conscience profonde du peuple tunisien, soulignant que toutes les tentatives visant \u00e0 lui porter atteinte, quelle qu&rsquo;en soit l&rsquo;origine et quelle que soit leur intensit\u00e9, se briseront contre sa d\u00e9termination.<\/p>\n","protected":false},"excerpt":{"rendered":"<p>Le Pr\u00e9sident de la R\u00e9publique, Ka\u00efs Sa\u00efed, a pr\u00e9sid\u00e9, dans l&rsquo;apr\u00e8s-midi du mardi 22 juillet, au Palais de Carthage, une r\u00e9union en pr\u00e9sence de M. Khaled Nouri, ministre de l&rsquo;Int\u00e9rieur, Salah Zouari, ministre de l&rsquo;\u00c9quipement et de l&rsquo;Habitat, charg\u00e9 de la gestion du minist\u00e8re de l&rsquo;Industrie, des Mines et de l&rsquo;\u00c9nergie, Ezzeddine Ben Cheikh, ministre [&hellip;]<\/p>\n","protected":false},"author":4,"featured_media":75333,"comment_status":"open","ping_status":"closed","sticky":false,"template":"","format":"standard","meta":{"content-type":"","jnews-multi-image_gallery":[],"jnews_single_post":{"format":"standard"},"jnews_primary_category":[],"jnews_override_bookmark_settings":[],"jnews_review":[],"enable_review":"","type":"","name":"","summary":"","brand":"","sku":"","good":[],"bad":[],"score_override":"","override_value":"","rating":[],"price":[],"jnews_post_split":[],"footnotes":""},"categories":[2],"tags":[3722,10750,13996,19110,3712,54],"class_list":["post-75332","post","type-post","status-publish","format-standard","has-post-thumbnail","hentry","category-news-politique","tag-citoyens","tag-eaux","tag-electricite-2","tag-interruptions","tag-kais-saied-2","tag-tunisie"],"_links":{"self":[{"href":"https:\/\/www.africanchallenges.com\/index.php?rest_route=\/wp\/v2\/posts\/75332","targetHints":{"allow":["GET"]}}],"collection":[{"href":"https:\/\/www.africanchallenges.com\/index.php?rest_route=\/wp\/v2\/posts"}],"about":[{"href":"https:\/\/www.africanchallenges.com\/index.php?rest_route=\/wp\/v2\/types\/post"}],"author":[{"embeddable":true,"href":"https:\/\/www.africanchallenges.com\/index.php?rest_route=\/wp\/v2\/users\/4"}],"replies":[{"embeddable":true,"href":"https:\/\/www.africanchallenges.com\/index.php?rest_route=%2Fwp%2Fv2%2Fcomments&post=75332"}],"version-history":[{"count":1,"href":"https:\/\/www.africanchallenges.com\/index.php?rest_route=\/wp\/v2\/posts\/75332\/revisions"}],"predecessor-version":[{"id":75334,"href":"https:\/\/www.africanchallenges.com\/index.php?rest_route=\/wp\/v2\/posts\/75332\/revisions\/75334"}],"wp:featuredmedia":[{"embeddable":true,"href":"https:\/\/www.africanchallenges.com\/index.php?rest_route=\/wp\/v2\/media\/75333"}],"wp:attachment":[{"href":"https:\/\/www.africanchallenges.com\/index.php?rest_route=%2Fwp%2Fv2%2Fmedia&parent=75332"}],"wp:term":[{"taxonomy":"category","embeddable":true,"href":"https:\/\/www.africanchallenges.com\/index.php?rest_route=%2Fwp%2Fv2%2Fcategories&post=75332"},{"taxonomy":"post_tag","embeddable":true,"href":"https:\/\/www.africanchallenges.com\/index.php?rest_route=%2Fwp%2Fv2%2Ftags&post=75332"}],"curies":[{"name":"wp","href":"https:\/\/api.w.org\/{rel}","templated":true}]}}