{"id":75316,"date":"2026-07-22T13:20:33","date_gmt":"2026-07-22T12:20:33","guid":{"rendered":"https:\/\/www.africanchallenges.com\/?p=75316"},"modified":"2026-07-22T13:21:02","modified_gmt":"2026-07-22T12:21:02","slug":"tunisie-belgique-une-cooperation-appelee-a-franchir-une-nouvelle-etape-apres-70-ans-de-relations-diplomatiques","status":"publish","type":"post","link":"https:\/\/www.africanchallenges.com\/?p=75316","title":{"rendered":"Tunisie-Belgique : une coop\u00e9ration appel\u00e9e \u00e0 franchir une nouvelle \u00e9tape apr\u00e8s 70 ans de relations diplomatiques"},"content":{"rendered":"\n<p class=\"wp-block-paragraph\">\u00c0 l\u2019occasion de la f\u00eate nationale belge et de la c\u00e9l\u00e9bration du 70\u1d49 anniversaire de l\u2019\u00e9tablissement des relations diplomatiques entre la Tunisie et la Belgique, l\u2019ambassadeur belge \u00e0 Tunis, Fran\u00e7ois Dumont, a mis en avant la consolidation progressive des liens entre les deux pays. La c\u00e9r\u00e9monie s\u2019est tenue hier mardi 21 juillet 2026, en pr\u00e9sence du ministre de l\u2019\u00c9quipement et de l\u2019Habitat, charg\u00e9 de la gestion du minist\u00e8re de l\u2019Industrie, des Mines et de l\u2019\u00c9nergie, Salah Zouari.<\/p>\n\n\n\n<p class=\"wp-block-paragraph\">Le diplomate a soulign\u00e9 que les derniers mois ont \u00e9t\u00e9 marqu\u00e9s par une intensification des \u00e9changes politiques, notamment \u00e0 travers deux rencontres organis\u00e9es \u00e0 Bruxelles entre le ministre tunisien des Affaires \u00e9trang\u00e8res, de la Migration et des Tunisiens \u00e0 l\u2019\u00e9tranger, Mohamed Ali Nafti, et le vice-Premier ministre belge, ministre des Affaires \u00e9trang\u00e8res, des Affaires europ\u00e9ennes et de la Coop\u00e9ration au d\u00e9veloppement, Maxime Pr\u00e9vot.<\/p>\n\n\n\n<p class=\"wp-block-paragraph\">Ces discussions ont permis de r\u00e9affirmer l\u2019engagement des deux parties \u00e0 approfondir leur partenariat dans plusieurs domaines et \u00e0 pr\u00e9parer une coop\u00e9ration strat\u00e9gique bas\u00e9e sur le dialogue, la confiance et la convergence des int\u00e9r\u00eats.<\/p>\n\n\n\n<p class=\"wp-block-paragraph\"><strong>Des liens humains renforc\u00e9s par les \u00e9changes touristiques et migratoires<\/strong><\/p>\n\n\n\n<p class=\"wp-block-paragraph\">Fran\u00e7ois Dumont a \u00e9galement insist\u00e9 sur la dimension humaine qui caract\u00e9rise les relations tunico-belges. Il a rappel\u00e9 qu\u2019environ 1 700 ressortissants belges vivent actuellement en Tunisie, tandis que le pays accueille chaque ann\u00e9e plus de 100 000 visiteurs belges, confirmant l\u2019attractivit\u00e9 de la destination tunisienne aupr\u00e8s du public belge.<\/p>\n\n\n\n<p class=\"wp-block-paragraph\">Il a \u00e9galement \u00e9voqu\u00e9 l\u2019importance de la communaut\u00e9 tunisienne install\u00e9e en Belgique, particuli\u00e8rement \u00e0 Bruxelles, et son apport \u00e0 la vie \u00e9conomique et sociale du pays. Dans le domaine de la mobilit\u00e9, il a indiqu\u00e9 que plus de 6 000 visas ont \u00e9t\u00e9 d\u00e9livr\u00e9s aux citoyens tunisiens, dont pr\u00e8s d\u2019un millier pour des \u00e9tudes ou des d\u00e9placements li\u00e9s aux liens familiaux.<\/p>\n\n\n\n<p class=\"wp-block-paragraph\">L\u2019ambassadeur a par ailleurs rappel\u00e9 l\u2019anciennet\u00e9 de la pr\u00e9sence de la repr\u00e9sentation de Wallonie-Bruxelles en Tunisie, implant\u00e9e depuis pr\u00e8s de quatre d\u00e9cennies, ainsi que le d\u00e9veloppement continu de la coop\u00e9ration militaire entre les deux pays depuis plus de vingt ans.<\/p>\n\n\n\n<p class=\"wp-block-paragraph\"><strong>Une nouvelle feuille de route de coop\u00e9ration \u00e0 l\u2019horizon 2027<\/strong><\/p>\n\n\n\n<p class=\"wp-block-paragraph\">Dans le cadre de la poursuite de cette dynamique, Fran\u00e7ois Dumont a annonc\u00e9 la pr\u00e9paration d\u2019un programme bilat\u00e9ral comprenant environ 40 initiatives en 2027. Ces activit\u00e9s concerneront plusieurs secteurs, notamment l\u2019enseignement sup\u00e9rieur, la recherche, la culture et la sant\u00e9.<\/p>\n\n\n\n<p class=\"wp-block-paragraph\">Il a \u00e9galement mis l\u2019accent sur l\u2019importance des programmes de mobilit\u00e9 acad\u00e9mique soutenus par Wallonie-Bruxelles. En 2025, plus de 500 \u00e9tudiants et 700 doctorants ont b\u00e9n\u00e9fici\u00e9 de ces dispositifs pour poursuivre leurs \u00e9tudes ou leurs recherches dans des \u00e9tablissements universitaires francophones.<\/p>\n\n\n\n<p class=\"wp-block-paragraph\">Par ailleurs, un financement belge de 1,6 million d\u2019euros, mobilis\u00e9 par Wallonie-Bruxelles, sera consacr\u00e9 \u00e0 un projet destin\u00e9 \u00e0 am\u00e9liorer la gestion et l\u2019exploitation durable des ressources en eaux souterraines en Tunisie. R\u00e9alis\u00e9 en partenariat avec Enabel, ce programme associe notamment des chercheurs de l\u2019Institut national agronomique de Tunisie (INAT), de l\u2019Institution de la recherche et de l\u2019enseignement sup\u00e9rieur agricoles (IRESA), ainsi que plusieurs centres de recherche belges.<\/p>\n\n\n\n<p class=\"wp-block-paragraph\"><strong>Une mission \u00e9conomique belge attendue fin 2026<\/strong><\/p>\n\n\n\n<p class=\"wp-block-paragraph\">L\u2019ambassadeur a \u00e9galement annonc\u00e9 la tenue d\u2019une mission \u00e9conomique belge en Tunisie \u00e0 la fin de l\u2019ann\u00e9e 2026. Cette initiative portera principalement sur trois secteurs jug\u00e9s prioritaires : la sant\u00e9, les technologies innovantes et l\u2019investissement.<\/p>\n\n\n\n<p class=\"wp-block-paragraph\">Dans le secteur sanitaire, la Belgique entend poursuivre son accompagnement du syst\u00e8me de sant\u00e9 tunisien. Fran\u00e7ois Dumont a notamment cit\u00e9 l\u2019appui de l\u2019entreprise Medline, qui a contribu\u00e9 \u00e0 hauteur de 602 000 euros \u00e0 l\u2019acquisition de 15 \u00e9quipements de purification d\u2019air destin\u00e9s aux blocs op\u00e9ratoires des h\u00f4pitaux publics.<\/p>\n\n\n\n<p class=\"wp-block-paragraph\">Des \u00e9changes sont \u00e9galement en cours avec Enabel afin d\u2019explorer de nouvelles pistes de coop\u00e9ration dans les industries pharmaceutiques, la fabrication de vaccins, la transformation num\u00e9rique des services de sant\u00e9 et le diagnostic \u00e9lectronique.<\/p>\n\n\n\n<p class=\"wp-block-paragraph\">Concernant les technologies num\u00e9riques, plusieurs programmes de formation et de d\u00e9veloppement des comp\u00e9tences ont \u00e9t\u00e9 soutenus par la Belgique. Ils comprennent notamment un financement de 6 millions de dinars au profit d\u2019Enda Tamweel ainsi qu\u2019un appui au programme GOMYCODE dans les domaines du num\u00e9rique et de l\u2019intelligence artificielle.<\/p>\n\n\n\n<p class=\"wp-block-paragraph\"><strong>La Belgique, un partenaire \u00e9conomique majeur de la Tunisie<\/strong><\/p>\n\n\n\n<p class=\"wp-block-paragraph\">Sur le volet \u00e9conomique, Fran\u00e7ois Dumont a indiqu\u00e9 que la Belgique figure parmi les principaux investisseurs \u00e9trangers en Tunisie, occupant la quatri\u00e8me position en nombre d\u2019implantations. Les entreprises belges pr\u00e9sentes dans le pays contribuent \u00e0 la cr\u00e9ation de plus de 19 000 emplois, notamment dans les secteurs du textile et des services.<\/p>\n\n\n\n<p class=\"wp-block-paragraph\">Une nouvelle mission \u00e9conomique sera organis\u00e9e par l\u2019Agence wallonne \u00e0 l\u2019Exportation et aux Investissements \u00e9trangers (AWEX), en partenariat avec la Chambre tuniso-belgo-luxembourgeoise de commerce et d\u2019industrie et la plateforme CCTBL.<\/p>\n\n\n\n<p class=\"wp-block-paragraph\">Cette initiative aura pour objectif de d\u00e9velopper davantage les \u00e9changes dans des secteurs strat\u00e9giques tels que la gestion de l\u2019eau, les \u00e9nergies renouvelables et la protection de l\u2019environnement, confirmant la volont\u00e9 des deux pays de donner un nouvel \u00e9lan \u00e0 leur coop\u00e9ration.<\/p>\n","protected":false},"excerpt":{"rendered":"<p>\u00c0 l\u2019occasion de la f\u00eate nationale belge et de la c\u00e9l\u00e9bration du 70\u1d49 anniversaire de l\u2019\u00e9tablissement des relations diplomatiques entre la Tunisie et la Belgique, l\u2019ambassadeur belge \u00e0 Tunis, Fran\u00e7ois Dumont, a mis en avant la consolidation progressive des liens entre les deux pays. La c\u00e9r\u00e9monie s\u2019est tenue hier mardi 21 juillet 2026, en pr\u00e9sence [&hellip;]<\/p>\n","protected":false},"author":4,"featured_media":75317,"comment_status":"open","ping_status":"closed","sticky":false,"template":"","format":"standard","meta":{"content-type":"","jnews-multi-image_gallery":[],"jnews_single_post":{"format":"standard"},"jnews_primary_category":[],"jnews_override_bookmark_settings":[],"jnews_review":[],"enable_review":"","type":"","name":"","summary":"","brand":"","sku":"","good":[],"bad":[],"score_override":"","override_value":"","rating":[],"price":[],"jnews_post_split":[],"footnotes":""},"categories":[2],"tags":[4799,298,8428,54],"class_list":["post-75316","post","type-post","status-publish","format-standard","has-post-thumbnail","hentry","category-news-politique","tag-belgique","tag-cooperation","tag-relations-diplomatiques","tag-tunisie"],"_links":{"self":[{"href":"https:\/\/www.africanchallenges.com\/index.php?rest_route=\/wp\/v2\/posts\/75316","targetHints":{"allow":["GET"]}}],"collection":[{"href":"https:\/\/www.africanchallenges.com\/index.php?rest_route=\/wp\/v2\/posts"}],"about":[{"href":"https:\/\/www.africanchallenges.com\/index.php?rest_route=\/wp\/v2\/types\/post"}],"author":[{"embeddable":true,"href":"https:\/\/www.africanchallenges.com\/index.php?rest_route=\/wp\/v2\/users\/4"}],"replies":[{"embeddable":true,"href":"https:\/\/www.africanchallenges.com\/index.php?rest_route=%2Fwp%2Fv2%2Fcomments&post=75316"}],"version-history":[{"count":1,"href":"https:\/\/www.africanchallenges.com\/index.php?rest_route=\/wp\/v2\/posts\/75316\/revisions"}],"predecessor-version":[{"id":75318,"href":"https:\/\/www.africanchallenges.com\/index.php?rest_route=\/wp\/v2\/posts\/75316\/revisions\/75318"}],"wp:featuredmedia":[{"embeddable":true,"href":"https:\/\/www.africanchallenges.com\/index.php?rest_route=\/wp\/v2\/media\/75317"}],"wp:attachment":[{"href":"https:\/\/www.africanchallenges.com\/index.php?rest_route=%2Fwp%2Fv2%2Fmedia&parent=75316"}],"wp:term":[{"taxonomy":"category","embeddable":true,"href":"https:\/\/www.africanchallenges.com\/index.php?rest_route=%2Fwp%2Fv2%2Fcategories&post=75316"},{"taxonomy":"post_tag","embeddable":true,"href":"https:\/\/www.africanchallenges.com\/index.php?rest_route=%2Fwp%2Fv2%2Ftags&post=75316"}],"curies":[{"name":"wp","href":"https:\/\/api.w.org\/{rel}","templated":true}]}}