{"id":75281,"date":"2026-07-21T01:20:39","date_gmt":"2026-07-21T00:20:39","guid":{"rendered":"https:\/\/www.africanchallenges.com\/?p=75281"},"modified":"2026-07-21T01:20:40","modified_gmt":"2026-07-21T00:20:40","slug":"le-pari-du-numerique-lasbu-et-larabie-saoudite-unissent-leurs-forces","status":"publish","type":"post","link":"https:\/\/www.africanchallenges.com\/?p=75281","title":{"rendered":"Le pari du num\u00e9rique : l\u2019ASBU et l\u2019Arabie saoudite unissent leurs forces"},"content":{"rendered":"\n<p class=\"wp-block-paragraph\">L\u2019ambassadeur du Royaume d\u2019Arabie saoudite en Tunisie, Mohamed Ben Abdallah Ben Hamad Al-Braithen, a effectu\u00e9, hier lundi 20 juillet 2026 une visite au si\u00e8ge de l\u2019Union des radiodiffusions des \u00c9tats arabes (ASBU), o\u00f9 il a \u00e9t\u00e9 accueilli par le directeur g\u00e9n\u00e9ral de l\u2019Union, l\u2019ing\u00e9nieur Abdelrahim Slimane.<\/p>\n\n\n\n<p class=\"wp-block-paragraph\">\u00c0 cette occasion, le directeur g\u00e9n\u00e9ral a salu\u00e9 les relations \u00e9troites qui lient l\u2019ASBU au Royaume d\u2019Arabie saoudite, ainsi que la coop\u00e9ration continue et le partenariat privil\u00e9gi\u00e9 avec les institutions m\u00e9diatiques saoudiennes, notamment l\u2019Autorit\u00e9 de la radio et de la t\u00e9l\u00e9vision saoudienne.<\/p>\n\n\n\n<p class=\"wp-block-paragraph\">Il a \u00e9galement soulign\u00e9 que la pr\u00e9sidence de l\u2019Union assur\u00e9e par Mohamed Ben Fahd Al-Harthi t\u00e9moigne de la place importante qu\u2019occupe l\u2019Arabie saoudite au sein de l\u2019organisation et de son r\u00f4le actif dans le soutien au d\u00e9veloppement de l\u2019action m\u00e9diatique arabe commune.<\/p>\n\n\n\n<p class=\"wp-block-paragraph\">Lors de cette rencontre, Abdelrahim Slimane a pr\u00e9sent\u00e9 les missions, les objectifs et les principaux domaines d\u2019intervention de l\u2019ASBU. Il a notamment expos\u00e9 les services propos\u00e9s aux organismes membres dans les domaines de l\u2019\u00e9change d\u2019informations et de programmes, du d\u00e9veloppement technologique et de la formation m\u00e9diatique.<\/p>\n\n\n\n<p class=\"wp-block-paragraph\">La pr\u00e9sentation a \u00e9galement mis en avant les principales initiatives de l\u2019Union, notamment le Festival arabe de la radio et de la t\u00e9l\u00e9vision et la Conf\u00e9rence des m\u00e9dias arabes, consid\u00e9r\u00e9s comme des espaces majeurs d\u2019\u00e9change d\u2019exp\u00e9riences et de renforcement de la coop\u00e9ration entre les institutions m\u00e9diatiques arabes.<\/p>\n\n\n\n<p class=\"wp-block-paragraph\">Les discussions ont port\u00e9 aussi sur l\u2019accompagnement des mutations num\u00e9riques que conna\u00eet le secteur des m\u00e9dias, \u00e0 travers les projets technologiques de l\u2019ASBU, notamment la plateforme ASBU Cloud et les syst\u00e8mes d\u2019\u00e9change d\u2019informations et de contenus audiovisuels, ainsi que sur le r\u00f4le de l\u2019Acad\u00e9mie de formation m\u00e9diatique de l\u2019Union dans le d\u00e9veloppement des comp\u00e9tences professionnelles arabes.<\/p>\n\n\n\n<p class=\"wp-block-paragraph\">De son c\u00f4t\u00e9, l\u2019ambassadeur saoudien a exprim\u00e9 sa satisfaction de visiter le si\u00e8ge de l\u2019ASBU, saluant le r\u00f4le majeur jou\u00e9 par l\u2019organisation en tant qu\u2019une des institutions les plus importantes de l\u2019action arabe commune dans le domaine m\u00e9diatique.<\/p>\n\n\n\n<p class=\"wp-block-paragraph\">Il a mis en avant la contribution de l\u2019Union au renforcement de la coordination entre les organismes audiovisuels arabes, \u00e0 l\u2019\u00e9change d\u2019expertises et \u00e0 l\u2019adaptation aux \u00e9volutions rapides du secteur de la communication et des m\u00e9dias.<\/p>\n\n\n\n<p class=\"wp-block-paragraph\">Mohamed Ben Abdallah Ben Hamad Al-Braithen a \u00e9galement salu\u00e9 les efforts de l\u2019ASBU pour accompagner la transformation num\u00e9rique et renforcer les capacit\u00e9s humaines \u00e0 travers ses programmes de formation et de qualification, soulignant l\u2019importance d\u2019investir dans les comp\u00e9tences comme levier essentiel pour l\u2019avenir des m\u00e9dias arabes.<\/p>\n\n\n\n<p class=\"wp-block-paragraph\">L\u2019ambassadeur a r\u00e9affirm\u00e9 l\u2019engagement de l\u2019Arabie saoudite \u00e0 poursuivre sa coop\u00e9ration avec l\u2019ASBU, \u00e0 soutenir ses programmes et projets et \u00e0 renforcer les \u00e9changes d\u2019expertise dans les domaines m\u00e9diatique, technologique et de formation.<\/p>\n\n\n\n<p class=\"wp-block-paragraph\">Pour sa part, Abdelrahim Slimane a salu\u00e9 la qualit\u00e9 du partenariat avec les institutions m\u00e9diatiques saoudiennes, rappelant notamment la participation active de l\u2019Union au Forum saoudien des m\u00e9dias depuis sa cr\u00e9ation, ainsi que l\u2019organisation \u00e0 Riyad, en 2022, de la 22\u1d49 \u00e9dition du Festival arabe de la radio et de la t\u00e9l\u00e9vision et de son exposition professionnelle.<\/p>\n\n\n\n<p class=\"wp-block-paragraph\">\u00c0 l\u2019issue de la visite, le directeur g\u00e9n\u00e9ral de l\u2019ASBU a invit\u00e9 l\u2019ambassadeur saoudien \u00e0 effectuer une nouvelle visite afin de d\u00e9couvrir plus en d\u00e9tail les activit\u00e9s, programmes et projets de l\u2019Union, ainsi que les missions de son Acad\u00e9mie de formation m\u00e9diatique.<\/p>\n\n\n\n<p class=\"wp-block-paragraph\">Les deux parties ont enfin insist\u00e9 sur l\u2019importance de poursuivre la coordination et de renforcer la coop\u00e9ration entre l\u2019ASBU et les institutions m\u00e9diatiques saoudiennes, au service du d\u00e9veloppement de l\u2019action m\u00e9diatique arabe commune et de son adaptation aux \u00e9volutions technologiques et professionnelles \u00e0 l\u2019\u00e9chelle r\u00e9gionale et internationale.<\/p>\n","protected":false},"excerpt":{"rendered":"<p>L\u2019ambassadeur du Royaume d\u2019Arabie saoudite en Tunisie, Mohamed Ben Abdallah Ben Hamad Al-Braithen, a effectu\u00e9, hier lundi 20 juillet 2026 une visite au si\u00e8ge de l\u2019Union des radiodiffusions des \u00c9tats arabes (ASBU), o\u00f9 il a \u00e9t\u00e9 accueilli par le directeur g\u00e9n\u00e9ral de l\u2019Union, l\u2019ing\u00e9nieur Abdelrahim Slimane. \u00c0 cette occasion, le directeur g\u00e9n\u00e9ral a salu\u00e9 les [&hellip;]<\/p>\n","protected":false},"author":4,"featured_media":75282,"comment_status":"open","ping_status":"closed","sticky":false,"template":"","format":"standard","meta":{"content-type":"","jnews-multi-image_gallery":[],"jnews_single_post":{"format":"standard"},"jnews_primary_category":[],"jnews_override_bookmark_settings":[],"jnews_review":[],"enable_review":"","type":"","name":"","summary":"","brand":"","sku":"","good":[],"bad":[],"score_override":"","override_value":"","rating":[],"price":[],"jnews_post_split":[],"footnotes":""},"categories":[61],"tags":[7868,19090,19091,1190],"class_list":["post-75281","post","type-post","status-publish","format-standard","has-post-thumbnail","hentry","category-societe","tag-larabie-saoudite-2","tag-lasbu","tag-mohamed-ben-abdallah-ben-hamad-al-braithen","tag-visite"],"_links":{"self":[{"href":"https:\/\/www.africanchallenges.com\/index.php?rest_route=\/wp\/v2\/posts\/75281","targetHints":{"allow":["GET"]}}],"collection":[{"href":"https:\/\/www.africanchallenges.com\/index.php?rest_route=\/wp\/v2\/posts"}],"about":[{"href":"https:\/\/www.africanchallenges.com\/index.php?rest_route=\/wp\/v2\/types\/post"}],"author":[{"embeddable":true,"href":"https:\/\/www.africanchallenges.com\/index.php?rest_route=\/wp\/v2\/users\/4"}],"replies":[{"embeddable":true,"href":"https:\/\/www.africanchallenges.com\/index.php?rest_route=%2Fwp%2Fv2%2Fcomments&post=75281"}],"version-history":[{"count":1,"href":"https:\/\/www.africanchallenges.com\/index.php?rest_route=\/wp\/v2\/posts\/75281\/revisions"}],"predecessor-version":[{"id":75284,"href":"https:\/\/www.africanchallenges.com\/index.php?rest_route=\/wp\/v2\/posts\/75281\/revisions\/75284"}],"wp:featuredmedia":[{"embeddable":true,"href":"https:\/\/www.africanchallenges.com\/index.php?rest_route=\/wp\/v2\/media\/75282"}],"wp:attachment":[{"href":"https:\/\/www.africanchallenges.com\/index.php?rest_route=%2Fwp%2Fv2%2Fmedia&parent=75281"}],"wp:term":[{"taxonomy":"category","embeddable":true,"href":"https:\/\/www.africanchallenges.com\/index.php?rest_route=%2Fwp%2Fv2%2Fcategories&post=75281"},{"taxonomy":"post_tag","embeddable":true,"href":"https:\/\/www.africanchallenges.com\/index.php?rest_route=%2Fwp%2Fv2%2Ftags&post=75281"}],"curies":[{"name":"wp","href":"https:\/\/api.w.org\/{rel}","templated":true}]}}