{"id":75274,"date":"2026-07-21T00:38:23","date_gmt":"2026-07-20T23:38:23","guid":{"rendered":"https:\/\/www.africanchallenges.com\/?p=75274"},"modified":"2026-07-21T00:38:25","modified_gmt":"2026-07-20T23:38:25","slug":"reformer-pour-mieux-former-leila-jaffel-examine-lavenir-de-la-formation-des-avocats","status":"publish","type":"post","link":"https:\/\/www.africanchallenges.com\/?p=75274","title":{"rendered":"R\u00e9former pour mieux former : Le\u00efla Jaffel examine l\u2019avenir de la formation des avocats"},"content":{"rendered":"\n<p class=\"wp-block-paragraph\">La ministre de la Justice, Le\u00efla Jaffel, a pr\u00e9sid\u00e9, hier lundi 20 juillet 2026, une s\u00e9ance de travail consacr\u00e9e \u00e0 l\u2019activit\u00e9 et aux perspectives de d\u00e9veloppement de l\u2019Institut sup\u00e9rieur de la profession d\u2019avocat, en pr\u00e9sence du directeur de l\u2019\u00e9tablissement, le professeur Imed Ferhat, ainsi que du chef de cabinet de la ministre.<\/p>\n\n\n\n<p class=\"wp-block-paragraph\">Au cours de cette r\u00e9union, le directeur de l\u2019Institut a pr\u00e9sent\u00e9 un \u00e9tat des lieux du fonctionnement de l\u2019\u00e9tablissement, ainsi que des propositions visant \u00e0 moderniser les textes juridiques qui l\u2019encadrent. Les discussions ont \u00e9galement port\u00e9 sur la r\u00e9vision des programmes, des mati\u00e8res et des axes de formation afin d\u2019am\u00e9liorer la qualit\u00e9 de la formation initiale dispens\u00e9e aux futurs avocats.<\/p>\n\n\n\n<p class=\"wp-block-paragraph\">La s\u00e9ance a \u00e9galement \u00e9t\u00e9 consacr\u00e9e aux pr\u00e9paratifs du prochain concours d\u2019acc\u00e8s \u00e0 l\u2019Institut sup\u00e9rieur de la profession d\u2019avocat. Les participants ont examin\u00e9 les diff\u00e9rents aspects li\u00e9s \u00e0 son organisation, notamment les volets l\u00e9gislatif et logistique.<\/p>\n\n\n\n<p class=\"wp-block-paragraph\">Les \u00e9changes ont enfin port\u00e9 sur la r\u00e9vision du syst\u00e8me de r\u00e9mun\u00e9ration des intervenants charg\u00e9s de l\u2019enseignement, de la formation et des missions exceptionnelles au sein de l\u2019Institut, dans l\u2019objectif d\u2019assurer de meilleures conditions d\u2019encadrement et de renforcer l\u2019efficacit\u00e9 de la formation des futurs avocats.<\/p>\n","protected":false},"excerpt":{"rendered":"<p>La ministre de la Justice, Le\u00efla Jaffel, a pr\u00e9sid\u00e9, hier lundi 20 juillet 2026, une s\u00e9ance de travail consacr\u00e9e \u00e0 l\u2019activit\u00e9 et aux perspectives de d\u00e9veloppement de l\u2019Institut sup\u00e9rieur de la profession d\u2019avocat, en pr\u00e9sence du directeur de l\u2019\u00e9tablissement, le professeur Imed Ferhat, ainsi que du chef de cabinet de la ministre. Au cours de [&hellip;]<\/p>\n","protected":false},"author":4,"featured_media":75275,"comment_status":"open","ping_status":"closed","sticky":false,"template":"","format":"standard","meta":{"content-type":"","jnews-multi-image_gallery":[],"jnews_single_post":{"format":"standard"},"jnews_primary_category":[],"jnews_override_bookmark_settings":[],"jnews_review":[],"enable_review":"","type":"","name":"","summary":"","brand":"","sku":"","good":[],"bad":[],"score_override":"","override_value":"","rating":[],"price":[],"jnews_post_split":[],"footnotes":""},"categories":[2],"tags":[2408,1929,503,19089],"class_list":["post-75274","post","type-post","status-publish","format-standard","has-post-thumbnail","hentry","category-news-politique","tag-avenir","tag-avocats","tag-formation","tag-leila-jaffel-2"],"_links":{"self":[{"href":"https:\/\/www.africanchallenges.com\/index.php?rest_route=\/wp\/v2\/posts\/75274","targetHints":{"allow":["GET"]}}],"collection":[{"href":"https:\/\/www.africanchallenges.com\/index.php?rest_route=\/wp\/v2\/posts"}],"about":[{"href":"https:\/\/www.africanchallenges.com\/index.php?rest_route=\/wp\/v2\/types\/post"}],"author":[{"embeddable":true,"href":"https:\/\/www.africanchallenges.com\/index.php?rest_route=\/wp\/v2\/users\/4"}],"replies":[{"embeddable":true,"href":"https:\/\/www.africanchallenges.com\/index.php?rest_route=%2Fwp%2Fv2%2Fcomments&post=75274"}],"version-history":[{"count":1,"href":"https:\/\/www.africanchallenges.com\/index.php?rest_route=\/wp\/v2\/posts\/75274\/revisions"}],"predecessor-version":[{"id":75276,"href":"https:\/\/www.africanchallenges.com\/index.php?rest_route=\/wp\/v2\/posts\/75274\/revisions\/75276"}],"wp:featuredmedia":[{"embeddable":true,"href":"https:\/\/www.africanchallenges.com\/index.php?rest_route=\/wp\/v2\/media\/75275"}],"wp:attachment":[{"href":"https:\/\/www.africanchallenges.com\/index.php?rest_route=%2Fwp%2Fv2%2Fmedia&parent=75274"}],"wp:term":[{"taxonomy":"category","embeddable":true,"href":"https:\/\/www.africanchallenges.com\/index.php?rest_route=%2Fwp%2Fv2%2Fcategories&post=75274"},{"taxonomy":"post_tag","embeddable":true,"href":"https:\/\/www.africanchallenges.com\/index.php?rest_route=%2Fwp%2Fv2%2Ftags&post=75274"}],"curies":[{"name":"wp","href":"https:\/\/api.w.org\/{rel}","templated":true}]}}