{"id":75270,"date":"2026-07-21T00:01:01","date_gmt":"2026-07-20T23:01:01","guid":{"rendered":"https:\/\/www.africanchallenges.com\/?p=75270"},"modified":"2026-07-21T00:01:36","modified_gmt":"2026-07-20T23:01:36","slug":"kais-saied-appelle-a-transformer-la-dette-en-investissements-pour-batir-la-tunisie-de-demain","status":"publish","type":"post","link":"https:\/\/www.africanchallenges.com\/?p=75270","title":{"rendered":"Ka\u00efs Sa\u00efed appelle \u00e0 transformer la dette en investissements pour b\u00e2tir la Tunisie de demain"},"content":{"rendered":"\n<p class=\"wp-block-paragraph\">Le pr\u00e9sident de la R\u00e9publique, Ka\u00efs Sa\u00efed, a pr\u00e9sid\u00e9, lundi 20 juillet, une r\u00e9union au palais de Carthage avec la cheffe du gouvernement, Sarra Zaafrani Zenzri, le ministre de l\u2019\u00c9conomie et de la Planification, Samir Abdelhafidh, et le gouverneur de la Banque centrale de Tunisie, Fethi Zouhair Nouri.<\/p>\n\n\n\n<p class=\"wp-block-paragraph\">Au cours de cette rencontre, le chef de l\u2019\u00c9tat a abord\u00e9 la loi r\u00e9cemment promulgu\u00e9e portant approbation du Plan de d\u00e9veloppement 2026-2030, consid\u00e9r\u00e9 comme un cadre strat\u00e9gique pour les prochaines ann\u00e9es.<\/p>\n\n\n\n<p class=\"wp-block-paragraph\">Ka\u00efs Sa\u00efed est \u00e9galement revenu sur la question de l\u2019endettement public, soulignant que certaines dettes accumul\u00e9es n\u2019ont pas b\u00e9n\u00e9fici\u00e9 au peuple tunisien. Il a toutefois rappel\u00e9 que la Tunisie a honor\u00e9 l\u2019ensemble de ses engagements financiers et n\u2019a enregistr\u00e9 aucun retard dans le remboursement de ses obligations.<\/p>\n\n\n\n<p class=\"wp-block-paragraph\">Dans ce contexte, le pr\u00e9sident de la R\u00e9publique a appel\u00e9 \u00e0 intensifier les efforts afin de convertir ces dettes en investissements productifs, notamment pour reconstruire et moderniser les services et infrastructures publics conform\u00e9ment aux attentes des citoyens.<\/p>\n\n\n\n<p class=\"wp-block-paragraph\">Il a affirm\u00e9 que les aspirations du peuple tunisien ne seront pas d\u00e9\u00e7ues, appelant \u00e0 une mobilisation collective pour r\u00e9pondre aux d\u00e9fis \u00e9conomiques et sociaux.<\/p>\n\n\n\n<p class=\"wp-block-paragraph\">En conclusion, Ka\u00efs Sa\u00efed a estim\u00e9 que l\u2019histoire des nations conna\u00eet des moments d\u00e9cisifs o\u00f9 les peuples sont appel\u00e9s \u00e0 prendre leur destin en main et \u00e0 fa\u00e7onner leur avenir. \u00ab Il n\u2019y a pas de place, dans cette \u00e9tape, pour les mains tremblantes, les h\u00e9sitations ou la pens\u00e9e soumise \u00bb, a-t-il soulign\u00e9.<\/p>\n","protected":false},"excerpt":{"rendered":"<p>Le pr\u00e9sident de la R\u00e9publique, Ka\u00efs Sa\u00efed, a pr\u00e9sid\u00e9, lundi 20 juillet, une r\u00e9union au palais de Carthage avec la cheffe du gouvernement, Sarra Zaafrani Zenzri, le ministre de l\u2019\u00c9conomie et de la Planification, Samir Abdelhafidh, et le gouverneur de la Banque centrale de Tunisie, Fethi Zouhair Nouri. Au cours de cette rencontre, le chef [&hellip;]<\/p>\n","protected":false},"author":4,"featured_media":75271,"comment_status":"open","ping_status":"closed","sticky":false,"template":"","format":"standard","meta":{"content-type":"","jnews-multi-image_gallery":[],"jnews_single_post":{"format":"standard"},"jnews_primary_category":[],"jnews_override_bookmark_settings":[],"jnews_review":[],"enable_review":"","type":"","name":"","summary":"","brand":"","sku":"","good":[],"bad":[],"score_override":"","override_value":"","rating":[],"price":[],"jnews_post_split":[],"footnotes":""},"categories":[2],"tags":[5265,1109,3694,54],"class_list":["post-75270","post","type-post","status-publish","format-standard","has-post-thumbnail","hentry","category-news-politique","tag-dette","tag-investissements","tag-kais-saied","tag-tunisie"],"_links":{"self":[{"href":"https:\/\/www.africanchallenges.com\/index.php?rest_route=\/wp\/v2\/posts\/75270","targetHints":{"allow":["GET"]}}],"collection":[{"href":"https:\/\/www.africanchallenges.com\/index.php?rest_route=\/wp\/v2\/posts"}],"about":[{"href":"https:\/\/www.africanchallenges.com\/index.php?rest_route=\/wp\/v2\/types\/post"}],"author":[{"embeddable":true,"href":"https:\/\/www.africanchallenges.com\/index.php?rest_route=\/wp\/v2\/users\/4"}],"replies":[{"embeddable":true,"href":"https:\/\/www.africanchallenges.com\/index.php?rest_route=%2Fwp%2Fv2%2Fcomments&post=75270"}],"version-history":[{"count":1,"href":"https:\/\/www.africanchallenges.com\/index.php?rest_route=\/wp\/v2\/posts\/75270\/revisions"}],"predecessor-version":[{"id":75272,"href":"https:\/\/www.africanchallenges.com\/index.php?rest_route=\/wp\/v2\/posts\/75270\/revisions\/75272"}],"wp:featuredmedia":[{"embeddable":true,"href":"https:\/\/www.africanchallenges.com\/index.php?rest_route=\/wp\/v2\/media\/75271"}],"wp:attachment":[{"href":"https:\/\/www.africanchallenges.com\/index.php?rest_route=%2Fwp%2Fv2%2Fmedia&parent=75270"}],"wp:term":[{"taxonomy":"category","embeddable":true,"href":"https:\/\/www.africanchallenges.com\/index.php?rest_route=%2Fwp%2Fv2%2Fcategories&post=75270"},{"taxonomy":"post_tag","embeddable":true,"href":"https:\/\/www.africanchallenges.com\/index.php?rest_route=%2Fwp%2Fv2%2Ftags&post=75270"}],"curies":[{"name":"wp","href":"https:\/\/api.w.org\/{rel}","templated":true}]}}