{"id":75257,"date":"2026-07-21T08:30:00","date_gmt":"2026-07-21T07:30:00","guid":{"rendered":"https:\/\/www.africanchallenges.com\/?p=75257"},"modified":"2026-07-20T22:50:27","modified_gmt":"2026-07-20T21:50:27","slug":"lambassadeur-despagne-en-tunisie-dedie-la-victoire-de-son-pays-a-la-palestine","status":"publish","type":"post","link":"https:\/\/www.africanchallenges.com\/?p=75257","title":{"rendered":"L\u2019Ambassadeur d\u2019Espagne en Tunisie d\u00e9die la victoire de son pays \u00e0 la Palestine"},"content":{"rendered":"\n<p class=\"wp-block-paragraph\">\u00c0 l\u2019issue de la finale de la Coupe du monde de football, remport\u00e9e par la s\u00e9lection espagnole, Son Excellence M. Isidro Gonz\u00e1lez Afonso, Ambassadeur du Royaume d\u2019Espagne aupr\u00e8s de la R\u00e9publique tunisienne, a d\u00e9di\u00e9 ce sacre au peuple palestinien. S\u2019adressant \u00e0 Son Excellence M. Rami Farouk Al-Qudoumi, Ambassadeur de l\u2019\u00c9tat de Palestine en Tunisie, il a d\u00e9clar\u00e9 : \u00ab Cette victoire est pour la Palestine\u2026 Nous sommes du c\u00f4t\u00e9 du droit et de la justice pour la Palestine. \u00bb<\/p>\n\n\n\n<p class=\"wp-block-paragraph\">Cette d\u00e9claration, porteuse d\u2019une forte dimension humaine et politique, est intervenue lors d\u2019une r\u00e9ception organis\u00e9e par l\u2019Ambassadeur d\u2019Espagne \u00e0 sa r\u00e9sidence \u00e0 l\u2019occasion de la retransmission de la finale de la Coupe du monde, en pr\u00e9sence de plusieurs chefs de missions diplomatiques accr\u00e9dit\u00e9s en Tunisie. Parmi les invit\u00e9s figurait notamment l\u2019Ambassadeur de l\u2019\u00c9tat de Palestine, M. Rami Farouk Al-Qudoumi, qui a \u00e9t\u00e9 chaleureusement accueilli par son homologue espagnol.<\/p>\n\n\n\n<p class=\"wp-block-paragraph\">Par ces propos, l\u2019Ambassadeur d\u2019Espagne a r\u00e9affirm\u00e9 le soutien constant de son pays aux droits l\u00e9gitimes du peuple palestinien, adressant un message de solidarit\u00e9 \u00e0 l\u2019occasion d\u2019un moment de c\u00e9l\u00e9bration nationale.<\/p>\n\n\n\n<p class=\"wp-block-paragraph\">De son c\u00f4t\u00e9, l\u2019Ambassadeur Rami Farouk Al-Qudoumi a exprim\u00e9 sa gratitude \u00e0 son homologue espagnol pour son accueil chaleureux et pour cette initiative, saluant les messages de solidarit\u00e9 et de soutien qu\u2019elle v\u00e9hicule en faveur du peuple palestinien et de sa juste cause.<\/p>\n\n\n\n<p class=\"wp-block-paragraph\">Il convient de rappeler que M. Isidro Gonz\u00e1lez Afonso a pr\u00e9c\u00e9demment exerc\u00e9 les fonctions de consul adjoint d\u2019Espagne \u00e0 J\u00e9rusalem, une exp\u00e9rience qui lui a permis d\u2019acqu\u00e9rir une connaissance directe de la r\u00e9alit\u00e9 sur le terrain et des enjeux li\u00e9s \u00e0 la question palestinienne.<\/p>\n","protected":false},"excerpt":{"rendered":"<p>\u00c0 l\u2019issue de la finale de la Coupe du monde de football, remport\u00e9e par la s\u00e9lection espagnole, Son Excellence M. Isidro Gonz\u00e1lez Afonso, Ambassadeur du Royaume d\u2019Espagne aupr\u00e8s de la R\u00e9publique tunisienne, a d\u00e9di\u00e9 ce sacre au peuple palestinien. S\u2019adressant \u00e0 Son Excellence M. Rami Farouk Al-Qudoumi, Ambassadeur de l\u2019\u00c9tat de Palestine en Tunisie, il [&hellip;]<\/p>\n","protected":false},"author":4,"featured_media":75258,"comment_status":"open","ping_status":"closed","sticky":false,"template":"","format":"standard","meta":{"content-type":"","jnews-multi-image_gallery":[],"jnews_single_post":{"format":"standard"},"jnews_primary_category":[],"jnews_override_bookmark_settings":[],"jnews_review":[],"enable_review":"","type":"","name":"","summary":"","brand":"","sku":"","good":[],"bad":[],"score_override":"","override_value":"","rating":[],"price":[],"jnews_post_split":[],"footnotes":""},"categories":[2],"tags":[18783,9558,19080,439,6025],"class_list":["post-75257","post","type-post","status-publish","format-standard","has-post-thumbnail","hentry","category-news-politique","tag-coupe-du-monde-de-football","tag-espagne","tag-isidro-gonzalez-afonso","tag-palestine","tag-victoire"],"_links":{"self":[{"href":"https:\/\/www.africanchallenges.com\/index.php?rest_route=\/wp\/v2\/posts\/75257","targetHints":{"allow":["GET"]}}],"collection":[{"href":"https:\/\/www.africanchallenges.com\/index.php?rest_route=\/wp\/v2\/posts"}],"about":[{"href":"https:\/\/www.africanchallenges.com\/index.php?rest_route=\/wp\/v2\/types\/post"}],"author":[{"embeddable":true,"href":"https:\/\/www.africanchallenges.com\/index.php?rest_route=\/wp\/v2\/users\/4"}],"replies":[{"embeddable":true,"href":"https:\/\/www.africanchallenges.com\/index.php?rest_route=%2Fwp%2Fv2%2Fcomments&post=75257"}],"version-history":[{"count":1,"href":"https:\/\/www.africanchallenges.com\/index.php?rest_route=\/wp\/v2\/posts\/75257\/revisions"}],"predecessor-version":[{"id":75259,"href":"https:\/\/www.africanchallenges.com\/index.php?rest_route=\/wp\/v2\/posts\/75257\/revisions\/75259"}],"wp:featuredmedia":[{"embeddable":true,"href":"https:\/\/www.africanchallenges.com\/index.php?rest_route=\/wp\/v2\/media\/75258"}],"wp:attachment":[{"href":"https:\/\/www.africanchallenges.com\/index.php?rest_route=%2Fwp%2Fv2%2Fmedia&parent=75257"}],"wp:term":[{"taxonomy":"category","embeddable":true,"href":"https:\/\/www.africanchallenges.com\/index.php?rest_route=%2Fwp%2Fv2%2Fcategories&post=75257"},{"taxonomy":"post_tag","embeddable":true,"href":"https:\/\/www.africanchallenges.com\/index.php?rest_route=%2Fwp%2Fv2%2Ftags&post=75257"}],"curies":[{"name":"wp","href":"https:\/\/api.w.org\/{rel}","templated":true}]}}