{"id":75251,"date":"2026-07-21T08:00:00","date_gmt":"2026-07-21T07:00:00","guid":{"rendered":"https:\/\/www.africanchallenges.com\/?p=75251"},"modified":"2026-07-20T22:32:44","modified_gmt":"2026-07-20T21:32:44","slug":"la-tunisie-reaffirme-son-engagement-en-faveur-de-la-preservation-du-patrimoine-mondial-a-lunesco","status":"publish","type":"post","link":"https:\/\/www.africanchallenges.com\/?p=75251","title":{"rendered":"La Tunisie r\u00e9affirme son engagement en faveur de la pr\u00e9servation du patrimoine mondial \u00e0 l&rsquo;UNESCO"},"content":{"rendered":"\n<p class=\"wp-block-paragraph\">\u00c0 l&rsquo;occasion de la 48\u1d49 session du Comit\u00e9 du patrimoine mondial de l&rsquo;UNESCO, qui se tient \u00e0 Busan, en R\u00e9publique de Cor\u00e9e, du 19 au 29 juillet 2026, la Tunisie a r\u00e9affirm\u00e9 son engagement en faveur de la protection et de la valorisation du patrimoine culturel et naturel mondial.<\/p>\n\n\n\n<p class=\"wp-block-paragraph\">S&rsquo;exprimant devant les \u00c9tats membres, M. Dhia Khaled, ambassadeur et d\u00e9l\u00e9gu\u00e9 permanent de la Tunisie aupr\u00e8s de l&rsquo;UNESCO et chef de la d\u00e9l\u00e9gation tunisienne, a salu\u00e9 les efforts d\u00e9ploy\u00e9s par le Centre du patrimoine mondial dans un contexte marqu\u00e9 par la multiplication des menaces qui p\u00e8sent sur les sites inscrits au patrimoine mondial.<\/p>\n\n\n\n<p class=\"wp-block-paragraph\">Le diplomate tunisien a soulign\u00e9 la volont\u00e9 de la Tunisie de mettre son exp\u00e9rience et son expertise au service de la mise en \u0153uvre de la Convention du patrimoine mondial de 1972, dans un esprit de solidarit\u00e9, de dialogue et de coop\u00e9ration internationale.<\/p>\n\n\n\n<p class=\"wp-block-paragraph\">Il a \u00e9galement r\u00e9affirm\u00e9 le soutien de la Tunisie aux initiatives du Centre visant \u00e0 renforcer les capacit\u00e9s techniques des pays africains, tout en insistant sur l&rsquo;importance d&rsquo;une implication accrue des communaut\u00e9s locales dans les actions de conservation, de gestion et de valorisation du patrimoine mondial.<\/p>\n\n\n\n<p class=\"wp-block-paragraph\">Dans son intervention, M. Dhia Khaled a mis en avant la qualit\u00e9 de la coop\u00e9ration entre la Tunisie et le Centre du patrimoine mondial, notamment dans le cadre des projets de restauration et de mise en valeur de plusieurs biens tunisiens inscrits sur la Liste du patrimoine mondial de l&rsquo;UNESCO.<\/p>\n\n\n\n<p class=\"wp-block-paragraph\">Le chef de la d\u00e9l\u00e9gation tunisienne a \u00e9galement salu\u00e9 le succ\u00e8s de l&rsquo;atelier r\u00e9gional consacr\u00e9 \u00e0 la documentation num\u00e9rique du patrimoine, organis\u00e9 r\u00e9cemment par le Comit\u00e9 du patrimoine \u00e0 l&rsquo;amphith\u00e9\u00e2tre d&rsquo;El Jem. Cette rencontre a permis de renforcer les comp\u00e9tences des participants en mati\u00e8re d&rsquo;utilisation des nouvelles technologies au service d&rsquo;une conservation durable des sites patrimoniaux.<\/p>\n\n\n\n<p class=\"wp-block-paragraph\">Les travaux de la 48\u1d49 session du Comit\u00e9 du patrimoine mondial ont \u00e9t\u00e9 officiellement ouverts par le Directeur g\u00e9n\u00e9ral de l&rsquo;UNESCO. Cette r\u00e9union rassemble, jusqu&rsquo;au 29 juillet, les repr\u00e9sentants des \u00c9tats parties afin d&rsquo;examiner les questions li\u00e9es \u00e0 la protection, \u00e0 la conservation et \u00e0 la gestion des biens inscrits sur la Liste du patrimoine mondial, ainsi que les nouvelles propositions d&rsquo;inscription.<\/p>\n","protected":false},"excerpt":{"rendered":"<p>\u00c0 l&rsquo;occasion de la 48\u1d49 session du Comit\u00e9 du patrimoine mondial de l&rsquo;UNESCO, qui se tient \u00e0 Busan, en R\u00e9publique de Cor\u00e9e, du 19 au 29 juillet 2026, la Tunisie a r\u00e9affirm\u00e9 son engagement en faveur de la protection et de la valorisation du patrimoine culturel et naturel mondial. S&rsquo;exprimant devant les \u00c9tats membres, M. [&hellip;]<\/p>\n","protected":false},"author":4,"featured_media":75252,"comment_status":"open","ping_status":"closed","sticky":false,"template":"","format":"standard","meta":{"content-type":"","jnews-multi-image_gallery":[],"jnews_single_post":{"format":"standard"},"jnews_primary_category":[],"jnews_override_bookmark_settings":[],"jnews_review":[],"enable_review":"","type":"","name":"","summary":"","brand":"","sku":"","good":[],"bad":[],"score_override":"","override_value":"","rating":[],"price":[],"jnews_post_split":[],"footnotes":""},"categories":[2],"tags":[4406,986,11489,54],"class_list":["post-75251","post","type-post","status-publish","format-standard","has-post-thumbnail","hentry","category-news-politique","tag-engagement","tag-lunesco","tag-patrimoine-mondial","tag-tunisie"],"_links":{"self":[{"href":"https:\/\/www.africanchallenges.com\/index.php?rest_route=\/wp\/v2\/posts\/75251","targetHints":{"allow":["GET"]}}],"collection":[{"href":"https:\/\/www.africanchallenges.com\/index.php?rest_route=\/wp\/v2\/posts"}],"about":[{"href":"https:\/\/www.africanchallenges.com\/index.php?rest_route=\/wp\/v2\/types\/post"}],"author":[{"embeddable":true,"href":"https:\/\/www.africanchallenges.com\/index.php?rest_route=\/wp\/v2\/users\/4"}],"replies":[{"embeddable":true,"href":"https:\/\/www.africanchallenges.com\/index.php?rest_route=%2Fwp%2Fv2%2Fcomments&post=75251"}],"version-history":[{"count":1,"href":"https:\/\/www.africanchallenges.com\/index.php?rest_route=\/wp\/v2\/posts\/75251\/revisions"}],"predecessor-version":[{"id":75253,"href":"https:\/\/www.africanchallenges.com\/index.php?rest_route=\/wp\/v2\/posts\/75251\/revisions\/75253"}],"wp:featuredmedia":[{"embeddable":true,"href":"https:\/\/www.africanchallenges.com\/index.php?rest_route=\/wp\/v2\/media\/75252"}],"wp:attachment":[{"href":"https:\/\/www.africanchallenges.com\/index.php?rest_route=%2Fwp%2Fv2%2Fmedia&parent=75251"}],"wp:term":[{"taxonomy":"category","embeddable":true,"href":"https:\/\/www.africanchallenges.com\/index.php?rest_route=%2Fwp%2Fv2%2Fcategories&post=75251"},{"taxonomy":"post_tag","embeddable":true,"href":"https:\/\/www.africanchallenges.com\/index.php?rest_route=%2Fwp%2Fv2%2Ftags&post=75251"}],"curies":[{"name":"wp","href":"https:\/\/api.w.org\/{rel}","templated":true}]}}