{"id":75244,"date":"2026-07-20T14:02:39","date_gmt":"2026-07-20T13:02:39","guid":{"rendered":"https:\/\/www.africanchallenges.com\/?p=75244"},"modified":"2026-07-20T14:03:01","modified_gmt":"2026-07-20T13:03:01","slug":"le-roi-charles-iii-nomme-andy-burnham-premier-ministre-une-nouvelle-ere-souvre-au-royaume-uni","status":"publish","type":"post","link":"https:\/\/www.africanchallenges.com\/?p=75244","title":{"rendered":"Le roi Charles III nomme Andy Burnham Premier ministre : une nouvelle \u00e8re s\u2019ouvre au Royaume-Uni"},"content":{"rendered":"\n<p class=\"wp-block-paragraph\">L&rsquo;ancien maire du Grand Manchester a officiellement \u00e9t\u00e9 nomm\u00e9 Premier ministre par le roi, Charles III. Le nouveau chef du parti travailliste\u00a0Andy Burnham\u00a0a officiellement \u00e9t\u00e9 nomm\u00e9 Premier ministre par le roi Charles III, qui lui a demand\u00e9 de former un gouvernement, a annonc\u00e9 le palais de Buckingham dans un bref communiqu\u00e9 ce lundi 20 juillet.<\/p>\n\n\n\n<p class=\"wp-block-paragraph\">Accompagn\u00e9 de son \u00e9pouse d&rsquo;origine n\u00e9erlandaise Marie-France van Heel, l&rsquo;ex-maire du Grand-Manchester de 56 ans a \u00e9t\u00e9 re\u00e7u \u00e0 la mi-journ\u00e9e par le souverain au palais, avant de se rendre au 10, Downing Street.<\/p>\n\n\n\n<p class=\"wp-block-paragraph\">Andy Burnham succ\u00e8de \u00e0 Keir Starmer, qui a\u00a0quitt\u00e9 ses fonctions apr\u00e8s deux ans au pouvoir.<\/p>\n\n\n\n<h4 class=\"wp-block-heading\" id=\"7u19k\"><strong>\u00ab\u00a0Plan sur dix ans\u00a0\u00bb<\/strong><\/h4>\n\n\n\n<p class=\"wp-block-paragraph\">Devant le 10, Downing Street, le nouveau Premier ministre britannique a promis un \u00ab\u00a0plan sur dix ans\u00a0\u00bb pour redresser le Royaume-Uni, \u00e9voquant notamment une r\u00e9forme du syst\u00e8me \u00e9ducatif, la r\u00e9industrialisation, la construction de logements sociaux et la volont\u00e9 de \u00ab\u00a0mettre fin au sans-abrisme\u00a0\u00bb dans le pays.<\/p>\n\n\n\n<p class=\"wp-block-paragraph\">Il a promis d&rsquo;agir \u00ab\u00a0maintenant pour offrir aux gens un peu de r\u00e9pit et les aider \u00e0 faire face au co\u00fbt de la vie\u00a0\u00bb, en s&rsquo;exprimant devant de nombreux soutiens et collaborateurs, sans notes et sans le traditionnel pupitre utilis\u00e9 par ses pr\u00e9d\u00e9cesseurs.<\/p>\n\n\n\n<p class=\"wp-block-paragraph\">\u00ab\u00a0Nous n&rsquo;avons pas \u00e9t\u00e9 assez bons. Nous avons besoin d&rsquo;\u00eatre meilleurs, nous le serons\u00a0\u00bb, a promis Andy Burnham.<\/p>\n\n\n\n<blockquote class=\"wp-block-quote is-layout-flow wp-block-quote-is-layout-flow\">\n<p class=\"wp-block-paragraph\"><a href=\"https:\/\/twitter.com\/SkyNews\/status\/2079173749979414834?s=20\"><\/a><\/p>\n<\/blockquote>\n\n\n\n<h4 class=\"wp-block-heading\" id=\"cd2ir\"><strong>\u00ab\u00a0R\u00e9tablir la confiance dans le gouvernement\u00a0\u00bb<\/strong><\/h4>\n\n\n\n<p class=\"wp-block-paragraph\">Devenu vendredi chef du Labour apr\u00e8s avoir engrang\u00e9 le soutien d&rsquo;environ 95% des d\u00e9put\u00e9s travaillistes, Andy Burnham est le sixi\u00e8me Premier ministre \u00e0 entrer \u00e0 Downing Street en dix ans.<\/p>\n\n\n\n<p class=\"wp-block-paragraph\">Il a \u00e9t\u00e9 officiellement charg\u00e9 par le roi Charles III de former un nouveau gouvernement, lors d&rsquo;un entretien au palais de Buckingham \u00e0 la mi-journ\u00e9e, avant de se rendre dans la foul\u00e9e \u00e0 Downing Street pour prononcer son premier discours en tant que Premier ministre.<\/p>\n\n\n\n<p class=\"wp-block-paragraph\">Il va exposer \u00ab\u00a0ses priorit\u00e9s\u00a0\u00bb avec l&rsquo;objectif de \u00ab\u00a0r\u00e9tablir la confiance dans le gouvernement\u00a0\u00bb et de \u00ab\u00a0donner de l&rsquo;oxyg\u00e8ne\u00a0\u00bb aux Britanniques face \u00e0 la crise du co\u00fbt de la vie, selon son \u00e9quipe.<\/p>\n\n\n\n<p class=\"wp-block-paragraph\">Keir Starmer avait annonc\u00e9 son d\u00e9part le 22 juin, impopulaire dans le pays et fortement contest\u00e9 au sein de son parti apr\u00e8s des d\u00e9cisions maladroites, des pol\u00e9miques et des d\u00e9faites \u00e9lectorales locales.<\/p>\n\n\n\n<blockquote class=\"wp-block-quote is-layout-flow wp-block-quote-is-layout-flow\">\n<p class=\"wp-block-paragraph\">\u00ab\u00a0Le Royaume-Uni est plus fort et plus juste qu&rsquo;il y a deux ans\u00a0\u00bb, a-t-il d\u00e9clar\u00e9 lundi dans une courte allocution devant le 10, Downing Street, entour\u00e9 de ses collaborateurs et de certains membres du gouvernement sortant.<\/p>\n<\/blockquote>\n\n\n\n<p class=\"wp-block-paragraph\">\u00ab\u00a0Je pars avec le sourire et je pars fier de tout ce que nous avons accompli\u00a0\u00bb, a-t-il ajout\u00e9.<\/p>\n\n\n\n<p class=\"wp-block-paragraph\">Il est ensuite all\u00e9 pr\u00e9senter officiellement sa d\u00e9mission au roi Charles III au palais de Buckingham, qui l&rsquo;a accept\u00e9e, selon un communiqu\u00e9 du palais, pr\u00e9cisant que Keir Starmer \u00e9tait accompagn\u00e9 de son \u00e9pouse, Victoria.<\/p>\n\n\n\n<h4 class=\"wp-block-heading\" id=\"79atr\"><strong>Gouverner \u00ab\u00a0diff\u00e9remment\u00a0\u00bb<\/strong><\/h4>\n\n\n\n<p class=\"wp-block-paragraph\">Le nouveau gouvernement devrait \u00eatre annonc\u00e9 dans l&rsquo;apr\u00e8s-midi.<\/p>\n\n\n\n<p class=\"wp-block-paragraph\">Beaucoup s&rsquo;interrogent sur le successeur de Rachel Reeves au poste de ministre des Finances. Plusieurs noms ont circul\u00e9, dont celui de Shabana Mahmood, jusqu&rsquo;ici \u00e0 l&rsquo;Int\u00e9rieur, o\u00f9 elle a men\u00e9 une politique tr\u00e8s ferme sur l&rsquo;immigration.<\/p>\n\n\n\n<p class=\"wp-block-paragraph\">Andy Burnham va devoir r\u00e9pondre \u00e0 des d\u00e9fis qui ont provoqu\u00e9 la chute de ses pr\u00e9d\u00e9cesseurs, au premier rang desquels une croissante \u00e9conomique atone et une crise persistante du co\u00fbt de la vie. Sa marge de man\u0153uvre est faible en raison d&rsquo;une dette publique tr\u00e8s \u00e9lev\u00e9e.<\/p>\n\n\n\n<p class=\"wp-block-paragraph\">Les travaillistes comptent sur Andy Burnham, surnomm\u00e9 \u00ab\u00a0le roi du Nord\u00a0\u00bb, pour stopper l&rsquo;ascension du parti anti-immigration Reform UK de Nigel Farage, en t\u00eate des sondages pour les prochaines \u00e9lections l\u00e9gislatives pr\u00e9vues en 2029.<\/p>\n\n\n\n<p class=\"wp-block-paragraph\">Dans un entretien au Times lundi, Andy Burnham, habile communicant au style d\u00e9tendu, per\u00e7u comme un peu plus \u00e0 gauche que Keir Starmer, a promis de gouverner \u00ab\u00a0diff\u00e9remment\u00a0\u00bb. \u00ab\u00a0Il faut montrer aux gens o\u00f9 nous allons, puis les \u00e9tapes pour y parvenir\u00a0\u00bb, a-t-il insist\u00e9. Vendredi, il a r\u00e9p\u00e9t\u00e9 qu&rsquo;il s&rsquo;agissait de \u00ab\u00a0la derni\u00e8re chance\u00a0\u00bb pour le Labour.<\/p>\n\n\n\n<h4 class=\"wp-block-heading\" id=\"1epou\"><strong>Artisan du renouveau \u00e9conomique de Manchester<\/strong><\/h4>\n\n\n\n<p class=\"wp-block-paragraph\">Apr\u00e8s deux \u00e9checs pour prendre la t\u00eate du Labour en 2010 et 2015, Andy Burnham avait quitt\u00e9 Londres pour retourner dans le Nord, dont il est originaire. Il avait \u00e9t\u00e9 \u00e9lu maire du Grand Manchester en 2017.<\/p>\n\n\n\n<p class=\"wp-block-paragraph\">C&rsquo;est \u00e0 la t\u00eate de cet ancien bastion industriel, qui a connu un renouveau \u00e9conomique, qu&rsquo;il est devenu l&rsquo;une des personnalit\u00e9s politiques les plus populaires du pays.<\/p>\n\n\n\n<p class=\"wp-block-paragraph\">Il a dit vouloir d\u00e9centraliser le pouvoir et cr\u00e9er un \u00ab\u00a0N\u00b010 du Nord\u00a0\u00bb -r\u00e9f\u00e9rence au 10, Downing Street &#8211; bas\u00e9 \u00e0 Manchester.<\/p>\n\n\n\n<p class=\"wp-block-paragraph\">Et son \u00e9quipe a pr\u00e9venu qu&rsquo;il abandonnera le projet de carte d&rsquo;identit\u00e9 num\u00e9rique propos\u00e9 par Keir Starmer pour lutter contre le travail des \u00e9trangers en situation irr\u00e9guli\u00e8re.<\/p>\n\n\n\n<p class=\"wp-block-paragraph\"><strong>Source : AFP<\/strong><\/p>\n","protected":false},"excerpt":{"rendered":"<p>L&rsquo;ancien maire du Grand Manchester a officiellement \u00e9t\u00e9 nomm\u00e9 Premier ministre par le roi, Charles III. Le nouveau chef du parti travailliste\u00a0Andy Burnham\u00a0a officiellement \u00e9t\u00e9 nomm\u00e9 Premier ministre par le roi Charles III, qui lui a demand\u00e9 de former un gouvernement, a annonc\u00e9 le palais de Buckingham dans un bref communiqu\u00e9 ce lundi 20 juillet. [&hellip;]<\/p>\n","protected":false},"author":4,"featured_media":75245,"comment_status":"open","ping_status":"closed","sticky":false,"template":"","format":"standard","meta":{"content-type":"","jnews-multi-image_gallery":[],"jnews_single_post":{"format":"standard"},"jnews_primary_category":[],"jnews_override_bookmark_settings":[],"jnews_review":[],"enable_review":"","type":"","name":"","summary":"","brand":"","sku":"","good":[],"bad":[],"score_override":"","override_value":"","rating":[],"price":[],"jnews_post_split":[],"footnotes":""},"categories":[6],"tags":[19075,11072,5803],"class_list":["post-75244","post","type-post","status-publish","format-standard","has-post-thumbnail","hentry","category-world","tag-andy-burnham","tag-roi-charles-iii","tag-royaume-uni-2"],"_links":{"self":[{"href":"https:\/\/www.africanchallenges.com\/index.php?rest_route=\/wp\/v2\/posts\/75244","targetHints":{"allow":["GET"]}}],"collection":[{"href":"https:\/\/www.africanchallenges.com\/index.php?rest_route=\/wp\/v2\/posts"}],"about":[{"href":"https:\/\/www.africanchallenges.com\/index.php?rest_route=\/wp\/v2\/types\/post"}],"author":[{"embeddable":true,"href":"https:\/\/www.africanchallenges.com\/index.php?rest_route=\/wp\/v2\/users\/4"}],"replies":[{"embeddable":true,"href":"https:\/\/www.africanchallenges.com\/index.php?rest_route=%2Fwp%2Fv2%2Fcomments&post=75244"}],"version-history":[{"count":2,"href":"https:\/\/www.africanchallenges.com\/index.php?rest_route=\/wp\/v2\/posts\/75244\/revisions"}],"predecessor-version":[{"id":75247,"href":"https:\/\/www.africanchallenges.com\/index.php?rest_route=\/wp\/v2\/posts\/75244\/revisions\/75247"}],"wp:featuredmedia":[{"embeddable":true,"href":"https:\/\/www.africanchallenges.com\/index.php?rest_route=\/wp\/v2\/media\/75245"}],"wp:attachment":[{"href":"https:\/\/www.africanchallenges.com\/index.php?rest_route=%2Fwp%2Fv2%2Fmedia&parent=75244"}],"wp:term":[{"taxonomy":"category","embeddable":true,"href":"https:\/\/www.africanchallenges.com\/index.php?rest_route=%2Fwp%2Fv2%2Fcategories&post=75244"},{"taxonomy":"post_tag","embeddable":true,"href":"https:\/\/www.africanchallenges.com\/index.php?rest_route=%2Fwp%2Fv2%2Ftags&post=75244"}],"curies":[{"name":"wp","href":"https:\/\/api.w.org\/{rel}","templated":true}]}}