{"id":75203,"date":"2026-07-19T18:20:19","date_gmt":"2026-07-19T17:20:19","guid":{"rendered":"https:\/\/www.africanchallenges.com\/?p=75203"},"modified":"2026-07-19T18:20:35","modified_gmt":"2026-07-19T17:20:35","slug":"retour-sur-la-visite-de-kais-saied-leau-les-infrastructures-et-le-patrimoine-au-coeur-des-priorites","status":"publish","type":"post","link":"https:\/\/www.africanchallenges.com\/?p=75203","title":{"rendered":"Retour sur la visite de Ka\u00efs Sa\u00efed : l&rsquo;eau, les infrastructures et le patrimoine au c\u0153ur des priorit\u00e9s"},"content":{"rendered":"\n<p class=\"wp-block-paragraph\">Le Pr\u00e9sident de la R\u00e9publique, <strong>Ka\u00efs Sa\u00efed<\/strong>, s&rsquo;est rendu, dans l&rsquo;apr\u00e8s-midi du vendredi 18 juillet, au complexe hydraulique de <strong>Ghdir El Golla<\/strong>, relevant de la Soci\u00e9t\u00e9 nationale d&rsquo;exploitation et de distribution des eaux (SONEDE).<\/p>\n\n\n\n<p class=\"wp-block-paragraph\">Au cours de cette visite, le Chef de l&rsquo;\u00c9tat a pris connaissance des diff\u00e9rentes composantes de cette installation strat\u00e9gique et s&rsquo;est arr\u00eat\u00e9 sur plusieurs insuffisances, insistant sur la n\u00e9cessit\u00e9 d&rsquo;y rem\u00e9dier dans les plus brefs d\u00e9lais, notamment en ce qui concerne la coordination entre la station et les diff\u00e9rentes r\u00e9gions. Il a \u00e9galement soulign\u00e9 l&rsquo;importance d&rsquo;assurer une parfaite harmonisation des interventions ainsi qu&rsquo;une coordination permanente entre les parties concern\u00e9es, tout en rappelant que toute d\u00e9faillance dans l&rsquo;accomplissement des responsabilit\u00e9s devra \u00eatre pleinement assum\u00e9e par ses auteurs.<\/p>\n\n\n\n<p class=\"wp-block-paragraph\">Le Pr\u00e9sident de la R\u00e9publique s&rsquo;est ensuite rendu dans la r\u00e9gion de <strong>Kantara de Bizerte<\/strong> (pont de Bizerte), relevant de la d\u00e9l\u00e9gation de <strong>Kalaat El Andalous<\/strong>, o\u00f9 il a pris connaissance de l&rsquo;\u00e9tat d&rsquo;avancement des travaux du projet de protection contre les inondations de l&rsquo;Oued Medjerda, r\u00e9alis\u00e9 sous la supervision de la Direction g\u00e9n\u00e9rale du G\u00e9nie militaire.<\/p>\n\n\n\n<p class=\"wp-block-paragraph\">\u00c0 cette occasion, le Chef de l&rsquo;\u00c9tat a insist\u00e9 sur la n\u00e9cessit\u00e9 de mettre en place des solutions urgentes afin d&rsquo;assurer une meilleure valorisation des eaux de pluie et d&rsquo;\u00e9viter leur perte, soulignant l&rsquo;importance de pr\u00e9server cette ressource naturelle.<\/p>\n\n\n\n<p class=\"wp-block-paragraph\">Le Pr\u00e9sident de la R\u00e9publique a \u00e9galement inspect\u00e9 les travaux de restauration du pont historique construit en <strong>1608<\/strong>, consid\u00e9r\u00e9 comme un patrimoine national longtemps n\u00e9glig\u00e9 et transform\u00e9, au fil des d\u00e9cennies, en d\u00e9p\u00f4t de d\u00e9chets.<\/p>\n\n\n\n<p class=\"wp-block-paragraph\">Dans ce contexte, Ka\u00efs Sa\u00efed a rappel\u00e9 que de nombreux monuments historiques et sites arch\u00e9ologiques ont souffert de l&rsquo;abandon, tandis que d&rsquo;autres ont fait l&rsquo;objet de spoliations ou de trafics illicites. Il a r\u00e9affirm\u00e9 que <strong>l&rsquo;histoire de la Tunisie n&rsquo;est pas \u00e0 vendre<\/strong> et que <strong>l&rsquo;avenir du pays appartient \u00e0 son peuple<\/strong>, appelant chaque responsable \u00e0 placer les droits l\u00e9gitimes du peuple tunisien au c\u0153ur de chacune de ses d\u00e9cisions et de chacune de ses actions.<\/p>\n","protected":false},"excerpt":{"rendered":"<p>Le Pr\u00e9sident de la R\u00e9publique, Ka\u00efs Sa\u00efed, s&rsquo;est rendu, dans l&rsquo;apr\u00e8s-midi du vendredi 18 juillet, au complexe hydraulique de Ghdir El Golla, relevant de la Soci\u00e9t\u00e9 nationale d&rsquo;exploitation et de distribution des eaux (SONEDE). Au cours de cette visite, le Chef de l&rsquo;\u00c9tat a pris connaissance des diff\u00e9rentes composantes de cette installation strat\u00e9gique et s&rsquo;est [&hellip;]<\/p>\n","protected":false},"author":4,"featured_media":75204,"comment_status":"open","ping_status":"closed","sticky":false,"template":"","format":"standard","meta":{"content-type":"","jnews-multi-image_gallery":[],"jnews_single_post":{"format":"standard"},"jnews_primary_category":[],"jnews_override_bookmark_settings":[],"jnews_review":[],"enable_review":"","type":"","name":"","summary":"","brand":"","sku":"","good":[],"bad":[],"score_override":"","override_value":"","rating":[],"price":[],"jnews_post_split":[],"footnotes":""},"categories":[2],"tags":[3694,1190],"class_list":["post-75203","post","type-post","status-publish","format-standard","has-post-thumbnail","hentry","category-news-politique","tag-kais-saied","tag-visite"],"_links":{"self":[{"href":"https:\/\/www.africanchallenges.com\/index.php?rest_route=\/wp\/v2\/posts\/75203","targetHints":{"allow":["GET"]}}],"collection":[{"href":"https:\/\/www.africanchallenges.com\/index.php?rest_route=\/wp\/v2\/posts"}],"about":[{"href":"https:\/\/www.africanchallenges.com\/index.php?rest_route=\/wp\/v2\/types\/post"}],"author":[{"embeddable":true,"href":"https:\/\/www.africanchallenges.com\/index.php?rest_route=\/wp\/v2\/users\/4"}],"replies":[{"embeddable":true,"href":"https:\/\/www.africanchallenges.com\/index.php?rest_route=%2Fwp%2Fv2%2Fcomments&post=75203"}],"version-history":[{"count":2,"href":"https:\/\/www.africanchallenges.com\/index.php?rest_route=\/wp\/v2\/posts\/75203\/revisions"}],"predecessor-version":[{"id":75206,"href":"https:\/\/www.africanchallenges.com\/index.php?rest_route=\/wp\/v2\/posts\/75203\/revisions\/75206"}],"wp:featuredmedia":[{"embeddable":true,"href":"https:\/\/www.africanchallenges.com\/index.php?rest_route=\/wp\/v2\/media\/75204"}],"wp:attachment":[{"href":"https:\/\/www.africanchallenges.com\/index.php?rest_route=%2Fwp%2Fv2%2Fmedia&parent=75203"}],"wp:term":[{"taxonomy":"category","embeddable":true,"href":"https:\/\/www.africanchallenges.com\/index.php?rest_route=%2Fwp%2Fv2%2Fcategories&post=75203"},{"taxonomy":"post_tag","embeddable":true,"href":"https:\/\/www.africanchallenges.com\/index.php?rest_route=%2Fwp%2Fv2%2Ftags&post=75203"}],"curies":[{"name":"wp","href":"https:\/\/api.w.org\/{rel}","templated":true}]}}