{"id":75191,"date":"2026-07-19T17:11:14","date_gmt":"2026-07-19T16:11:14","guid":{"rendered":"https:\/\/www.africanchallenges.com\/?p=75191"},"modified":"2026-07-19T17:11:16","modified_gmt":"2026-07-19T16:11:16","slug":"le-salon-commercial-du-ctf7-une-vitrine-du-savoir-faire-africain","status":"publish","type":"post","link":"https:\/\/www.africanchallenges.com\/?p=75191","title":{"rendered":"Le Salon Commercial du CTF7 : une vitrine du savoir-faire africain"},"content":{"rendered":"\n<p class=\"wp-block-paragraph\">Au-del\u00e0 des conf\u00e9rences et des \u00e9changes strat\u00e9giques, le Salon Commercial du CTF7 a constitu\u00e9 un v\u00e9ritable espace de rencontres, de promotion des entreprises et de d\u00e9veloppement de partenariats \u00e0 l&rsquo;\u00e9chelle r\u00e9gionale.<\/p>\n\n\n\n<p class=\"wp-block-paragraph\">Inaugur\u00e9 officiellement par Monsieur Samir Abid, Ministre du Commerce et du D\u00e9veloppement des Exportations de Tunisie, en pr\u00e9sence de Madame Chileshe Mpundu Kapwepwe, Secr\u00e9taire G\u00e9n\u00e9rale du COMESA, de Monsieur Samir Majoul, Pr\u00e9sident de l&rsquo;UTICA, ainsi que de nombreux ambassadeurs, diplomates, repr\u00e9sentants des institutions du COMESA, du COMFWB, des autorit\u00e9s tunisiennes et des partenaires internationaux, le Salon a \u00e9galement eu l&rsquo;honneur d&rsquo;accueillir Mme Marie-Christine Oghly, Pr\u00e9sidente mondiale de la FCEM, venue \u00e0 la rencontre des exposants.<\/p>\n\n\n\n<p class=\"wp-block-paragraph\">Pendant trois jours, ce rendez-vous a mis en lumi\u00e8re la richesse de l&rsquo;entrepreneuriat africain \u00e0 travers la participation de d\u00e9l\u00e9gations venues de 20 pays, r\u00e9unissant entreprises, institutions financi\u00e8res, organismes de microfinance, partenaires techniques et financiers, ainsi que de nombreuses femmes entrepreneures membres de la CNFCE, repr\u00e9sentant des secteurs d&rsquo;activit\u00e9 vari\u00e9s.<\/p>\n\n\n\n<p class=\"wp-block-paragraph\">Bien plus qu&rsquo;une exposition, ce Salon a \u00e9t\u00e9 un v\u00e9ritable carrefour d&rsquo;opportunit\u00e9s, favorisant les \u00e9changes B2B, la d\u00e9couverte de nouveaux march\u00e9s et le d\u00e9veloppement de coop\u00e9rations durables, en parfaite coh\u00e9rence avec l&rsquo;ambition du CTF7 : construire un march\u00e9 africain plus int\u00e9gr\u00e9, plus innovant et plus inclusif.<\/p>\n","protected":false},"excerpt":{"rendered":"<p>Au-del\u00e0 des conf\u00e9rences et des \u00e9changes strat\u00e9giques, le Salon Commercial du CTF7 a constitu\u00e9 un v\u00e9ritable espace de rencontres, de promotion des entreprises et de d\u00e9veloppement de partenariats \u00e0 l&rsquo;\u00e9chelle r\u00e9gionale. Inaugur\u00e9 officiellement par Monsieur Samir Abid, Ministre du Commerce et du D\u00e9veloppement des Exportations de Tunisie, en pr\u00e9sence de Madame Chileshe Mpundu Kapwepwe, Secr\u00e9taire [&hellip;]<\/p>\n","protected":false},"author":4,"featured_media":75192,"comment_status":"open","ping_status":"closed","sticky":false,"template":"","format":"standard","meta":{"content-type":"","jnews-multi-image_gallery":[],"jnews_single_post":{"format":"standard"},"jnews_primary_category":[],"jnews_override_bookmark_settings":[],"jnews_review":[],"enable_review":"","type":"","name":"","summary":"","brand":"","sku":"","good":[],"bad":[],"score_override":"","override_value":"","rating":[],"price":[],"jnews_post_split":[],"footnotes":""},"categories":[73,44],"tags":[10109,19058,19057],"class_list":["post-75191","post","type-post","status-publish","format-standard","has-post-thumbnail","hentry","category-eco","category-femme","tag-cnfce","tag-entrepreneuriat-africain","tag-le-salon-commercial-du-ctf7-une-vitrine-du-savoir-faire-africain"],"_links":{"self":[{"href":"https:\/\/www.africanchallenges.com\/index.php?rest_route=\/wp\/v2\/posts\/75191","targetHints":{"allow":["GET"]}}],"collection":[{"href":"https:\/\/www.africanchallenges.com\/index.php?rest_route=\/wp\/v2\/posts"}],"about":[{"href":"https:\/\/www.africanchallenges.com\/index.php?rest_route=\/wp\/v2\/types\/post"}],"author":[{"embeddable":true,"href":"https:\/\/www.africanchallenges.com\/index.php?rest_route=\/wp\/v2\/users\/4"}],"replies":[{"embeddable":true,"href":"https:\/\/www.africanchallenges.com\/index.php?rest_route=%2Fwp%2Fv2%2Fcomments&post=75191"}],"version-history":[{"count":1,"href":"https:\/\/www.africanchallenges.com\/index.php?rest_route=\/wp\/v2\/posts\/75191\/revisions"}],"predecessor-version":[{"id":75193,"href":"https:\/\/www.africanchallenges.com\/index.php?rest_route=\/wp\/v2\/posts\/75191\/revisions\/75193"}],"wp:featuredmedia":[{"embeddable":true,"href":"https:\/\/www.africanchallenges.com\/index.php?rest_route=\/wp\/v2\/media\/75192"}],"wp:attachment":[{"href":"https:\/\/www.africanchallenges.com\/index.php?rest_route=%2Fwp%2Fv2%2Fmedia&parent=75191"}],"wp:term":[{"taxonomy":"category","embeddable":true,"href":"https:\/\/www.africanchallenges.com\/index.php?rest_route=%2Fwp%2Fv2%2Fcategories&post=75191"},{"taxonomy":"post_tag","embeddable":true,"href":"https:\/\/www.africanchallenges.com\/index.php?rest_route=%2Fwp%2Fv2%2Ftags&post=75191"}],"curies":[{"name":"wp","href":"https:\/\/api.w.org\/{rel}","templated":true}]}}