{"id":75158,"date":"2026-07-18T15:56:27","date_gmt":"2026-07-18T14:56:27","guid":{"rendered":"https:\/\/www.africanchallenges.com\/?p=75158"},"modified":"2026-07-18T15:57:03","modified_gmt":"2026-07-18T14:57:03","slug":"la-conect-au-coeur-de-linnovation-avec-le-tunisia-global-forum-tgf-2026","status":"publish","type":"post","link":"https:\/\/www.africanchallenges.com\/?p=75158","title":{"rendered":"La CONECT au c\u0153ur de l\u2019innovation avec le Tunisia Global Forum (TGF) 2026 !"},"content":{"rendered":"\n<p class=\"wp-block-paragraph\">La Conf\u00e9d\u00e9ration des Entreprises Citoyennes de Tunisie (CONECT) participe au Tunisia Global Forum 2026, le rendez-vous incontournable d\u00e9di\u00e9 \u00e0 l\u2019innovation, \u00e0 l\u2019intelligence artificielle et aux talents tunisiens \u00e0 travers le monde.<\/p>\n\n\n\n<p class=\"wp-block-paragraph\">Le 21 juillet 2026, cet \u00e9v\u00e9nement r\u00e9unira entrepreneurs, investisseurs, chercheurs, d\u00e9cideurs et acteurs de l\u2019innovation autour d\u2019une ambition commune : construire l\u2019avenir \u00e0 l\u2019\u00e8re de l\u2019IA.<\/p>\n\n\n\n<p class=\"wp-block-paragraph\">La CONECT sera repr\u00e9sent\u00e9e par :M. Aslan Berjeb, Pr\u00e9sident de la CONECT et M. Karim Ahres, Membre du Bureau Ex\u00e9cutif de la CONECT<\/p>\n\n\n\n<p class=\"wp-block-paragraph\">Cette participation s\u2019inscrit dans l\u2019engagement continu de la CONECT \u00e0 promouvoir l\u2019innovation, accompagner la transformation digitale des entreprises tunisiennes et soutenir les initiatives porteuses d\u2019avenir.<\/p>\n\n\n\n<p class=\"wp-block-paragraph\">Au programme :<\/p>\n\n\n\n<p class=\"wp-block-paragraph\">&#8211; Conf\u00e9rences et \u00e9changes strat\u00e9giques sur l\u2019IA et ses impacts \u00e9conomiques<\/p>\n\n\n\n<p class=\"wp-block-paragraph\">&#8211; D\u00e9couverte de startups et projets innovants<\/p>\n\n\n\n<p class=\"wp-block-paragraph\">&#8211; Networking avec les acteurs \u00e9conomiques, investisseurs et talents tunisiens du monde entier<\/p>\n\n\n\n<p class=\"wp-block-paragraph\"> Inscrivez-vous d\u00e8s maintenant et obtenez votre badge : <a href=\"https:\/\/l.facebook.com\/l.php?u=https%3A%2F%2Ftgf-atuge-2026.businessroom.io%2F%3Ffbclid%3DIwZXh0bgNhZW0CMTAAYnJpZBExUnA2TXVtUFVIakt3b0RidHNydGMGYXBwX2lkEDIyMjAzOTE3ODgyMDA4OTIAAR7efnufD9mGBTNrBgNxsvCR9T7oLQqzumxQxWsCXw8g47V8MJS-UtKfQSzWFw_aem_8DBnN78Av-bOcyctw0EQaA&amp;h=AUBgi3jpZEOMw_91lTN8ldcffEyOg8W6c0fjUL5K4sD5Ju2CKYVvFwGXLFUuj4-HWJR2rLuY9Uw-Rj-Y1ChljDk1GmrSEea2RsiFp4yHioxkN2x41pYxbs4VVKhLdfjuUYb0XU1xa-Lt1A&amp;__tn__=-UK-R&amp;c[0]=AUDH8W3uxb2OqovOCOOEyMqtS5oWcm_6HrjB-kDOCcldkl7ncN7tIH9wwc-AnImsPLZ7eIAZGi9dJpP44LJHVQVn9UsC_iVXFxiOC0as4hxvK0KZyaNoZ2PvPtRQGIDHmy01CchrZlZPdnM3ZxCQN5k9AJHO9UqmxDMCmOOiuJiu0VZzQsn4UYHPTkupGEw\" target=\"_blank\" rel=\"noreferrer noopener\">https:\/\/tgf-atuge-2026.businessroom.io\/<\/a><\/p>\n\n\n\n<p class=\"wp-block-paragraph\"> Tunisia Global Forum 2026 \u2013 Ensemble pour b\u00e2tir l\u2019avenir avec l\u2019intelligence artificielle.<\/p>\n","protected":false},"excerpt":{"rendered":"<p>La Conf\u00e9d\u00e9ration des Entreprises Citoyennes de Tunisie (CONECT) participe au Tunisia Global Forum 2026, le rendez-vous incontournable d\u00e9di\u00e9 \u00e0 l\u2019innovation, \u00e0 l\u2019intelligence artificielle et aux talents tunisiens \u00e0 travers le monde. Le 21 juillet 2026, cet \u00e9v\u00e9nement r\u00e9unira entrepreneurs, investisseurs, chercheurs, d\u00e9cideurs et acteurs de l\u2019innovation autour d\u2019une ambition commune : construire l\u2019avenir \u00e0 l\u2019\u00e8re [&hellip;]<\/p>\n","protected":false},"author":4,"featured_media":75159,"comment_status":"open","ping_status":"closed","sticky":false,"template":"","format":"standard","meta":{"content-type":"","jnews-multi-image_gallery":[],"jnews_single_post":{"format":"standard"},"jnews_primary_category":[],"jnews_override_bookmark_settings":[],"jnews_review":[],"enable_review":"","type":"","name":"","summary":"","brand":"","sku":"","good":[],"bad":[],"score_override":"","override_value":"","rating":[],"price":[],"jnews_post_split":[],"footnotes":""},"categories":[12],"tags":[51,1232,19052],"class_list":["post-75158","post","type-post","status-publish","format-standard","has-post-thumbnail","hentry","category-tech","tag-conect","tag-innovation","tag-tunisia-global-forum-2"],"_links":{"self":[{"href":"https:\/\/www.africanchallenges.com\/index.php?rest_route=\/wp\/v2\/posts\/75158","targetHints":{"allow":["GET"]}}],"collection":[{"href":"https:\/\/www.africanchallenges.com\/index.php?rest_route=\/wp\/v2\/posts"}],"about":[{"href":"https:\/\/www.africanchallenges.com\/index.php?rest_route=\/wp\/v2\/types\/post"}],"author":[{"embeddable":true,"href":"https:\/\/www.africanchallenges.com\/index.php?rest_route=\/wp\/v2\/users\/4"}],"replies":[{"embeddable":true,"href":"https:\/\/www.africanchallenges.com\/index.php?rest_route=%2Fwp%2Fv2%2Fcomments&post=75158"}],"version-history":[{"count":2,"href":"https:\/\/www.africanchallenges.com\/index.php?rest_route=\/wp\/v2\/posts\/75158\/revisions"}],"predecessor-version":[{"id":75161,"href":"https:\/\/www.africanchallenges.com\/index.php?rest_route=\/wp\/v2\/posts\/75158\/revisions\/75161"}],"wp:featuredmedia":[{"embeddable":true,"href":"https:\/\/www.africanchallenges.com\/index.php?rest_route=\/wp\/v2\/media\/75159"}],"wp:attachment":[{"href":"https:\/\/www.africanchallenges.com\/index.php?rest_route=%2Fwp%2Fv2%2Fmedia&parent=75158"}],"wp:term":[{"taxonomy":"category","embeddable":true,"href":"https:\/\/www.africanchallenges.com\/index.php?rest_route=%2Fwp%2Fv2%2Fcategories&post=75158"},{"taxonomy":"post_tag","embeddable":true,"href":"https:\/\/www.africanchallenges.com\/index.php?rest_route=%2Fwp%2Fv2%2Ftags&post=75158"}],"curies":[{"name":"wp","href":"https:\/\/api.w.org\/{rel}","templated":true}]}}