{"id":75127,"date":"2026-07-18T13:13:29","date_gmt":"2026-07-18T12:13:29","guid":{"rendered":"https:\/\/www.africanchallenges.com\/?p=75127"},"modified":"2026-07-18T13:36:13","modified_gmt":"2026-07-18T12:36:13","slug":"festival-de-bizerte-eya-daghnouj-ouvre-la-43e-edition-avec-une-soiree-aux-mille-emotions","status":"publish","type":"post","link":"https:\/\/www.africanchallenges.com\/?p=75127","title":{"rendered":"Festival de Bizerte : Eya Daghnouj ouvre la 43e \u00e9dition avec une soir\u00e9e aux mille \u00e9motions"},"content":{"rendered":"\n<p class=\"wp-block-paragraph\">La 43e \u00e9dition du Festival international de Bizerte a \u00e9t\u00e9 inaugur\u00e9e dans la soir\u00e9e du vendredi 17 juillet 2026 avec un concert de la chanteuse tunisienne Eya Daghnouj, r\u00e9v\u00e9l\u00e9e au grand public gr\u00e2ce \u00e0 sa participation \u00e0 The Voice Arabie en 2018. L&rsquo;\u00e9v\u00e9nement s&rsquo;est d\u00e9roul\u00e9 en pr\u00e9sence du gouverneur de Bizerte, Salem Ben Ya\u00e2coub, entour\u00e9s de nombreuses personnalit\u00e9s r\u00e9gionales et nationales.<\/p>\n\n\n\n<p class=\"wp-block-paragraph\">Aujourd&rsquo;hui consid\u00e9r\u00e9e comme l&rsquo;une des voix montantes de la sc\u00e8ne musicale tunisienne, Eya Daghnouj encha\u00eene les prestations dans les plus grands festivals du pays. Apr\u00e8s avoir marqu\u00e9 le public du Festival international de Dougga, elle a eu l&rsquo;honneur d&rsquo;assurer cette ann\u00e9e l&rsquo;ouverture du Festival international de Bizerte. Elle se produit \u00e9galement dans des salles prestigieuses, notamment le Th\u00e9\u00e2tre municipal de Tunis.<\/p>\n\n\n\n<p class=\"wp-block-paragraph\">Sp\u00e9cialis\u00e9e dans le tarab arabe et le patrimoine musical tunisien, la chanteuse puise son inspiration dans le r\u00e9pertoire de la Rachidia, les sonorit\u00e9s orientales et le patrimoine b\u00e9douin tunisien. Son univers musical rend hommage aux grandes figures de la chanson arabe, telles qu&rsquo;Oum Kalthoum et Warda, ainsi qu&rsquo;aux ic\u00f4nes tunisiennes Saliha et Ali Riahi.<\/p>\n\n\n\n<p class=\"wp-block-paragraph\">Avant le lever de rideau, Lotfi Sfaxi, le directeur du Festival international de Bizerte  a donn\u00e9 le coup d&rsquo;envoi officiel de cette \u00e9dition en remerciant le gouverneur de Bizerte ainsi que les autorit\u00e9s locales, les services administratifs, militaires et s\u00e9curitaires pour leur soutien \u00e0 l&rsquo;organisation du festival.<\/p>\n\n\n\n<figure class=\"wp-block-image size-full is-resized\"><img fetchpriority=\"high\" decoding=\"async\" width=\"615\" height=\"615\" src=\"https:\/\/www.africanchallenges.com\/wp-content\/uploads\/2026\/07\/lotfi-sfaxi-3.jpg\" alt=\"\" class=\"wp-image-75146\" style=\"width:379px;height:auto\" srcset=\"https:\/\/www.africanchallenges.com\/wp-content\/uploads\/2026\/07\/lotfi-sfaxi-3.jpg 615w, https:\/\/www.africanchallenges.com\/wp-content\/uploads\/2026\/07\/lotfi-sfaxi-3-300x300.jpg 300w, https:\/\/www.africanchallenges.com\/wp-content\/uploads\/2026\/07\/lotfi-sfaxi-3-150x150.jpg 150w, https:\/\/www.africanchallenges.com\/wp-content\/uploads\/2026\/07\/lotfi-sfaxi-3-75x75.jpg 75w, https:\/\/www.africanchallenges.com\/wp-content\/uploads\/2026\/07\/lotfi-sfaxi-3-350x350.jpg 350w\" sizes=\"(max-width: 615px) 100vw, 615px\" \/><\/figure>\n\n\n\n<p class=\"wp-block-paragraph\"><\/p>\n\n\n\n<p class=\"wp-block-paragraph\">Eya Daghnouj a ouvert son spectacle avec le c\u00e9l\u00e8bre titre \u00ab Alf Leila wa Leila \u00bb d&rsquo;Oum Kalthoum. Prenant ensuite la parole, elle a exprim\u00e9 sa gratitude envers le public bizertin et l&rsquo;\u00e9quipe du festival : \u00ab C&rsquo;est un grand honneur pour moi d&rsquo;ouvrir cette 43e \u00e9dition. Merci pour votre confiance. \u00bb<\/p>\n\n\n\n<p class=\"wp-block-paragraph\">Durant pr\u00e8s de deux heures, la chanteuse a offert un r\u00e9pertoire riche m\u00ealant grands classiques de la chanson arabe et patrimoine tunisien. Elle a interpr\u00e9t\u00e9  \u00ab El Beya\u00e2 \u00bb, \u00ab Btounes Bik \u00bb, \u00ab Mesh Hakhsar \u00bb, \u00ab Ta\u00e2 Nensa \u00bb, \u00ab Lil Mahabba \u00bb et \u00ab Ala Khatrek \u00bb. Le concert s&rsquo;est poursuivi avec \u00ab Bkhnouq \u00bb, pr\u00e9sent\u00e9 sous forme de medley, avant d&rsquo;encha\u00eener avec \u00ab Ya Lal \u00bb, \u00ab Ya Sayed Ennas \u00bb, \u00ab El Hamdi \u00bb (1 et 2), \u00ab Wahch Essahra \u00bb, \u00ab Naqouz \u00bb ainsi qu&rsquo;un medley en hommage \u00e0 Saliha. Elle a \u00e9galement interpr\u00e9t\u00e9 \u00ab Nessma El Kefiya \u00bb, \u00ab Ya Tir El Hamam \u00bb, \u00ab Maradh El Hawa \u00bb, \u00ab Nahla \u00bb, avant de conclure la soir\u00e9e avec \u00ab Jibouli Khali \u00bb, offrant au public un v\u00e9ritable voyage entre patrimoine tunisien et r\u00e9pertoire oriental.<\/p>\n\n\n\n<figure class=\"wp-block-gallery has-nested-images columns-default is-cropped wp-block-gallery-1 is-layout-flex wp-block-gallery-is-layout-flex\">\n<figure class=\"wp-block-image size-large\"><img decoding=\"async\" width=\"615\" height=\"461\" data-id=\"75138\" src=\"https:\/\/www.africanchallenges.com\/wp-content\/uploads\/2026\/07\/Bizerte-1.jpg\" alt=\"\" class=\"wp-image-75138\" srcset=\"https:\/\/www.africanchallenges.com\/wp-content\/uploads\/2026\/07\/Bizerte-1.jpg 615w, https:\/\/www.africanchallenges.com\/wp-content\/uploads\/2026\/07\/Bizerte-1-300x225.jpg 300w\" sizes=\"(max-width: 615px) 100vw, 615px\" \/><\/figure>\n\n\n\n<figure class=\"wp-block-image size-large\"><img decoding=\"async\" width=\"615\" height=\"277\" data-id=\"75139\" src=\"https:\/\/www.africanchallenges.com\/wp-content\/uploads\/2026\/07\/conference-1.jpg\" alt=\"\" class=\"wp-image-75139\" srcset=\"https:\/\/www.africanchallenges.com\/wp-content\/uploads\/2026\/07\/conference-1.jpg 615w, https:\/\/www.africanchallenges.com\/wp-content\/uploads\/2026\/07\/conference-1-300x135.jpg 300w\" sizes=\"(max-width: 615px) 100vw, 615px\" \/><\/figure>\n\n\n\n<figure class=\"wp-block-image size-large\"><img loading=\"lazy\" decoding=\"async\" width=\"615\" height=\"277\" data-id=\"75141\" src=\"https:\/\/www.africanchallenges.com\/wp-content\/uploads\/2026\/07\/eya-daghnouj-2.jpg\" alt=\"\" class=\"wp-image-75141\" srcset=\"https:\/\/www.africanchallenges.com\/wp-content\/uploads\/2026\/07\/eya-daghnouj-2.jpg 615w, https:\/\/www.africanchallenges.com\/wp-content\/uploads\/2026\/07\/eya-daghnouj-2-300x135.jpg 300w\" sizes=\"(max-width: 615px) 100vw, 615px\" \/><\/figure>\n\n\n\n<figure class=\"wp-block-image size-large\"><img loading=\"lazy\" decoding=\"async\" width=\"615\" height=\"277\" data-id=\"75145\" src=\"https:\/\/www.africanchallenges.com\/wp-content\/uploads\/2026\/07\/eya1-2.jpg\" alt=\"\" class=\"wp-image-75145\" srcset=\"https:\/\/www.africanchallenges.com\/wp-content\/uploads\/2026\/07\/eya1-2.jpg 615w, https:\/\/www.africanchallenges.com\/wp-content\/uploads\/2026\/07\/eya1-2-300x135.jpg 300w\" sizes=\"(max-width: 615px) 100vw, 615px\" \/><\/figure>\n\n\n\n<figure class=\"wp-block-image size-large\"><img loading=\"lazy\" decoding=\"async\" width=\"615\" height=\"277\" data-id=\"75144\" src=\"https:\/\/www.africanchallenges.com\/wp-content\/uploads\/2026\/07\/eya3-1.jpg\" alt=\"\" class=\"wp-image-75144\" srcset=\"https:\/\/www.africanchallenges.com\/wp-content\/uploads\/2026\/07\/eya3-1.jpg 615w, https:\/\/www.africanchallenges.com\/wp-content\/uploads\/2026\/07\/eya3-1-300x135.jpg 300w\" sizes=\"(max-width: 615px) 100vw, 615px\" \/><\/figure>\n\n\n\n<figure class=\"wp-block-image size-large\"><img loading=\"lazy\" decoding=\"async\" width=\"615\" height=\"277\" data-id=\"75142\" src=\"https:\/\/www.africanchallenges.com\/wp-content\/uploads\/2026\/07\/eya4-2.jpg\" alt=\"\" class=\"wp-image-75142\" srcset=\"https:\/\/www.africanchallenges.com\/wp-content\/uploads\/2026\/07\/eya4-2.jpg 615w, https:\/\/www.africanchallenges.com\/wp-content\/uploads\/2026\/07\/eya4-2-300x135.jpg 300w\" sizes=\"(max-width: 615px) 100vw, 615px\" \/><\/figure>\n<\/figure>\n\n\n\n<p class=\"wp-block-paragraph\"><\/p>\n\n\n\n<p class=\"wp-block-paragraph\">La deuxi\u00e8me partie du spectacle a \u00e9t\u00e9 marqu\u00e9e par la participation du troupe patrimoniale bizertine dirig\u00e9e par le cheikh Belhassen,  apportant une touche suppl\u00e9mentaire de folklore et de patrimoine bizertin \u00e0 cette soir\u00e9e inaugurale.<\/p>\n\n\n\n<p class=\"wp-block-paragraph\">Lors de la conf\u00e9rence de presse organis\u00e9e \u00e0 l&rsquo;issue du concert, Eya Daghnouj s&rsquo;est dite heureuse de l&rsquo;accueil chaleureux du public. Elle a estim\u00e9 que le Festival international de Bizerte avait fait le pari de lui confier cette soir\u00e9e d&rsquo;ouverture apr\u00e8s plusieurs ann\u00e9es de travail et d&rsquo;\u00e9volution artistique, ajoutant \u00eatre fi\u00e8re d&rsquo;avoir r\u00e9pondu aux attentes.<\/p>\n\n\n\n<p class=\"wp-block-paragraph\">De son c\u00f4t\u00e9, le maestro Mohamed Lassed a salu\u00e9 la participation du troupe patrimoniale bizertine, soulignant son r\u00f4le dans la valorisation du patrimoine musical de Bizerte. Il a \u00e9galement \u00e9voqu\u00e9 les prochains projets internationaux de la chanteuse, notamment une participation au Caire, tout en mettant en avant la capacit\u00e9 des artistes tunisiens \u00e0 s&rsquo;adapter aux diff\u00e9rents styles musicaux gr\u00e2ce \u00e0 des collaborations, notamment avec le compositeur Ahmed Arab.<\/p>\n\n\n\n<p class=\"wp-block-paragraph\">Les spectacles de cette 43e \u00e9dition se poursuivront jusqu&rsquo;au 19 ao\u00fbt avec une programmation de 16 soir\u00e9es m\u00ealant concerts, th\u00e9\u00e2tre et spectacles de cirque. Le Festival international de Bizerte accueillera plusieurs artistes tunisiens et arabes, proposant au public une affiche riche et vari\u00e9e tout au long de l&rsquo;\u00e9t\u00e9.<\/p>\n\n\n\n<figure class=\"wp-block-embed is-type-video is-provider-youtube wp-block-embed-youtube wp-embed-aspect-4-3 wp-has-aspect-ratio\"><div class=\"wp-block-embed__wrapper\">\n<div class=\"jeg_video_container jeg_video_content\"><iframe title=\"Eya Daghnouj ouvre la 43\u00e8 \u00e9dition du Festival de Bizerte\" width=\"500\" height=\"281\" src=\"https:\/\/www.youtube.com\/embed\/hho-12yZHJ8?feature=oembed\" frameborder=\"0\" allow=\"accelerometer; autoplay; clipboard-write; encrypted-media; gyroscope; picture-in-picture; web-share\" referrerpolicy=\"strict-origin-when-cross-origin\" allowfullscreen><\/iframe><\/div>\n<\/div><\/figure>\n","protected":false},"excerpt":{"rendered":"<p>La 43e \u00e9dition du Festival international de Bizerte a \u00e9t\u00e9 inaugur\u00e9e dans la soir\u00e9e du vendredi 17 juillet 2026 avec un concert de la chanteuse tunisienne Eya Daghnouj, r\u00e9v\u00e9l\u00e9e au grand public gr\u00e2ce \u00e0 sa participation \u00e0 The Voice Arabie en 2018. L&rsquo;\u00e9v\u00e9nement s&rsquo;est d\u00e9roul\u00e9 en pr\u00e9sence du gouverneur de Bizerte, Salem Ben Ya\u00e2coub, entour\u00e9s [&hellip;]<\/p>\n","protected":false},"author":3,"featured_media":75128,"comment_status":"open","ping_status":"closed","sticky":false,"template":"","format":"standard","meta":{"content-type":"","jnews-multi-image_gallery":[],"jnews_single_post":{"format":"standard"},"jnews_primary_category":[],"jnews_override_bookmark_settings":[],"jnews_review":[],"enable_review":"","type":"","name":"","summary":"","brand":"","sku":"","good":[],"bad":[],"score_override":"","override_value":"","rating":[],"price":[],"jnews_post_split":[],"footnotes":""},"categories":[17],"tags":[19050,3275],"class_list":["post-75127","post","type-post","status-publish","format-standard","has-post-thumbnail","hentry","category-entertainment","tag-eya-daghnouj","tag-festival-de-bizerte"],"_links":{"self":[{"href":"https:\/\/www.africanchallenges.com\/index.php?rest_route=\/wp\/v2\/posts\/75127","targetHints":{"allow":["GET"]}}],"collection":[{"href":"https:\/\/www.africanchallenges.com\/index.php?rest_route=\/wp\/v2\/posts"}],"about":[{"href":"https:\/\/www.africanchallenges.com\/index.php?rest_route=\/wp\/v2\/types\/post"}],"author":[{"embeddable":true,"href":"https:\/\/www.africanchallenges.com\/index.php?rest_route=\/wp\/v2\/users\/3"}],"replies":[{"embeddable":true,"href":"https:\/\/www.africanchallenges.com\/index.php?rest_route=%2Fwp%2Fv2%2Fcomments&post=75127"}],"version-history":[{"count":4,"href":"https:\/\/www.africanchallenges.com\/index.php?rest_route=\/wp\/v2\/posts\/75127\/revisions"}],"predecessor-version":[{"id":75155,"href":"https:\/\/www.africanchallenges.com\/index.php?rest_route=\/wp\/v2\/posts\/75127\/revisions\/75155"}],"wp:featuredmedia":[{"embeddable":true,"href":"https:\/\/www.africanchallenges.com\/index.php?rest_route=\/wp\/v2\/media\/75128"}],"wp:attachment":[{"href":"https:\/\/www.africanchallenges.com\/index.php?rest_route=%2Fwp%2Fv2%2Fmedia&parent=75127"}],"wp:term":[{"taxonomy":"category","embeddable":true,"href":"https:\/\/www.africanchallenges.com\/index.php?rest_route=%2Fwp%2Fv2%2Fcategories&post=75127"},{"taxonomy":"post_tag","embeddable":true,"href":"https:\/\/www.africanchallenges.com\/index.php?rest_route=%2Fwp%2Fv2%2Ftags&post=75127"}],"curies":[{"name":"wp","href":"https:\/\/api.w.org\/{rel}","templated":true}]}}