{"id":75102,"date":"2026-07-17T12:32:27","date_gmt":"2026-07-17T11:32:27","guid":{"rendered":"https:\/\/www.africanchallenges.com\/?p=75102"},"modified":"2026-07-17T12:32:42","modified_gmt":"2026-07-17T11:32:42","slug":"la-12%e1%b5%89-edition-de-lafrica-agri-forum-se-tiendra-du-3-au-5-novembre-2026-a-abidjan-sous-le-theme-lafrique-aux-commandes-de-sa-souverainete-alimentaire","status":"publish","type":"post","link":"https:\/\/www.africanchallenges.com\/?p=75102","title":{"rendered":"La 12\u1d49 \u00e9dition de l&rsquo;Africa Agri Forum se tiendra du 3 au 5 novembre 2026 \u00e0 Abidjan sous le th\u00e8me  \u00ab\u00a0L&rsquo;Afrique aux commandes de sa souverainet\u00e9 alimentaire\u00a0\u00bb"},"content":{"rendered":"\n<p class=\"wp-block-paragraph\"> La 12\u1d49 \u00e9dition de l&rsquo;Africa Agri Forum se d\u00e9roulera les 3, 4 et 5 novembre 2026 \u00e0 Abidjan, sous l&rsquo;\u00e9gide du Minist\u00e8re de l&rsquo;Agriculture, du D\u00e9veloppement Rural et des Productions Vivri\u00e8res de la R\u00e9publique de C\u00f4te d&rsquo;Ivoire.<\/p>\n\n\n\n<p class=\"wp-block-paragraph\">Plac\u00e9e sous le th\u00e8me \u00ab L&rsquo;Afrique aux commandes de sa souverainet\u00e9 alimentaire \u00bb, cette nouvelle \u00e9dition ambitionne de r\u00e9unir les principaux acteurs de l&rsquo;\u00e9cosyst\u00e8me agricole africain afin de r\u00e9fl\u00e9chir aux solutions concr\u00e8tes pour acc\u00e9l\u00e9rer la transformation durable du secteur agricole et renforcer la r\u00e9silience alimentaire du continent.<\/p>\n\n\n\n<p class=\"wp-block-paragraph\">Pendant trois jours, responsables gouvernementaux, investisseurs, institutions financi\u00e8res, organisations agricoles, industriels, coop\u00e9ratives, entrepreneurs, chercheurs, partenaires techniques et experts \u00e9changeront autour des d\u00e9fis et des opportunit\u00e9s qui fa\u00e7onneront l&rsquo;agriculture africaine de demain.<\/p>\n\n\n\n<p class=\"wp-block-paragraph\">Les discussions porteront notamment sur les grandes priorit\u00e9s du secteur, parmi lesquelles la souverainet\u00e9 alimentaire et les politiques agricoles, l&rsquo;industrialisation de l&rsquo;agriculture et le d\u00e9veloppement des agropoles, l&rsquo;AgriTech, l&rsquo;intelligence artificielle et les solutions num\u00e9riques au service d&rsquo;une agriculture intelligente, le financement des cha\u00eenes de valeur, ainsi que les nouveaux mod\u00e8les d&rsquo;investissement. Les participants aborderont \u00e9galement la transformation locale des fili\u00e8res strat\u00e9giques, notamment le cacao et le cajou, le renforcement du r\u00f4le des coop\u00e9ratives, l&rsquo;entrepreneuriat des jeunes, le leadership f\u00e9minin, ainsi que les partenariats public-priv\u00e9 et l&rsquo;int\u00e9gration r\u00e9gionale.<\/p>\n\n\n\n<p class=\"wp-block-paragraph\">Au-del\u00e0 des conf\u00e9rences de haut niveau, l&rsquo;Africa Agri Forum offrira une plateforme d&rsquo;\u00e9changes privil\u00e9gi\u00e9e \u00e0 travers des rencontres B2B, des sessions de networking strat\u00e9gique et des espaces d\u00e9di\u00e9s au d\u00e9veloppement de partenariats et d&rsquo;opportunit\u00e9s d&rsquo;affaires entre les diff\u00e9rents acteurs du secteur.<\/p>\n\n\n\n<p class=\"wp-block-paragraph\">L&rsquo;\u00e9v\u00e9nement proposera \u00e9galement plusieurs formules de participation et de partenariat destin\u00e9es aux entreprises, institutions et organisations souhaitant renforcer leur visibilit\u00e9, promouvoir leur expertise, pr\u00e9senter leurs innovations ou d\u00e9velopper de nouvelles collaborations \u00e0 l&rsquo;\u00e9chelle africaine.<\/p>\n\n\n\n<p class=\"wp-block-paragraph\">V\u00e9ritable rendez-vous continental, l&rsquo;Africa Agri Forum s&rsquo;impose comme une plateforme incontournable pour accompagner les mutations du secteur agricole et contribuer \u00e0 b\u00e2tir une agriculture plus comp\u00e9titive, innovante et durable au service de la souverainet\u00e9 alimentaire de l&rsquo;Afrique.<\/p>\n\n\n\n<p class=\"wp-block-paragraph\">Rendez-vous \u00e0 Abidjan (C\u00f4te d&rsquo;Ivoire), les 3, 4 et 5 novembre 2026, pour la 12\u1d49 \u00e9dition de l&rsquo;Africa Agri Forum.<\/p>\n","protected":false},"excerpt":{"rendered":"<p>La 12\u1d49 \u00e9dition de l&rsquo;Africa Agri Forum se d\u00e9roulera les 3, 4 et 5 novembre 2026 \u00e0 Abidjan, sous l&rsquo;\u00e9gide du Minist\u00e8re de l&rsquo;Agriculture, du D\u00e9veloppement Rural et des Productions Vivri\u00e8res de la R\u00e9publique de C\u00f4te d&rsquo;Ivoire. Plac\u00e9e sous le th\u00e8me \u00ab L&rsquo;Afrique aux commandes de sa souverainet\u00e9 alimentaire \u00bb, cette nouvelle \u00e9dition ambitionne de [&hellip;]<\/p>\n","protected":false},"author":4,"featured_media":75103,"comment_status":"open","ping_status":"closed","sticky":false,"template":"","format":"standard","meta":{"content-type":"","jnews-multi-image_gallery":[],"jnews_single_post":{"format":"standard"},"jnews_primary_category":[],"jnews_override_bookmark_settings":[],"jnews_review":[],"enable_review":"","type":"","name":"","summary":"","brand":"","sku":"","good":[],"bad":[],"score_override":"","override_value":"","rating":[],"price":[],"jnews_post_split":[],"footnotes":""},"categories":[43,73,6],"tags":[202,6226,7151],"class_list":["post-75102","post","type-post","status-publish","format-standard","has-post-thumbnail","hentry","category-eco-business","category-eco","category-world","tag-abidjan","tag-africa-agri-forum","tag-souverainete-alimentaire"],"_links":{"self":[{"href":"https:\/\/www.africanchallenges.com\/index.php?rest_route=\/wp\/v2\/posts\/75102","targetHints":{"allow":["GET"]}}],"collection":[{"href":"https:\/\/www.africanchallenges.com\/index.php?rest_route=\/wp\/v2\/posts"}],"about":[{"href":"https:\/\/www.africanchallenges.com\/index.php?rest_route=\/wp\/v2\/types\/post"}],"author":[{"embeddable":true,"href":"https:\/\/www.africanchallenges.com\/index.php?rest_route=\/wp\/v2\/users\/4"}],"replies":[{"embeddable":true,"href":"https:\/\/www.africanchallenges.com\/index.php?rest_route=%2Fwp%2Fv2%2Fcomments&post=75102"}],"version-history":[{"count":2,"href":"https:\/\/www.africanchallenges.com\/index.php?rest_route=\/wp\/v2\/posts\/75102\/revisions"}],"predecessor-version":[{"id":75105,"href":"https:\/\/www.africanchallenges.com\/index.php?rest_route=\/wp\/v2\/posts\/75102\/revisions\/75105"}],"wp:featuredmedia":[{"embeddable":true,"href":"https:\/\/www.africanchallenges.com\/index.php?rest_route=\/wp\/v2\/media\/75103"}],"wp:attachment":[{"href":"https:\/\/www.africanchallenges.com\/index.php?rest_route=%2Fwp%2Fv2%2Fmedia&parent=75102"}],"wp:term":[{"taxonomy":"category","embeddable":true,"href":"https:\/\/www.africanchallenges.com\/index.php?rest_route=%2Fwp%2Fv2%2Fcategories&post=75102"},{"taxonomy":"post_tag","embeddable":true,"href":"https:\/\/www.africanchallenges.com\/index.php?rest_route=%2Fwp%2Fv2%2Ftags&post=75102"}],"curies":[{"name":"wp","href":"https:\/\/api.w.org\/{rel}","templated":true}]}}