{"id":75098,"date":"2026-07-17T11:59:50","date_gmt":"2026-07-17T10:59:50","guid":{"rendered":"https:\/\/www.africanchallenges.com\/?p=75098"},"modified":"2026-07-17T12:44:45","modified_gmt":"2026-07-17T11:44:45","slug":"60%e1%b5%89-edition-du-festival-de-carthage-saber-rebai-celebre-la-chanson-tunisienne-dans-une-ouverture-grandiose","status":"publish","type":"post","link":"https:\/\/www.africanchallenges.com\/?p=75098","title":{"rendered":"60\u1d49 \u00e9dition du Festival de Carthage : Saber Rebai c\u00e9l\u00e8bre la chanson tunisienne dans une ouverture grandiose"},"content":{"rendered":"\n<p class=\"wp-block-paragraph\">La 60\u1d49 \u00e9dition du Festival International de Carthage a d\u00e9marr\u00e9 dans la soir\u00e9e du 16 juillet \u00e0 l&rsquo;amphith\u00e9\u00e2tre romain de Carthage, dans une ambiance chaleureuse et empreinte d&rsquo;\u00e9motion. Une soir\u00e9e d&rsquo;ouverture m\u00e9morable, port\u00e9e par le prince de la chanson arabe, Saber Rebai, qui a pr\u00e9sent\u00e9 son nouveau spectacle intitul\u00e9 Taht El Yasmin \u00ab Sous le jasmin \u00bb.<\/p>\n\n\n\n<p class=\"wp-block-paragraph\">Le spectacle emprunte son titre au dernier succ\u00e8s bilingue de l&rsquo;artiste. En arabe, Taht El Yasmin fait \u00e9galement \u00e9cho \u00e0 l&rsquo;\u0153uvre intemporelle du ma\u00eetre H\u00e9di Jouini, rendant ainsi hommage \u00e0 l&rsquo;un des plus grands noms de la chanson tunisienne.<\/p>\n\n\n\n<p class=\"wp-block-paragraph\">Pour cette soir\u00e9e d&rsquo;exception, Saber Rebai \u00e9tait entour\u00e9 d&rsquo;invit\u00e9s prestigieux, parmi lesquels le grand Lotfi Bouchnak, ainsi que de jeunes talents de la sc\u00e8ne tunisienne : Ahmed Rebai, Molka Aouij, Bouteina Nabouli et Mohamed Ali Chebil, qui ont apport\u00e9 chacun leur touche artistique \u00e0 ce spectacle riche en \u00e9motions.<\/p>\n\n\n\n<p class=\"wp-block-paragraph\">D\u00e8s les premi\u00e8res heures de la soir\u00e9e, les admirateurs de Saber Rebai ont afflu\u00e9 en nombre vers l&rsquo;amphith\u00e9\u00e2tre de Carthage. Les longues files d&rsquo;attente t\u00e9moignaient de l&rsquo;immense engouement suscit\u00e9 par cet \u00e9v\u00e9nement, affich\u00e9 complet depuis plusieurs jours. Dans une atmosph\u00e8re festive, le public a pris d&rsquo;assaut les gradins pour assister \u00e0 cette ouverture qui restera parmi les grands moments de l&rsquo;histoire du Festival International de Carthage.<\/p>\n\n\n\n<p class=\"wp-block-paragraph\">D\u00e8s les premi\u00e8res notes de \u00ab\u00a0Machallah Aaliha\u00a0\u00bb, suivies de \u00ab\u00a0Tmannit\u00a0\u00bb, Saber Rebai a donn\u00e9 le ton d&rsquo;une soir\u00e9e festive o\u00f9 le public s&rsquo;est rapidement laiss\u00e9 emporter par le rythme.<\/p>\n\n\n\n<p class=\"wp-block-paragraph\">Visiblement \u00e9mu, l&rsquo;artiste a ensuite pris la parole pour saluer le public et rappeler la port\u00e9e symbolique du Festival international de Carthage, qu&rsquo;il consid\u00e8re comme un v\u00e9ritable gardien de la m\u00e9moire culturelle tunisienne. Il a insist\u00e9 sur le r\u00f4le des artistes, toutes g\u00e9n\u00e9rations confondues, dans la pr\u00e9servation et la transmission de cet h\u00e9ritage musical. Selon lui, ce spectacle incarnait avant tout un passage de relais entre les figures embl\u00e9matiques de la chanson tunisienne et les jeunes talents appel\u00e9s \u00e0 \u00e9crire les prochaines pages de son histoire.<\/p>\n\n\n\n<p class=\"wp-block-paragraph\">Fid\u00e8le \u00e0 cette vision, Saber Rebai a choisi de partager la sc\u00e8ne avec plusieurs invit\u00e9s, convaincu que les plus belles c\u00e9l\u00e9brations prennent tout leur sens lorsqu&rsquo;elles sont v\u00e9cues collectivement.<\/p>\n\n\n\n<p class=\"wp-block-paragraph\">Au fil du concert, il a revisit\u00e9 les grands succ\u00e8s qui ont marqu\u00e9 son parcours artistique. Des titres tels que \u00ab\u00a0Assal\u00a0\u00bb, \u00ab\u00a0Ezz El Habayeb\u00a0\u00bb, \u00ab\u00a0Bi Bassata\u00a0\u00bb, \u00ab\u00a0Ezzet Nafsi\u00a0\u00bb, \u00ab\u00a0Medha Law\u00a0\u00bb ou encore \u00ab\u00a0Mezyena\u00a0\u00bb ont \u00e9t\u00e9 repris en ch\u0153ur par un public conquis, cr\u00e9ant une v\u00e9ritable communion entre l&rsquo;artiste et ses admirateurs.<\/p>\n\n\n\n<p class=\"wp-block-paragraph\">L&rsquo;\u00e9motion s&rsquo;est intensifi\u00e9e avec l&rsquo;arriv\u00e9e sur sc\u00e8ne d&rsquo;Ahmed Rebai et de Molka Aouij. Ensemble, ils ont interpr\u00e9t\u00e9 un medley en hommage \u00e0 la regrett\u00e9e Dhekra, une s\u00e9quence particuli\u00e8rement applaudie qui a mis en lumi\u00e8re le talent de la jeune g\u00e9n\u00e9ration.<\/p>\n\n\n\n<p class=\"wp-block-paragraph\">Le spectacle s&rsquo;est poursuivi avec plusieurs chansons incontournables du r\u00e9pertoire de Saber Rebai, notamment \u00ab\u00a0Khallass Tarek\u00a0\u00bb, c\u00e9l\u00e8bre g\u00e9n\u00e9rique de la s\u00e9rie Sayd Errim, \u00ab\u00a0Ana Chayakh\u00a0\u00bb, v\u00e9ritable ode \u00e0 la joie de vivre, puis \u00ab\u00a0Tayar\u00a0\u00bb, l&rsquo;un de ses titres les plus r\u00e9cents.<\/p>\n\n\n\n<p class=\"wp-block-paragraph\">L&rsquo;un des moments les plus marquants de la soir\u00e9e a \u00e9t\u00e9 l&rsquo;entr\u00e9e en sc\u00e8ne de Lotfi Bouchnak, accueilli par une longue ovation. Les deux grandes voix tunisiennes ont partag\u00e9 un duo sur \u00ab\u00a0Ritek Ma Naaref Win\u00a0\u00bb, avant d&rsquo;interpr\u00e9ter \u00ab\u00a0Dalloula\u00a0\u00bb. Ils ont ensuite \u00e9t\u00e9 rejoints par Boutheina Nabouli, qui a pr\u00eat\u00e9 sa voix \u00e0 \u00ab\u00a0Nassaya\u00a0\u00bb, puis par Mohamed Ali Chebil pour une interpr\u00e9tation de \u00ab\u00a0Ye Lella\u00a0\u00bb.<\/p>\n\n\n\n<p class=\"wp-block-paragraph\">R\u00e9unis pour un hommage \u00e0 plusieurs monuments de la chanson tunisienne, les quatre artistes ont revisit\u00e9 des \u0153uvres devenues intemporelles : \u00ab\u00a0Me Habitech\u00a0\u00bb d&rsquo;Ali Riahi, \u00ab\u00a0Ki Yedhik Bik Edhahr\u00a0\u00bb de Sadek Thraya, \u00ab\u00a0Ouadouni\u00a0\u00bb de Saliha et \u00ab\u00a0Lamouni Elli Gharou Menni\u00a0\u00bb de H\u00e9di Jouini. En parall\u00e8le, des images d&rsquo;archives projet\u00e9es sur l&rsquo;\u00e9cran g\u00e9ant rappelaient le parcours de ces figures embl\u00e9matiques, dont l&rsquo;h\u00e9ritage continue d&rsquo;inspirer les nouvelles g\u00e9n\u00e9rations.<\/p>\n\n\n\n<p class=\"wp-block-paragraph\">Saber Rebai est ensuite revenu \u00e0 son propre r\u00e9pertoire avec \u00ab\u00a0Sous le Jasmin\u00a0\u00bb, la chanson bilingue qui donne son nom au spectacle pr\u00e9sent\u00e9 sp\u00e9cialement pour cette \u00e9dition anniversaire.<\/p>\n\n\n\n<p class=\"wp-block-paragraph\">Alors que le public pensait avoir v\u00e9cu tous les temps forts de la soir\u00e9e, une ultime surprise est venue couronner le concert avec l&rsquo;arriv\u00e9e du roi du ra\u00ef, Khaled. Les deux artistes ont offert un moment in\u00e9dit en fusionnant leurs univers musicaux \u00e0 travers un medley m\u00ealant \u00ab\u00a0Sidi Mansour\u00a0\u00bb et \u00ab\u00a0Abdelkader\u00a0\u00bb, d\u00e9clenchant une immense ferveur dans les gradins.<\/p>\n\n\n\n<p class=\"wp-block-paragraph\">Apr\u00e8s plus de deux heures de spectacle, Saber Rebai a choisi de conclure avec la ballade \u00ab\u00a0Athadda El Aalam\u00a0\u00bb, avant d&rsquo;offrir une derni\u00e8re explosion d&rsquo;\u00e9nergie avec \u00ab\u00a0Barcha\u00a0\u00bb, l&rsquo;un de ses titres les plus festifs.<\/p>\n\n\n\n<p class=\"wp-block-paragraph\">Lors de la conf\u00e9rence de presse organis\u00e9e \u00e0 l&rsquo;issue du concert, le chanteur a expliqu\u00e9 que ce spectacle avait \u00e9t\u00e9 imagin\u00e9 exclusivement pour Carthage. \u00c0 travers cette cr\u00e9ation, il souhaitait raconter l&rsquo;\u00e9volution de la chanson tunisienne, mettre en valeur son patrimoine et souligner l&rsquo;importance du dialogue artistique entre les diff\u00e9rentes g\u00e9n\u00e9rations.<\/p>\n\n\n\n<p class=\"wp-block-paragraph\">Bien plus qu&rsquo;un simple concert, cette soir\u00e9e inaugurale de la 60\u1d49 \u00e9dition du Festival international de Carthage s&rsquo;est impos\u00e9e comme une v\u00e9ritable c\u00e9l\u00e9bration de la chanson tunisienne. Entre hommage aux pionniers, valorisation des jeunes artistes et ouverture sur d&rsquo;autres horizons musicaux, elle a illustr\u00e9 la richesse d&rsquo;un patrimoine toujours vivant et r\u00e9solument tourn\u00e9 vers l&rsquo;avenir.<\/p>\n\n\n\n<figure class=\"wp-block-embed is-type-video is-provider-youtube wp-block-embed-youtube wp-embed-aspect-4-3 wp-has-aspect-ratio\"><div class=\"wp-block-embed__wrapper\">\n<div class=\"jeg_video_container jeg_video_content\"><iframe title=\"Aper\u00e7u du Spectacle de Saber Rebai\" width=\"500\" height=\"375\" src=\"https:\/\/www.youtube.com\/embed\/rSOOiM_yz5M?feature=oembed\" frameborder=\"0\" allow=\"accelerometer; autoplay; clipboard-write; encrypted-media; gyroscope; picture-in-picture; web-share\" referrerpolicy=\"strict-origin-when-cross-origin\" allowfullscreen><\/iframe><\/div>\n<\/div><\/figure>\n","protected":false},"excerpt":{"rendered":"<p>La 60\u1d49 \u00e9dition du Festival International de Carthage a d\u00e9marr\u00e9 dans la soir\u00e9e du 16 juillet \u00e0 l&rsquo;amphith\u00e9\u00e2tre romain de Carthage, dans une ambiance chaleureuse et empreinte d&rsquo;\u00e9motion. Une soir\u00e9e d&rsquo;ouverture m\u00e9morable, port\u00e9e par le prince de la chanson arabe, Saber Rebai, qui a pr\u00e9sent\u00e9 son nouveau spectacle intitul\u00e9 Taht El Yasmin \u00ab Sous le [&hellip;]<\/p>\n","protected":false},"author":3,"featured_media":75099,"comment_status":"open","ping_status":"closed","sticky":false,"template":"","format":"standard","meta":{"content-type":"","jnews-multi-image_gallery":[],"jnews_single_post":{"format":"standard"},"jnews_primary_category":[],"jnews_override_bookmark_settings":[],"jnews_review":[],"enable_review":"","type":"","name":"","summary":"","brand":"","sku":"","good":[],"bad":[],"score_override":"","override_value":"","rating":[],"price":[],"jnews_post_split":[],"footnotes":""},"categories":[17],"tags":[19042,234,3446],"class_list":["post-75098","post","type-post","status-publish","format-standard","has-post-thumbnail","hentry","category-entertainment","tag-festival-de-carthage","tag-ouverture","tag-saber-rebai"],"_links":{"self":[{"href":"https:\/\/www.africanchallenges.com\/index.php?rest_route=\/wp\/v2\/posts\/75098","targetHints":{"allow":["GET"]}}],"collection":[{"href":"https:\/\/www.africanchallenges.com\/index.php?rest_route=\/wp\/v2\/posts"}],"about":[{"href":"https:\/\/www.africanchallenges.com\/index.php?rest_route=\/wp\/v2\/types\/post"}],"author":[{"embeddable":true,"href":"https:\/\/www.africanchallenges.com\/index.php?rest_route=\/wp\/v2\/users\/3"}],"replies":[{"embeddable":true,"href":"https:\/\/www.africanchallenges.com\/index.php?rest_route=%2Fwp%2Fv2%2Fcomments&post=75098"}],"version-history":[{"count":2,"href":"https:\/\/www.africanchallenges.com\/index.php?rest_route=\/wp\/v2\/posts\/75098\/revisions"}],"predecessor-version":[{"id":75106,"href":"https:\/\/www.africanchallenges.com\/index.php?rest_route=\/wp\/v2\/posts\/75098\/revisions\/75106"}],"wp:featuredmedia":[{"embeddable":true,"href":"https:\/\/www.africanchallenges.com\/index.php?rest_route=\/wp\/v2\/media\/75099"}],"wp:attachment":[{"href":"https:\/\/www.africanchallenges.com\/index.php?rest_route=%2Fwp%2Fv2%2Fmedia&parent=75098"}],"wp:term":[{"taxonomy":"category","embeddable":true,"href":"https:\/\/www.africanchallenges.com\/index.php?rest_route=%2Fwp%2Fv2%2Fcategories&post=75098"},{"taxonomy":"post_tag","embeddable":true,"href":"https:\/\/www.africanchallenges.com\/index.php?rest_route=%2Fwp%2Fv2%2Ftags&post=75098"}],"curies":[{"name":"wp","href":"https:\/\/api.w.org\/{rel}","templated":true}]}}