{"id":75062,"date":"2026-07-16T14:06:23","date_gmt":"2026-07-16T13:06:23","guid":{"rendered":"https:\/\/www.africanchallenges.com\/?p=75062"},"modified":"2026-07-16T14:23:49","modified_gmt":"2026-07-16T13:23:49","slug":"bebe-celebre-les-22-ans-de-pafuera-telaranas-sous-les-etoiles-de-hammamet","status":"publish","type":"post","link":"https:\/\/www.africanchallenges.com\/?p=75062","title":{"rendered":"Bebe c\u00e9l\u00e8bre les 22 ans de Pafuera Telara\u00f1as sous les \u00e9toiles de Hammamet"},"content":{"rendered":"\n<p class=\"wp-block-paragraph\">L\u2019une des voix espagnoles les plus \u00e9cout\u00e9es de la jeune g\u00e9n\u00e9ration s\u2019est produite sur la sc\u00e8ne du festival de Hammamet dans la nuit du 15 juillet 2026. V\u00eatue sobrement et entour\u00e9e de ses musiciens virtuoses, elle a offert au public 1h30 de m\u00e9lodies pures et de d\u00e9clarations d\u2019amour dans un fran\u00e7ais approximatif mais attachant. Une soir\u00e9e d\u2019\u00e9t\u00e9 caniculaire mais hautement musicale pendant laquelle la chanteuse a pu offrir un spectacle 100% ma\u00eetris\u00e9 qui allie ballades douces et morceaux rythm\u00e9s. Une premi\u00e8re fois en Tunisie, d\u00e9sormais m\u00e9morable.<\/p>\n\n\n\n<p class=\"wp-block-paragraph\">Chanteuse, auteure &#8211; compositrice mais \u00e9galement actrice, l\u2019artiste ponctue ses morceaux par des d\u00e9clarations touchantes. Bebe, son nom de sc\u00e8ne s\u00e9duit, tout comme sa voix singuli\u00e8re et sa pr\u00e9sence sc\u00e9nique attractive. Ses chansons ont r\u00e9sonn\u00e9 dans cet amphith\u00e9\u00e2tre en plein air, \u00e9pousant le slogan phare de cette 60\u00e8me \u00e9dition \u00ab Endless Memories \u00bb. Une performance, qui est d\u00e9sormais marquante.<\/p>\n\n\n\n<figure class=\"wp-block-image size-full\"><img fetchpriority=\"high\" decoding=\"async\" width=\"615\" height=\"277\" src=\"https:\/\/www.africanchallenges.com\/wp-content\/uploads\/2026\/07\/bebe7-1.jpg\" alt=\"\" class=\"wp-image-75071\" srcset=\"https:\/\/www.africanchallenges.com\/wp-content\/uploads\/2026\/07\/bebe7-1.jpg 615w, https:\/\/www.africanchallenges.com\/wp-content\/uploads\/2026\/07\/bebe7-1-300x135.jpg 300w\" sizes=\"(max-width: 615px) 100vw, 615px\" \/><\/figure>\n\n\n\n<p class=\"wp-block-paragraph\">En r\u00e9ponse \u00e0 l&rsquo;esprit anniversaire et festif du festival de Hammamet, la chanteuse a rendu hommage \u00e0 un album phare \u00ab Pafuera Telara\u00f1as \u00bb, qui f\u00eate cette ann\u00e9e, ses 22 ans. Paru en 2004 et produit par Carlos Jean, il est riche de tous les titres qui ont fait sa carri\u00e8re et l\u2019ont fait conna\u00eetre comme \u00ab Malo \u00bb, \u00ab Ella \u00bb et \u00ab Siempre me quedar\u00e1 \u00bb. Bebe conquit par son \u00e9criture sensible, engag\u00e9e et profond\u00e9ment humaine.<\/p>\n\n\n\n<p class=\"wp-block-paragraph\">Ce concert \u00e9v\u00e9nement revisite un r\u00e9pertoire incontournable qui a fait d\u2019elle l\u2019une des voix incontournables de la musique hispanophone contemporaine. Des chansons comme \u00ab 7 horas \u00bb, \u00ab Respirar \u00bb, \u00ab Mi Guapo \u00bb ou encore \u00ab La micha \u00bb se sont succ\u00e9d\u00e9 pour le plus grand bonheur des m\u00e9lomanes pr\u00e9sents, pour la plupart espagnols ou hispanophones. Son excellence M. l\u2019ambassadeur d\u2019Espagne en Tunisie \u00ab Isidro Antonio Gonz\u00e1lez Afonso a r\u00e9pondu pr\u00e9sent ainsi que des membres de l\u2019ambassade, de l\u2019Institut Cervantes et de l\u2019AECID.<\/p>\n\n\n\n<figure class=\"wp-block-image size-full\"><img decoding=\"async\" width=\"615\" height=\"277\" src=\"https:\/\/www.africanchallenges.com\/wp-content\/uploads\/2026\/07\/bebe2.jpg\" alt=\"\" class=\"wp-image-75067\" srcset=\"https:\/\/www.africanchallenges.com\/wp-content\/uploads\/2026\/07\/bebe2.jpg 615w, https:\/\/www.africanchallenges.com\/wp-content\/uploads\/2026\/07\/bebe2-300x135.jpg 300w\" sizes=\"(max-width: 615px) 100vw, 615px\" \/><\/figure>\n\n\n\n<p class=\"wp-block-paragraph\">Bebe pr\u00f4ne des causes humaines primordiales pour elle, comme la lutte contre les violences faites aux femmes. Son titre \u00ab Malo \u00bb en dit long sur son combat. Son univers m\u00eale flamenco, pop, rock et chanson d&rsquo;auteur, avec des textes engag\u00e9s sur la libert\u00e9, la dignit\u00e9 et l&rsquo;\u00e9mancipation. \u00ab Merci pour votre pr\u00e9sence, votre amour \u2026C\u2019est ma premi\u00e8re foisen Tunisie et je suis heureuse de vous rencontrer \u00bb. Annonce \u2013 elle en lisant une d\u00e9claration affich\u00e9e sur son t\u00e9l\u00e9phone.<\/p>\n\n\n\n<p class=\"wp-block-paragraph\">Reprise du marathon estival des concerts le 17 juillet 2026 avec la performance de Noor et Selim Arjoun. Le duo revient avec un \u201cLive with orchestra\u201d qui sera pr\u00e9sent\u00e9 pour la premi\u00e8re fois au Festival International de Hammamet.<\/p>\n\n\n\n<figure class=\"wp-block-embed is-type-video is-provider-youtube wp-block-embed-youtube wp-embed-aspect-4-3 wp-has-aspect-ratio\"><div class=\"wp-block-embed__wrapper\">\n<div class=\"jeg_video_container jeg_video_content\"><iframe title=\"Spectacle BEBE au Festival International de Hammamet\" width=\"500\" height=\"375\" src=\"https:\/\/www.youtube.com\/embed\/avzoMBNtJR8?feature=oembed\" frameborder=\"0\" allow=\"accelerometer; autoplay; clipboard-write; encrypted-media; gyroscope; picture-in-picture; web-share\" referrerpolicy=\"strict-origin-when-cross-origin\" allowfullscreen><\/iframe><\/div>\n<\/div><\/figure>\n","protected":false},"excerpt":{"rendered":"<p>L\u2019une des voix espagnoles les plus \u00e9cout\u00e9es de la jeune g\u00e9n\u00e9ration s\u2019est produite sur la sc\u00e8ne du festival de Hammamet dans la nuit du 15 juillet 2026. V\u00eatue sobrement et entour\u00e9e de ses musiciens virtuoses, elle a offert au public 1h30 de m\u00e9lodies pures et de d\u00e9clarations d\u2019amour dans un fran\u00e7ais approximatif mais attachant. Une [&hellip;]<\/p>\n","protected":false},"author":4,"featured_media":75070,"comment_status":"open","ping_status":"closed","sticky":false,"template":"","format":"standard","meta":{"content-type":"","jnews-multi-image_gallery":[],"jnews_single_post":{"format":"standard"},"jnews_primary_category":[],"jnews_override_bookmark_settings":[],"jnews_review":[],"enable_review":"","type":"","name":"","summary":"","brand":"","sku":"","good":[],"bad":[],"score_override":"","override_value":"","rating":[],"price":[],"jnews_post_split":[],"footnotes":""},"categories":[17],"tags":[19032,3282,19033],"class_list":["post-75062","post","type-post","status-publish","format-standard","has-post-thumbnail","hentry","category-entertainment","tag-bebe","tag-festival-de-hammamet","tag-pafuera-telaranas"],"_links":{"self":[{"href":"https:\/\/www.africanchallenges.com\/index.php?rest_route=\/wp\/v2\/posts\/75062","targetHints":{"allow":["GET"]}}],"collection":[{"href":"https:\/\/www.africanchallenges.com\/index.php?rest_route=\/wp\/v2\/posts"}],"about":[{"href":"https:\/\/www.africanchallenges.com\/index.php?rest_route=\/wp\/v2\/types\/post"}],"author":[{"embeddable":true,"href":"https:\/\/www.africanchallenges.com\/index.php?rest_route=\/wp\/v2\/users\/4"}],"replies":[{"embeddable":true,"href":"https:\/\/www.africanchallenges.com\/index.php?rest_route=%2Fwp%2Fv2%2Fcomments&post=75062"}],"version-history":[{"count":4,"href":"https:\/\/www.africanchallenges.com\/index.php?rest_route=\/wp\/v2\/posts\/75062\/revisions"}],"predecessor-version":[{"id":75072,"href":"https:\/\/www.africanchallenges.com\/index.php?rest_route=\/wp\/v2\/posts\/75062\/revisions\/75072"}],"wp:featuredmedia":[{"embeddable":true,"href":"https:\/\/www.africanchallenges.com\/index.php?rest_route=\/wp\/v2\/media\/75070"}],"wp:attachment":[{"href":"https:\/\/www.africanchallenges.com\/index.php?rest_route=%2Fwp%2Fv2%2Fmedia&parent=75062"}],"wp:term":[{"taxonomy":"category","embeddable":true,"href":"https:\/\/www.africanchallenges.com\/index.php?rest_route=%2Fwp%2Fv2%2Fcategories&post=75062"},{"taxonomy":"post_tag","embeddable":true,"href":"https:\/\/www.africanchallenges.com\/index.php?rest_route=%2Fwp%2Fv2%2Ftags&post=75062"}],"curies":[{"name":"wp","href":"https:\/\/api.w.org\/{rel}","templated":true}]}}