{"id":74051,"date":"2026-06-02T22:38:39","date_gmt":"2026-06-02T21:38:39","guid":{"rendered":"https:\/\/www.africanchallenges.com\/?p=74051"},"modified":"2026-06-02T22:45:51","modified_gmt":"2026-06-02T21:45:51","slug":"madrid-accueille-la-5%e1%b5%89-conference-ministerielle-sur-la-politique-etrangere-feministe-sous-le-theme-construire-la-paix-et-la-democratie","status":"publish","type":"post","link":"https:\/\/www.africanchallenges.com\/?p=74051","title":{"rendered":"Madrid accueille la 5\u1d49 Conf\u00e9rence minist\u00e9rielle sur la politique \u00e9trang\u00e8re f\u00e9ministe sous le th\u00e8me                \u00ab\u00a0Construire la paix et la d\u00e9mocratie\u00a0\u00bb"},"content":{"rendered":"\n<p class=\"wp-block-paragraph\">Les 2 et 3 juin 2026, l\u2019Espagne accueille \u00e0 Madrid la 5\u1d49 Conf\u00e9rence minist\u00e9rielle sur la politique \u00e9trang\u00e8re f\u00e9ministe, sous le th\u00e8me :  \u00ab Construire la paix et la d\u00e9mocratie \u00bb.<\/p>\n\n\n\n<p class=\"wp-block-paragraph\">Cet \u00e9v\u00e9nement international de haut niveau r\u00e9unira plus de 700 participantes et participants, parmi lesquels des ministres des Affaires \u00e9trang\u00e8res, des repr\u00e9sentants d\u2019organisations internationales, de la soci\u00e9t\u00e9 civile, des fondations philanthropiques et des mouvements f\u00e9ministes.<\/p>\n\n\n\n<p class=\"wp-block-paragraph\">La conf\u00e9rence r\u00e9affirme que les droits des femmes et des filles ainsi que l\u2019\u00e9galit\u00e9 de genre ne sont pas seulement des priorit\u00e9s en soi, mais aussi des piliers essentiels pour renforcer la paix, la justice et la d\u00e9mocratie dans le monde.<\/p>\n\n\n\n<p class=\"wp-block-paragraph\">Dans un contexte marqu\u00e9 par les conflits, les reculs d\u00e9mocratiques et l\u2019aggravation des in\u00e9galit\u00e9s, cette rencontre vise \u00e0 consolider une coalition d\u2019\u00c9tats engag\u00e9s en faveur de l\u2019\u00e9galit\u00e9 de genre, \u00e0 promouvoir l\u2019adoption de politiques \u00e9trang\u00e8res f\u00e9ministes et \u00e0 encourager des engagements politiques concrets, des bonnes pratiques et des initiatives innovantes et transformatrices.<\/p>\n","protected":false},"excerpt":{"rendered":"<p>Les 2 et 3 juin 2026, l\u2019Espagne accueille \u00e0 Madrid la 5\u1d49 Conf\u00e9rence minist\u00e9rielle sur la politique \u00e9trang\u00e8re f\u00e9ministe, sous le th\u00e8me : \u00ab Construire la paix et la d\u00e9mocratie \u00bb. Cet \u00e9v\u00e9nement international de haut niveau r\u00e9unira plus de 700 participantes et participants, parmi lesquels des ministres des Affaires \u00e9trang\u00e8res, des repr\u00e9sentants d\u2019organisations internationales, [&hellip;]<\/p>\n","protected":false},"author":4,"featured_media":74052,"comment_status":"open","ping_status":"closed","sticky":false,"template":"","format":"standard","meta":{"content-type":"","jnews-multi-image_gallery":[],"jnews_single_post":{"format":"standard"},"jnews_primary_category":[],"jnews_override_bookmark_settings":[],"jnews_review":[],"enable_review":"","type":"","name":"","summary":"","brand":"","sku":"","good":[],"bad":[],"score_override":"","override_value":"","rating":[],"price":[],"jnews_post_split":[],"footnotes":""},"categories":[44,6],"tags":[18724,256,2985,18725],"class_list":["post-74051","post","type-post","status-publish","format-standard","has-post-thumbnail","hentry","category-femme","category-world","tag-conference-ministerielle","tag-democratie","tag-paix","tag-politique-etrangere-feministe"],"_links":{"self":[{"href":"https:\/\/www.africanchallenges.com\/index.php?rest_route=\/wp\/v2\/posts\/74051","targetHints":{"allow":["GET"]}}],"collection":[{"href":"https:\/\/www.africanchallenges.com\/index.php?rest_route=\/wp\/v2\/posts"}],"about":[{"href":"https:\/\/www.africanchallenges.com\/index.php?rest_route=\/wp\/v2\/types\/post"}],"author":[{"embeddable":true,"href":"https:\/\/www.africanchallenges.com\/index.php?rest_route=\/wp\/v2\/users\/4"}],"replies":[{"embeddable":true,"href":"https:\/\/www.africanchallenges.com\/index.php?rest_route=%2Fwp%2Fv2%2Fcomments&post=74051"}],"version-history":[{"count":1,"href":"https:\/\/www.africanchallenges.com\/index.php?rest_route=\/wp\/v2\/posts\/74051\/revisions"}],"predecessor-version":[{"id":74053,"href":"https:\/\/www.africanchallenges.com\/index.php?rest_route=\/wp\/v2\/posts\/74051\/revisions\/74053"}],"wp:featuredmedia":[{"embeddable":true,"href":"https:\/\/www.africanchallenges.com\/index.php?rest_route=\/wp\/v2\/media\/74052"}],"wp:attachment":[{"href":"https:\/\/www.africanchallenges.com\/index.php?rest_route=%2Fwp%2Fv2%2Fmedia&parent=74051"}],"wp:term":[{"taxonomy":"category","embeddable":true,"href":"https:\/\/www.africanchallenges.com\/index.php?rest_route=%2Fwp%2Fv2%2Fcategories&post=74051"},{"taxonomy":"post_tag","embeddable":true,"href":"https:\/\/www.africanchallenges.com\/index.php?rest_route=%2Fwp%2Fv2%2Ftags&post=74051"}],"curies":[{"name":"wp","href":"https:\/\/api.w.org\/{rel}","templated":true}]}}