{"id":74010,"date":"2026-06-02T13:53:32","date_gmt":"2026-06-02T12:53:32","guid":{"rendered":"https:\/\/www.africanchallenges.com\/?p=74010"},"modified":"2026-06-02T13:53:33","modified_gmt":"2026-06-02T12:53:33","slug":"journee-internationale-de-la-biodiversite-agir-localement-pour-un-impact-global","status":"publish","type":"post","link":"https:\/\/www.africanchallenges.com\/?p=74010","title":{"rendered":"Journ\u00e9e internationale de la biodiversit\u00e9 : agir localement pour un impact global"},"content":{"rendered":"\n<p class=\"wp-block-paragraph\">Le 22 mai dernier, l\u2019IRD \u00e9tait pr\u00e9sent \u00e0 l\u2019Acad\u00e9mie Diplomatique de Tunis \u00e0 l\u2019occasion de la Journ\u00e9e internationale de la biodiversit\u00e9, organis\u00e9e par le Minist\u00e8re tunisien de l\u2019Environnement, en partenariat avec l\u2019Observatoire du Sahara et du Sahel (OSS), le WWF Afrique du Nord, le PNUD, la FAO, le SPA\/RAC et plusieurs partenaires techniques et institutionnels.<\/p>\n\n\n\n<p class=\"wp-block-paragraph\">Plac\u00e9e sous le th\u00e8me \u00ab Des actions locales \u00e0 l\u2019impact mondial \u00bb, cette journ\u00e9e a r\u00e9uni institutions nationales, organisations internationales, chercheurs, acteurs de la soci\u00e9t\u00e9 civile, m\u00e9dias et jeunes autour d\u2019un enjeu commun : la pr\u00e9servation de la biodiversit\u00e9 et la valorisation des initiatives locales.<\/p>\n\n\n\n<p class=\"wp-block-paragraph\">Les \u00e9changes ont rappel\u00e9 l\u2019importance de renforcer les synergies entre institutions, scientifiques, partenaires techniques, associations et communaut\u00e9s locales pour faire face \u00e0 la d\u00e9gradation des \u00e9cosyst\u00e8mes, au changement climatique et aux d\u00e9fis li\u00e9s \u00e0 la gestion durable des ressources naturelles.<\/p>\n\n\n\n<p class=\"wp-block-paragraph\">\u00c0 travers sa pr\u00e9sence, l\u2019IRD r\u00e9affirme son engagement en faveur d\u2019une recherche partenariale, ancr\u00e9e dans les territoires et au service de la protection de la biodiversit\u00e9, en Tunisie comme dans l\u2019ensemble du bassin m\u00e9diterran\u00e9en.<\/p>\n\n\n\n<p class=\"wp-block-paragraph\"><\/p>\n","protected":false},"excerpt":{"rendered":"<p>Le 22 mai dernier, l\u2019IRD \u00e9tait pr\u00e9sent \u00e0 l\u2019Acad\u00e9mie Diplomatique de Tunis \u00e0 l\u2019occasion de la Journ\u00e9e internationale de la biodiversit\u00e9, organis\u00e9e par le Minist\u00e8re tunisien de l\u2019Environnement, en partenariat avec l\u2019Observatoire du Sahara et du Sahel (OSS), le WWF Afrique du Nord, le PNUD, la FAO, le SPA\/RAC et plusieurs partenaires techniques et institutionnels. [&hellip;]<\/p>\n","protected":false},"author":4,"featured_media":74011,"comment_status":"open","ping_status":"closed","sticky":false,"template":"","format":"standard","meta":{"content-type":"","jnews-multi-image_gallery":[],"jnews_single_post":{"format":"standard"},"jnews_primary_category":[],"jnews_override_bookmark_settings":[],"jnews_review":[],"enable_review":"","type":"","name":"","summary":"","brand":"","sku":"","good":[],"bad":[],"score_override":"","override_value":"","rating":[],"price":[],"jnews_post_split":[],"footnotes":""},"categories":[61],"tags":[2990,18709,18710,12457,1164],"class_list":["post-74010","post","type-post","status-publish","format-standard","has-post-thumbnail","hentry","category-societe","tag-fao","tag-journee-internationale-de-la-biodiversite","tag-lobservatoire-du-sahara-et-du-sahel-2","tag-ministere-tunisien-de-lenvironnement","tag-pnud"],"_links":{"self":[{"href":"https:\/\/www.africanchallenges.com\/index.php?rest_route=\/wp\/v2\/posts\/74010","targetHints":{"allow":["GET"]}}],"collection":[{"href":"https:\/\/www.africanchallenges.com\/index.php?rest_route=\/wp\/v2\/posts"}],"about":[{"href":"https:\/\/www.africanchallenges.com\/index.php?rest_route=\/wp\/v2\/types\/post"}],"author":[{"embeddable":true,"href":"https:\/\/www.africanchallenges.com\/index.php?rest_route=\/wp\/v2\/users\/4"}],"replies":[{"embeddable":true,"href":"https:\/\/www.africanchallenges.com\/index.php?rest_route=%2Fwp%2Fv2%2Fcomments&post=74010"}],"version-history":[{"count":1,"href":"https:\/\/www.africanchallenges.com\/index.php?rest_route=\/wp\/v2\/posts\/74010\/revisions"}],"predecessor-version":[{"id":74012,"href":"https:\/\/www.africanchallenges.com\/index.php?rest_route=\/wp\/v2\/posts\/74010\/revisions\/74012"}],"wp:featuredmedia":[{"embeddable":true,"href":"https:\/\/www.africanchallenges.com\/index.php?rest_route=\/wp\/v2\/media\/74011"}],"wp:attachment":[{"href":"https:\/\/www.africanchallenges.com\/index.php?rest_route=%2Fwp%2Fv2%2Fmedia&parent=74010"}],"wp:term":[{"taxonomy":"category","embeddable":true,"href":"https:\/\/www.africanchallenges.com\/index.php?rest_route=%2Fwp%2Fv2%2Fcategories&post=74010"},{"taxonomy":"post_tag","embeddable":true,"href":"https:\/\/www.africanchallenges.com\/index.php?rest_route=%2Fwp%2Fv2%2Ftags&post=74010"}],"curies":[{"name":"wp","href":"https:\/\/api.w.org\/{rel}","templated":true}]}}