{"id":73963,"date":"2026-06-01T10:40:00","date_gmt":"2026-06-01T09:40:00","guid":{"rendered":"https:\/\/www.africanchallenges.com\/?p=73963"},"modified":"2026-05-31T23:37:19","modified_gmt":"2026-05-31T22:37:19","slug":"tunisie-initiative-teramed-pour-la-transition-energetique-dans-le-cadre-du-projet-du-reseau-arabe-pour-lenvironnement","status":"publish","type":"post","link":"https:\/\/www.africanchallenges.com\/?p=73963","title":{"rendered":"Tunisie: Initiative \u00ab TeraMED \u00bb pour la transition \u00e9nerg\u00e9tique dans le cadre du projet du R\u00e9seau arabe pour l\u2019environnement"},"content":{"rendered":"\n<p class=\"wp-block-paragraph\">L\u2019initiative r\u00e9gionale \u00ab TeraMED \u00bb constitue une d\u00e9marche in\u00e9dite visant \u00e0 acc\u00e9l\u00e9rer la transition vers les \u00e9nergies renouvelables dans la r\u00e9gion m\u00e9diterran\u00e9enne. Elle s\u2019inscrit dans le cadre des travaux du R\u00e9seau arabe pour l\u2019environnement et le d\u00e9veloppement \u00ab RAEED \u00bb, qui assure la coordination entre les organisations de la soci\u00e9t\u00e9 civile du Sud de la M\u00e9diterran\u00e9e.<\/p>\n\n\n\n<p class=\"wp-block-paragraph\">Cette initiative ambitionne de mobiliser les efforts collectifs pour atteindre une capacit\u00e9 de production d\u2019un t\u00e9rawatt d\u2019\u00e9nergie propre d\u2019ici 2030, dans la continuit\u00e9 des engagements internationaux pris lors de la 28e Conf\u00e9rence des Parties (COP28) \u00e0 Duba\u00ef en novembre 2023. \u00c0 cette occasion, pr\u00e8s de 200 pays ont adopt\u00e9 une d\u00e9cision appelant \u00e0 tripler la capacit\u00e9 mondiale des \u00e9nergies renouvelables et \u00e0 doubler l\u2019efficacit\u00e9 \u00e9nerg\u00e9tique d\u2019ici 2030, afin d\u2019acc\u00e9l\u00e9rer la transition \u00e9nerg\u00e9tique et r\u00e9duire la d\u00e9pendance aux \u00e9nergies fossiles.<\/p>\n\n\n\n<p class=\"wp-block-paragraph\">Malgr\u00e9 le potentiel consid\u00e9rable de la r\u00e9gion m\u00e9diterran\u00e9enne en mati\u00e8re d\u2019\u00e9nergies renouvelables, la mise en \u0153uvre de ces objectifs n\u00e9cessite une vision commune, des engagements clairs et une coordination renforc\u00e9e entre les acteurs concern\u00e9s. C\u2019est dans ce contexte qu\u2019une strat\u00e9gie r\u00e9gionale a \u00e9t\u00e9 \u00e9labor\u00e9e, donnant naissance \u00e0 la campagne \u00ab TeraMED \u00bb, destin\u00e9e \u00e0 acc\u00e9l\u00e9rer une transition \u00e9nerg\u00e9tique juste et durable dans l\u2019ensemble du bassin m\u00e9diterran\u00e9en.<\/p>\n\n\n\n<p class=\"wp-block-paragraph\">Lanc\u00e9e \u00e0 l\u2019issue du Dialogue m\u00e9diterran\u00e9en sur l\u2019\u00e9nergie durable et le climat, premi\u00e8re plateforme d\u00e9di\u00e9e \u00e0 la coop\u00e9ration multi-acteurs pour une transition \u00e9quitable, l\u2019initiative rassemble plusieurs organisations r\u00e9gionales et internationales, dont la Fondation europ\u00e9enne pour le climat, l\u2019Union pour la M\u00e9diterran\u00e9e, le Centre r\u00e9gional pour les \u00e9nergies renouvelables et l\u2019efficacit\u00e9 \u00e9nerg\u00e9tique, la Fondation Green Islands, ainsi que le Centre italien de recherche sur le changement climatique.<\/p>\n\n\n\n<p class=\"wp-block-paragraph\">Le R\u00e9seau arabe pour l\u2019environnement et le d\u00e9veloppement \u00ab RAEED \u00bb assure la coordination des organisations de la soci\u00e9t\u00e9 civile arabe engag\u00e9es dans cette dynamique, en coop\u00e9ration avec l\u2019ensemble des parties prenantes. Les organisations participantes ont adress\u00e9 une lettre ouverte aux acteurs des pays du bassin m\u00e9diterran\u00e9en, soulignant la diversit\u00e9 des partenaires impliqu\u00e9s, incluant ONG internationales et locales, institutions intergouvernementales, centres de recherche, fondations philanthropiques, ainsi que repr\u00e9sentants du secteur industriel et des investisseurs.<\/p>\n\n\n\n<p class=\"wp-block-paragraph\">La campagne \u00ab TeraMED \u00bb a d\u00e9j\u00e0 \u00e9t\u00e9 pr\u00e9sent\u00e9e lors de la Semaine du climat de New York, tenue en septembre 2026 en marge de la 81e session de l\u2019Assembl\u00e9e g\u00e9n\u00e9rale des Nations unies. Elle fera \u00e9galement l\u2019objet d\u2019une pr\u00e9sentation officielle lors de la Semaine de l\u2019\u00e9nergie durable du Caire en octobre 2024, organis\u00e9e par le R\u00e9seau arabe pour l\u2019environnement et le d\u00e9veloppement.<\/p>\n\n\n\n<p class=\"wp-block-paragraph\">Par ailleurs, plusieurs sessions consacr\u00e9es \u00e0 cette initiative sont pr\u00e9vues lors de la COP31, qui se tiendra en Turquie \u00e0 la fin de l\u2019ann\u00e9e.<\/p>\n\n\n\n<p class=\"wp-block-paragraph\">La d\u00e9claration de la campagne appelle \u00e0 fixer un objectif r\u00e9gional ambitieux visant \u00e0 atteindre une capacit\u00e9 d\u2019un t\u00e9rawatt d\u2019\u00e9nergies renouvelables en M\u00e9diterran\u00e9e d\u2019ici 2030, contribuant ainsi aux objectifs mondiaux de d\u00e9carbonation. Elle souligne \u00e9galement les opportunit\u00e9s importantes offertes par le potentiel \u00e9nerg\u00e9tique de la r\u00e9gion pour promouvoir un d\u00e9veloppement plus durable, \u00e9quitable et inclusif, tout en renfor\u00e7ant la stabilit\u00e9, la s\u00e9curit\u00e9 \u00e9nerg\u00e9tique et la coop\u00e9ration entre les pays du bassin m\u00e9diterran\u00e9en, ainsi qu\u2019avec l\u2019Afrique et le Moyen-Orient.<\/p>\n\n\n\n<p class=\"wp-block-paragraph\">Enfin, la d\u00e9claration met en avant les b\u00e9n\u00e9fices d\u2019une strat\u00e9gie r\u00e9gionale de transition \u00e9nerg\u00e9tique juste, notamment la cr\u00e9ation d\u2019emplois verts, le renforcement de la r\u00e9silience face au changement climatique, l\u2019am\u00e9lioration de l\u2019acc\u00e8s \u00e0 l\u2019\u00e9nergie et le d\u00e9veloppement de cha\u00eenes d\u2019approvisionnement locales. Elle appelle les gouvernements m\u00e9diterran\u00e9ens \u00e0 adopter des objectifs nationaux ambitieux en mati\u00e8re d\u2019\u00e9nergies renouvelables, \u00e0 renforcer la coop\u00e9ration climatique, \u00e0 moderniser les r\u00e9seaux \u00e9lectriques, \u00e0 am\u00e9liorer les m\u00e9canismes de financement et \u00e0 favoriser l\u2019implication des acteurs locaux et du secteur priv\u00e9.<\/p>\n\n\n\n<p class=\"wp-block-paragraph\">Les organisations tunisiennes et r\u00e9gionales impliqu\u00e9es dans la campagne \u00ab TeraMED \u00bb r\u00e9affirment leur volont\u00e9 de collaborer avec les gouvernements pour \u00e9laborer des approches nationales adapt\u00e9es, en vue d\u2019acc\u00e9l\u00e9rer la transition \u00e9nerg\u00e9tique. Elles soulignent enfin que cette transition constitue une opportunit\u00e9 strat\u00e9gique pour renforcer la s\u00e9curit\u00e9 \u00e9nerg\u00e9tique, stimuler le d\u00e9veloppement \u00e9conomique et social, et inspirer d\u2019autres r\u00e9gions du monde dans leurs propres efforts de d\u00e9carbonation.<\/p>\n","protected":false},"excerpt":{"rendered":"<p>L\u2019initiative r\u00e9gionale \u00ab TeraMED \u00bb constitue une d\u00e9marche in\u00e9dite visant \u00e0 acc\u00e9l\u00e9rer la transition vers les \u00e9nergies renouvelables dans la r\u00e9gion m\u00e9diterran\u00e9enne. Elle s\u2019inscrit dans le cadre des travaux du R\u00e9seau arabe pour l\u2019environnement et le d\u00e9veloppement \u00ab RAEED \u00bb, qui assure la coordination entre les organisations de la soci\u00e9t\u00e9 civile du Sud de la [&hellip;]<\/p>\n","protected":false},"author":4,"featured_media":73964,"comment_status":"open","ping_status":"closed","sticky":false,"template":"","format":"standard","meta":{"content-type":"","jnews-multi-image_gallery":[],"jnews_single_post":{"format":"standard"},"jnews_primary_category":[],"jnews_override_bookmark_settings":[],"jnews_review":[],"enable_review":"","type":"","name":"","summary":"","brand":"","sku":"","good":[],"bad":[],"score_override":"","override_value":"","rating":[],"price":[],"jnews_post_split":[],"footnotes":""},"categories":[43,73],"tags":[18694,18693,8118],"class_list":["post-73963","post","type-post","status-publish","format-standard","has-post-thumbnail","hentry","category-eco-business","category-eco","tag-reseau-arabe-pour-lenvironnement","tag-teramed","tag-transition-energetique"],"_links":{"self":[{"href":"https:\/\/www.africanchallenges.com\/index.php?rest_route=\/wp\/v2\/posts\/73963","targetHints":{"allow":["GET"]}}],"collection":[{"href":"https:\/\/www.africanchallenges.com\/index.php?rest_route=\/wp\/v2\/posts"}],"about":[{"href":"https:\/\/www.africanchallenges.com\/index.php?rest_route=\/wp\/v2\/types\/post"}],"author":[{"embeddable":true,"href":"https:\/\/www.africanchallenges.com\/index.php?rest_route=\/wp\/v2\/users\/4"}],"replies":[{"embeddable":true,"href":"https:\/\/www.africanchallenges.com\/index.php?rest_route=%2Fwp%2Fv2%2Fcomments&post=73963"}],"version-history":[{"count":1,"href":"https:\/\/www.africanchallenges.com\/index.php?rest_route=\/wp\/v2\/posts\/73963\/revisions"}],"predecessor-version":[{"id":73965,"href":"https:\/\/www.africanchallenges.com\/index.php?rest_route=\/wp\/v2\/posts\/73963\/revisions\/73965"}],"wp:featuredmedia":[{"embeddable":true,"href":"https:\/\/www.africanchallenges.com\/index.php?rest_route=\/wp\/v2\/media\/73964"}],"wp:attachment":[{"href":"https:\/\/www.africanchallenges.com\/index.php?rest_route=%2Fwp%2Fv2%2Fmedia&parent=73963"}],"wp:term":[{"taxonomy":"category","embeddable":true,"href":"https:\/\/www.africanchallenges.com\/index.php?rest_route=%2Fwp%2Fv2%2Fcategories&post=73963"},{"taxonomy":"post_tag","embeddable":true,"href":"https:\/\/www.africanchallenges.com\/index.php?rest_route=%2Fwp%2Fv2%2Ftags&post=73963"}],"curies":[{"name":"wp","href":"https:\/\/api.w.org\/{rel}","templated":true}]}}