{"id":73958,"date":"2026-06-01T10:30:00","date_gmt":"2026-06-01T09:30:00","guid":{"rendered":"https:\/\/www.africanchallenges.com\/?p=73958"},"modified":"2026-05-31T23:19:06","modified_gmt":"2026-05-31T22:19:06","slug":"epidemie-debola-en-rdc-loms-appelle-a-la-confiance-et-renforce-sa-mobilisation-a-bunia","status":"publish","type":"post","link":"https:\/\/www.africanchallenges.com\/?p=73958","title":{"rendered":"\u00c9pid\u00e9mie d\u2019Ebola en RDC : l\u2019OMS appelle \u00e0 la confiance et renforce sa mobilisation \u00e0 Bunia"},"content":{"rendered":"\n<p class=\"wp-block-paragraph\">Le directeur g\u00e9n\u00e9ral de l\u2019Organisation mondiale de la sant\u00e9 (OMS), Tedros Adhanom Ghebreyesus, s\u2019est rendu samedi 30 mai 2026, \u00e0 Bunia, capitale de la province de l\u2019Ituri, dans l\u2019est de la R\u00e9publique d\u00e9mocratique du Congo, devenue l\u2019\u00e9picentre d\u2019une flamb\u00e9e d\u2019Ebola. Sur place, il a tent\u00e9 de rassurer les habitants en leur adressant un message direct : \u00ab Vous n\u2019\u00eates pas seuls dans cette \u00e9preuve \u00bb.<\/p>\n\n\n\n<p class=\"wp-block-paragraph\">Arriv\u00e9 dans le pays jeudi, Tedros a atterri samedi \u00e0 l\u2019a\u00e9roport international de Bunia, normalement ferm\u00e9 aux vols internationaux en raison de l\u2019\u00e9pid\u00e9mie. Lors d\u2019une conf\u00e9rence de presse, il a insist\u00e9 sur une approche bas\u00e9e sur l\u2019\u00e9coute et la coop\u00e9ration : \u00ab Nous ne sommes pas ici pour dicter aux populations ce qu\u2019elles doivent faire. Nous sommes ici pour \u00e9couter la communaut\u00e9, car elle conna\u00eet \u00e0 la fois les probl\u00e8mes et les solutions \u00bb.<\/p>\n\n\n\n<p class=\"wp-block-paragraph\">Cette nouvelle flamb\u00e9e d\u2019Ebola, annonc\u00e9e le 15 mai par les autorit\u00e9s congolaises, survient dans un pays vaste et fragile, o\u00f9 les syst\u00e8mes de sant\u00e9 restent limit\u00e9s et les besoins immenses. La R\u00e9publique d\u00e9mocratique du Congo, qui compte plus de cent millions d\u2019habitants, fait face \u00e0 une \u00e9pid\u00e9mie complexe dans une r\u00e9gion d\u00e9j\u00e0 marqu\u00e9e par l\u2019ins\u00e9curit\u00e9 et les d\u00e9placements massifs de population.<\/p>\n\n\n\n<p class=\"wp-block-paragraph\">L\u2019Organisation mondiale de la sant\u00e9 a d\u00e9clar\u00e9 une urgence de sant\u00e9 publique de port\u00e9e internationale. Le virus, responsable d\u2019une fi\u00e8vre h\u00e9morragique hautement contagieuse, a \u00e9t\u00e9 d\u00e9tect\u00e9 dans plusieurs provinces de la RDC ainsi qu\u2019en Ouganda voisin, o\u00f9 de nouveaux cas ont r\u00e9cemment \u00e9t\u00e9 confirm\u00e9s.<\/p>\n\n\n\n<p class=\"wp-block-paragraph\">En RDC, les autorit\u00e9s sanitaires font \u00e9tat de 246 d\u00e9c\u00e8s parmi plus de 1 000 cas suspects, selon un bilan des Centres africains de contr\u00f4le et de pr\u00e9vention des maladies. La majorit\u00e9 des cas se concentrent en Ituri, une province difficile d\u2019acc\u00e8s en raison des conflits arm\u00e9s et du manque d\u2019infrastructures.<\/p>\n\n\n\n<p class=\"wp-block-paragraph\">Sur le terrain, les \u00e9quipes m\u00e9dicales font face \u00e0 un autre obstacle majeur : la m\u00e9fiance des populations. \u00ab Il y a de la d\u00e9sinformation et des informations erron\u00e9es \u00bb, a reconnu le directeur g\u00e9n\u00e9ral de l\u2019OMS, soulignant l\u2019importance de restaurer la confiance pour freiner la propagation du virus.<\/p>\n\n\n\n<p class=\"wp-block-paragraph\">La situation est d\u2019autant plus pr\u00e9occupante que de vastes camps de d\u00e9plac\u00e9s, o\u00f9 vivent des millions de personnes fuyant les violences, pr\u00e9sentent des conditions sanitaires tr\u00e8s pr\u00e9caires. Les experts redoutent qu\u2019une propagation dans ces zones surpeupl\u00e9es ne provoque des cons\u00e9quences dramatiques.<\/p>\n\n\n\n<p class=\"wp-block-paragraph\">Les organisations humanitaires alertent \u00e9galement sur le manque de moyens. Selon M\u00e9decins Sans Fronti\u00e8res, le nombre d\u2019acteurs m\u00e9dicaux sp\u00e9cialis\u00e9s pr\u00e9sents sur place reste insuffisant pour r\u00e9pondre \u00e0 l\u2019ampleur de la crise.<\/p>\n\n\n\n<p class=\"wp-block-paragraph\">Malgr\u00e9 ces difficult\u00e9s, les autorit\u00e9s congolaises se veulent rassurantes. Le ministre de la Sant\u00e9, Samuel Roger Kamba, affirme que les stocks de mat\u00e9riel de protection, de m\u00e9dicaments et de tests sont disponibles, mais que les d\u00e9fis concernent surtout la logistique de distribution.<\/p>\n\n\n\n<p class=\"wp-block-paragraph\">De son c\u00f4t\u00e9, l\u2019OMS estime que la situation reste ma\u00eetrisable, \u00e0 condition de renforcer l\u2019aide internationale et la coordination sur le terrain. Tedros Adhanom Ghebreyesus a rappel\u00e9 qu\u2019il existe une expertise locale solide et que \u00ab cette \u00e9pid\u00e9mie peut \u00eatre contr\u00f4l\u00e9e \u00bb.<\/p>\n\n\n\n<p class=\"wp-block-paragraph\">Aucune solution th\u00e9rapeutique ou vaccin enti\u00e8rement valid\u00e9 n\u2019est encore disponible contre la souche actuellement en circulation, bien que certains traitements exp\u00e9rimentaux soient jug\u00e9s prometteurs et en cours d\u2019\u00e9valuation.<\/p>\n\n\n\n<p class=\"wp-block-paragraph\">Alors que les autorit\u00e9s sanitaires poursuivent la surveillance de la situation, l\u2019OMS rappelle que le risque reste \u00e9lev\u00e9 pour les pays voisins, mais limit\u00e9 \u00e0 l\u2019\u00e9chelle mondiale. Une \u00e9pid\u00e9mie qui, selon les experts, d\u00e9pendra autant de la r\u00e9ponse m\u00e9dicale que de la capacit\u00e9 \u00e0 restaurer la confiance des populations.<\/p>\n\n\n\n<p class=\"wp-block-paragraph\"><\/p>\n","protected":false},"excerpt":{"rendered":"<p>Le directeur g\u00e9n\u00e9ral de l\u2019Organisation mondiale de la sant\u00e9 (OMS), Tedros Adhanom Ghebreyesus, s\u2019est rendu samedi 30 mai 2026, \u00e0 Bunia, capitale de la province de l\u2019Ituri, dans l\u2019est de la R\u00e9publique d\u00e9mocratique du Congo, devenue l\u2019\u00e9picentre d\u2019une flamb\u00e9e d\u2019Ebola. Sur place, il a tent\u00e9 de rassurer les habitants en leur adressant un message direct [&hellip;]<\/p>\n","protected":false},"author":4,"featured_media":73959,"comment_status":"open","ping_status":"closed","sticky":false,"template":"","format":"standard","meta":{"content-type":"","jnews-multi-image_gallery":[],"jnews_single_post":{"format":"standard"},"jnews_primary_category":[],"jnews_override_bookmark_settings":[],"jnews_review":[],"enable_review":"","type":"","name":"","summary":"","brand":"","sku":"","good":[],"bad":[],"score_override":"","override_value":"","rating":[],"price":[],"jnews_post_split":[],"footnotes":""},"categories":[6,11],"tags":[7106,4641,93,6221],"class_list":["post-73958","post","type-post","status-publish","format-standard","has-post-thumbnail","hentry","category-world","category-health","tag-ebola","tag-loms","tag-rdc","tag-tedros-adhanom-ghebreyesus"],"_links":{"self":[{"href":"https:\/\/www.africanchallenges.com\/index.php?rest_route=\/wp\/v2\/posts\/73958","targetHints":{"allow":["GET"]}}],"collection":[{"href":"https:\/\/www.africanchallenges.com\/index.php?rest_route=\/wp\/v2\/posts"}],"about":[{"href":"https:\/\/www.africanchallenges.com\/index.php?rest_route=\/wp\/v2\/types\/post"}],"author":[{"embeddable":true,"href":"https:\/\/www.africanchallenges.com\/index.php?rest_route=\/wp\/v2\/users\/4"}],"replies":[{"embeddable":true,"href":"https:\/\/www.africanchallenges.com\/index.php?rest_route=%2Fwp%2Fv2%2Fcomments&post=73958"}],"version-history":[{"count":2,"href":"https:\/\/www.africanchallenges.com\/index.php?rest_route=\/wp\/v2\/posts\/73958\/revisions"}],"predecessor-version":[{"id":73962,"href":"https:\/\/www.africanchallenges.com\/index.php?rest_route=\/wp\/v2\/posts\/73958\/revisions\/73962"}],"wp:featuredmedia":[{"embeddable":true,"href":"https:\/\/www.africanchallenges.com\/index.php?rest_route=\/wp\/v2\/media\/73959"}],"wp:attachment":[{"href":"https:\/\/www.africanchallenges.com\/index.php?rest_route=%2Fwp%2Fv2%2Fmedia&parent=73958"}],"wp:term":[{"taxonomy":"category","embeddable":true,"href":"https:\/\/www.africanchallenges.com\/index.php?rest_route=%2Fwp%2Fv2%2Fcategories&post=73958"},{"taxonomy":"post_tag","embeddable":true,"href":"https:\/\/www.africanchallenges.com\/index.php?rest_route=%2Fwp%2Fv2%2Ftags&post=73958"}],"curies":[{"name":"wp","href":"https:\/\/api.w.org\/{rel}","templated":true}]}}