{"id":73950,"date":"2026-06-01T10:00:00","date_gmt":"2026-06-01T09:00:00","guid":{"rendered":"https:\/\/www.africanchallenges.com\/?p=73950"},"modified":"2026-05-31T22:22:09","modified_gmt":"2026-05-31T21:22:09","slug":"assemblees-annuelles-2026-de-la-banque-africaine-de-developpement-les-gouverneurs-enterinent-les-quatre-points-cardinaux-et-appellent-a-accelerer-la-reforme-de-larchitecture-financi","status":"publish","type":"post","link":"https:\/\/www.africanchallenges.com\/?p=73950","title":{"rendered":"Assembl\u00e9es annuelles 2026 de la Banque africaine de d\u00e9veloppement\u202f: les gouverneurs ent\u00e9rinent les Quatre points cardinaux et appellent \u00e0 acc\u00e9l\u00e9rer la r\u00e9forme de l\u2019architecture financi\u00e8re africaine"},"content":{"rendered":"\n<p class=\"wp-block-paragraph\">Les Assembl\u00e9es annuelles de cinq jours du Groupe de la Banque africaine de d\u00e9veloppement, ouvertes le 25 mai \u00e0 Brazzaville, se sont achev\u00e9es ce vendredi 29 mai 2026 avec une d\u00e9claration forte\u202f: les Conseils des gouverneurs de l\u2019institution ont fermement appuy\u00e9 le pr\u00e9sident Sidi Ould Tah pour la mise en \u0153uvre de la vision&nbsp;strat\u00e9gique&nbsp;de la Banque port\u00e9e par les Quatre points cardinaux.&nbsp;<\/p>\n\n\n\n<p class=\"wp-block-paragraph\">Les gouverneurs ont \u00e9galement demand\u00e9 au Dr Ould Tah d\u2019acc\u00e9l\u00e9rer la r\u00e9forme de l\u2019architecture financi\u00e8re africaine afin de mobiliser \u00e0 grande \u00e9chelle des ressources pour le d\u00e9veloppement de l\u2019Afrique dans le cadre de la Nouvelle architecture financi\u00e8re africaine pour le d\u00e9veloppement (NAFAD). Ils ont aussi apport\u00e9 leur soutien aux r\u00e9formes institutionnelles entreprises par Dr Ould Tah pour rendre la Banque plus agile, plus flexible et plus pr\u00e8s des b\u00e9n\u00e9ficiaires sur le terrain, partout en Afrique.&nbsp;&nbsp;<\/p>\n\n\n\n<p class=\"wp-block-paragraph\">\u00ab\u202fLe Conseil des gouverneurs a approuv\u00e9 et encourag\u00e9 le pr\u00e9sident du Groupe de la Banque africaine de d\u00e9veloppement, Dr Sidi Ould Tah,&nbsp;\u00e0 mettre en \u0153uvre sa vision \u00ab\u202fles Quatre points cardinaux\u202f\u00bb pour renforcer la capacit\u00e9 d\u2019action et d\u2019influence de l\u2019Afrique dans un monde plus en plus fragment\u00e9&nbsp;\u00bb, a d\u00e9clar\u00e9&nbsp;lors de&nbsp;la c\u00e9r\u00e9monie de cl\u00f4ture, le ministre de l&rsquo;\u00c9conomie, du Plan, de la Statistique et de la Prospective de la R\u00e9publique du Congo,&nbsp;Ludovic Ngats\u00e9, pr\u00e9sident&nbsp;des Conseils&nbsp;&nbsp;des gouverneurs du Groupe de la Banque.&nbsp;<\/p>\n\n\n\n<p class=\"wp-block-paragraph\">\u00ab\u202fJe tiens \u00e0 saluer tr\u00e8s chaleureusement l\u2019expression du soutien clair, franc et massif que nous avons re\u00e7u\u202f\u00bb lors de ces Assembl\u00e9es, a d\u00e9clar\u00e9 Dr Ould Tah.&nbsp;&nbsp;<\/p>\n\n\n\n<p class=\"wp-block-paragraph\">Dans un discours engag\u00e9,&nbsp;il&nbsp;a rappel\u00e9 que ce sont \u00ab\u202fles d\u00e9cisions politiques courageuses qui feront la diff\u00e9rence sur le terrain\u202f\u00bb. \u00ab\u202fJe veux le dire, a-t-il indiqu\u00e9,&nbsp;avec la plus grande clart\u00e9 : je vous ai \u00e9cout\u00e9s, et je vous ai entendus&nbsp;\u00bb. Le pr\u00e9sident Ould Tah a&nbsp;assur\u00e9&nbsp;que ce qui a \u00e9t\u00e9 b\u00e2ti \u00e0 Brazzaville,&nbsp;\u00ab au-del\u00e0 des chiffres\u202f\u00bb, \u00e9tait \u00ab\u202fplus profond\u202f\u00bb. \u00ab\u202fNous avons enclench\u00e9 une dynamique d\u2019action, une dynamique de transformation, une dynamique d\u2019int\u00e9gration\u202f\u00bb, a-t-il martel\u00e9.&nbsp;<\/p>\n\n\n\n<p class=\"wp-block-paragraph\">Plus de 4 000 participants venus de plus de 81 pays ont pris part aux Assembl\u00e9es annuelles du Groupe de la Banque organis\u00e9es sous le th\u00e8me\u202f: \u00ab\u202fMobiliser les ressources \u00e0 grande \u00e9chelle pour le financement du d\u00e9veloppement de l\u2019Afrique dans un monde fragment\u00e9\u202f\u00bb.&nbsp;<\/p>\n\n\n\n<p class=\"wp-block-paragraph\">Ces assises, les premi\u00e8res organis\u00e9es sous la pr\u00e9sidence du Dr Ould Tah depuis son entr\u00e9e en fonction le 1<sup>er<\/sup>&nbsp;septembre 2025, ont \u00e9t\u00e9 marqu\u00e9es par un panel pr\u00e9sident qui a regroup\u00e9 le pr\u00e9sident congolais, Denis Sassou N\u2019Guesso, ses pairs centrafricains Faustin Archange Touad\u00e9ra et gabonais Brice Clotaire Oligui Nguema, ainsi que le pr\u00e9sident de la Banque Sidi&nbsp;Ould&nbsp;Tah.&nbsp;<\/p>\n\n\n\n<p class=\"wp-block-paragraph\">Ces Assembl\u00e9es annuelles, principales rencontres statutaires du Groupe de la Banque, ont \u00e9galement \u00e9t\u00e9 marqu\u00e9es par plusieurs annonces majeures. L\u2019Angola a ainsi annonc\u00e9 une contribution de 6,5 millions d\u2019euros en faveur de la 17<sup>e<\/sup>&nbsp;reconstitution des ressources du Fonds africain de d\u00e9veloppement (FAD). Cela porte d\u00e9sormais \u00e0 25 le nombre de pays africains engag\u00e9s dans le financement du FAD-17, pour un montant d\u00e9passant les 190 millions de dollars. L\u2019engagement sans pr\u00e9c\u00e9dent des pays africains dans le financement du FAD-17 marque un tournant vers une responsabilit\u00e9 partag\u00e9e et renforce le principe de l\u2019appropriation africaine au sein de l\u2019architecture du financement du d\u00e9veloppement et l\u2019avenir \u00e9conomique du continent.&nbsp;&nbsp;<\/p>\n\n\n\n<p class=\"wp-block-paragraph\">Ces Assembl\u00e9es ont aussi \u00e9t\u00e9 marqu\u00e9es par plus de&nbsp;<a href=\"https:\/\/www.afdb.org\/fr\/news-and-events\/assemblees-annuelles-de-la-banque-africaine-de-developpement-plus-de-trois-milliards-de-dollars-mobilises-pour-soutenir-63-projets-du-bassin-du-congo-premier-poumon-ecologique-mondial-93760\" target=\"_blank\" rel=\"noreferrer noopener\">trois milliards de dollars d\u2019engagements en faveur du Fonds bleu pour le Bassin du Congo<\/a>, destin\u00e9 \u00e0 soutenir 17 pays africains dans les domaines de la pr\u00e9servation environnementale et du d\u00e9veloppement durable.&nbsp;De nombreux accords ont \u00e9t\u00e9 sign\u00e9s dans le cadre de l\u2019op\u00e9rationnalisation des Quatre points cardinaux&nbsp;du Groupe de la Banque&nbsp;et&nbsp;lorss&nbsp;d\u2019une rencontre de haut niveau sur le Programme int\u00e9gr\u00e9 de transformation de l\u2019aviation en Afrique (IATP) et la Facilit\u00e9 africaine pour les m\u00e9dicaments et \u00e9quipements m\u00e9dicaux (AMEF).&nbsp;<\/p>\n\n\n\n<p class=\"wp-block-paragraph\">Le Japon a annonc\u00e9 un financement de dix millions de dollars dans le cadre de la mise en \u0153uvre de l\u2019IATP.&nbsp;<\/p>\n\n\n\n<p class=\"wp-block-paragraph\">Lors de la Journ\u00e9e de l\u2019Afrique marquant le d\u00e9but des Assembl\u00e9es annuelles le 25 mai, le pr\u00e9sident de la R\u00e9publique du Congo, Denis Sassou N\u2019Guesso, avait annonc\u00e9 la suppression des visas pour tous les citoyens africains \u00e0 compter du 1<sup>er<\/sup>&nbsp;janvier 2027. \u00ab \u00c0 compter du premier janvier 2027, les ressortissants de tous les pays africains b\u00e9n\u00e9ficieront d&rsquo;un acc\u00e8s sans visa et n&rsquo;auront plus besoin de visa pour venir au Congo \u00bb, avait-il d\u00e9clar\u00e9, exhortant les pays \u00e0 approfondir l&rsquo;int\u00e9gration r\u00e9gionale.&nbsp;<\/p>\n\n\n\n<p class=\"wp-block-paragraph\">Le pr\u00e9sident Sidi Ould Tah a salu\u00e9 cette d\u00e9cision la qualifiant de \u00ab d\u00e9cision courageuse et profond\u00e9ment panafricaine \u00bb.&nbsp;<\/p>\n\n\n\n<p class=\"wp-block-paragraph\">Le Premier ministre congolais, Anatole Collinet Makosso, s\u2019est f\u00e9licit\u00e9 que ces&nbsp;Assembl\u00e9es&nbsp;annuelles&nbsp;aient pu se tenir en pr\u00e9sentiel, en d\u00e9pit de l\u2019\u00e9pid\u00e9mie d\u2019Ebola qui s\u2019est d\u00e9clench\u00e9e&nbsp;en R\u00e9publique d\u00e9mocratique du Congo et en Ouganda&nbsp;le 17 mai.&nbsp;<\/p>\n\n\n\n<p class=\"wp-block-paragraph\">En effet,&nbsp;la mobilisation conjointe du gouvernement congolais,&nbsp;du bureau r\u00e9gional de l\u2019Organisation mondiale de la Sant\u00e9 (OMS), dont le si\u00e8ge se trouve \u00e0 Brazzaville, et des Centres africains de contr\u00f4le et de pr\u00e9vention des maladies (CDC Afrique) et&nbsp;du Groupe de la Banque et de leurs partenaires,&nbsp;a permis de mettre en place des mesures de s\u00e9curit\u00e9 d\u00e9taill\u00e9es afin de faire face \u00e0 la menace de l\u2019\u00e9pid\u00e9mie.&nbsp;\u00c0 ce jour, aucun cas d\u2019Ebola n\u2019a \u00e9t\u00e9 signal\u00e9 ni d\u00e9tect\u00e9 en R\u00e9publique du Congo depuis que l\u2019\u00e9pid\u00e9mie a \u00e9t\u00e9 d\u00e9clar\u00e9e par l\u2019OMS le 17 mai.&nbsp;<\/p>\n\n\n\n<p class=\"wp-block-paragraph\">\u00ab\u202fPour la R\u00e9publique du Congo, l\u2019accueil de ces assises aura \u00e9t\u00e9 une vitrine internationale exceptionnelle, mais surtout une opportunit\u00e9 unique d\u2019inscrire ses priorit\u00e9s nationales dans les dynamiques continentales\u202f\u00bb, s\u2019est f\u00e9licit\u00e9 M. Ngats\u00e9. Il a souhait\u00e9 que \u00ab\u202fl\u2019esprit de solidarit\u00e9, d\u2019audace et de responsabilit\u00e9 qui a souffl\u00e9 sur Brazzaville continue d\u2019\u00e9clairer les actions de la Banque\u202f\u00bb.&nbsp;<\/p>\n\n\n\n<p class=\"wp-block-paragraph\">Pla\u00e7ant son action sous le signe de l\u2019innovation et des r\u00e9sultats, Dr Ould Tah a r\u00e9affirm\u00e9 son ambition de faire de la Banque africaine de d\u00e9veloppement une \u00ab banque de solutions \u00bb, plus agile, plus proche des populations et pleinement engag\u00e9e dans la transformation \u00e9conomique du continent.&nbsp;&nbsp;<\/p>\n\n\n\n<p class=\"wp-block-paragraph\">Lors de la conf\u00e9rence de presse qui a suivi la c\u00e9r\u00e9monie de cl\u00f4ture des assembl\u00e9es, le Dr Ould Tah a assur\u00e9 que la Banque africaine de d\u00e9veloppement ne sera jamais gagn\u00e9e par la bureaucratie et sera plus que jamais connect\u00e9e au terrain. \u00ab\u202fIl n\u2019y a aucun risque de d\u00e9connexion avec le terrain\u202f\u00bb, soulignant que la Banque travaillera avec les banques nationales, avec les banques r\u00e9gionales pour fournir l\u2019appui aux PME, aux jeunes et aux femmes. Il a insist\u00e9 sur le fait que l\u2019Afrique devrait mobiliser davantage ses ressources domestiques, se pr\u00e9munir de la fragmentation et transformer ses mati\u00e8res premi\u00e8res pour cr\u00e9er de la valeur, de la croissance et surtout des emplois pour les jeunes et les femmes africains.&nbsp;&nbsp;<\/p>\n\n\n\n<p class=\"wp-block-paragraph\">Le pr\u00e9sident Ould Tah a aussi salu\u00e9 lors de ces assembl\u00e9es les\u202fforces vives de la soci\u00e9t\u00e9 civile, les philanthropes, et la diaspora\u202fafricaine. \u00ab Votre r\u00f4le est irrempla\u00e7able\u202f\u00bb, a-t-il reconnu. \u00ab\u202fLa Banque sera votre partenaire de premier plan\u202f\u00bb, a-t-il assur\u00e9.&nbsp;<\/p>\n","protected":false},"excerpt":{"rendered":"<p>Les Assembl\u00e9es annuelles de cinq jours du Groupe de la Banque africaine de d\u00e9veloppement, ouvertes le 25 mai \u00e0 Brazzaville, se sont achev\u00e9es ce vendredi 29 mai 2026 avec une d\u00e9claration forte\u202f: les Conseils des gouverneurs de l\u2019institution ont fermement appuy\u00e9 le pr\u00e9sident Sidi Ould Tah pour la mise en \u0153uvre de la vision&nbsp;strat\u00e9gique&nbsp;de la [&hellip;]<\/p>\n","protected":false},"author":4,"featured_media":73951,"comment_status":"open","ping_status":"closed","sticky":false,"template":"","format":"standard","meta":{"content-type":"","jnews-multi-image_gallery":[],"jnews_single_post":{"format":"standard"},"jnews_primary_category":[],"jnews_override_bookmark_settings":[],"jnews_review":[],"enable_review":"","type":"","name":"","summary":"","brand":"","sku":"","good":[],"bad":[],"score_override":"","override_value":"","rating":[],"price":[],"jnews_post_split":[],"footnotes":""},"categories":[14,43],"tags":[18690,78,4544],"class_list":["post-73950","post","type-post","status-publish","format-standard","has-post-thumbnail","hentry","category-banks","category-eco-business","tag-architecture-financiere-africaine","tag-banque-africaine-de-developpement","tag-reforme"],"_links":{"self":[{"href":"https:\/\/www.africanchallenges.com\/index.php?rest_route=\/wp\/v2\/posts\/73950","targetHints":{"allow":["GET"]}}],"collection":[{"href":"https:\/\/www.africanchallenges.com\/index.php?rest_route=\/wp\/v2\/posts"}],"about":[{"href":"https:\/\/www.africanchallenges.com\/index.php?rest_route=\/wp\/v2\/types\/post"}],"author":[{"embeddable":true,"href":"https:\/\/www.africanchallenges.com\/index.php?rest_route=\/wp\/v2\/users\/4"}],"replies":[{"embeddable":true,"href":"https:\/\/www.africanchallenges.com\/index.php?rest_route=%2Fwp%2Fv2%2Fcomments&post=73950"}],"version-history":[{"count":1,"href":"https:\/\/www.africanchallenges.com\/index.php?rest_route=\/wp\/v2\/posts\/73950\/revisions"}],"predecessor-version":[{"id":73952,"href":"https:\/\/www.africanchallenges.com\/index.php?rest_route=\/wp\/v2\/posts\/73950\/revisions\/73952"}],"wp:featuredmedia":[{"embeddable":true,"href":"https:\/\/www.africanchallenges.com\/index.php?rest_route=\/wp\/v2\/media\/73951"}],"wp:attachment":[{"href":"https:\/\/www.africanchallenges.com\/index.php?rest_route=%2Fwp%2Fv2%2Fmedia&parent=73950"}],"wp:term":[{"taxonomy":"category","embeddable":true,"href":"https:\/\/www.africanchallenges.com\/index.php?rest_route=%2Fwp%2Fv2%2Fcategories&post=73950"},{"taxonomy":"post_tag","embeddable":true,"href":"https:\/\/www.africanchallenges.com\/index.php?rest_route=%2Fwp%2Fv2%2Ftags&post=73950"}],"curies":[{"name":"wp","href":"https:\/\/api.w.org\/{rel}","templated":true}]}}