{"id":73946,"date":"2026-06-01T07:47:00","date_gmt":"2026-06-01T06:47:00","guid":{"rendered":"https:\/\/www.africanchallenges.com\/?p=73946"},"modified":"2026-05-31T22:09:40","modified_gmt":"2026-05-31T21:09:40","slug":"tunisie-le-president-de-la-republique-effectue-une-visite-inopinee-a-lariana-et-rencontre-les-citoyens","status":"publish","type":"post","link":"https:\/\/www.africanchallenges.com\/?p=73946","title":{"rendered":"Tunisie : Le Pr\u00e9sident de la R\u00e9publique effectue une visite inopin\u00e9e \u00e0 l&rsquo;Ariana et rencontre les citoyens"},"content":{"rendered":"\n<p class=\"wp-block-paragraph\">Le Pr\u00e9sident de la R\u00e9publique, Ka\u00efs Sa\u00efed, a effectu\u00e9, dans la soir\u00e9e de ce dimanche, une visite inopin\u00e9e dans le gouvernorat d\u2019Ariana, o\u00f9 il a rencontr\u00e9 des citoyens dans plusieurs zones de la r\u00e9gion et pris connaissance de leurs pr\u00e9occupations, en pr\u00e9sence du gouverneur.<\/p>\n\n\n\n<p class=\"wp-block-paragraph\">Dans une d\u00e9claration accord\u00e9e \u00e0 l\u2019Agence Tunis Afrique Presse, le chef de l\u2019\u00c9tat a indiqu\u00e9 que cette visite s\u2019inscrit dans le cadre d\u2019un contact direct et permanent avec les citoyens afin de s\u2019informer de leurs conditions et de leurs attentes, soulignant sa volont\u00e9 d\u2019\u00eatre \u00e0 l\u2019\u00e9coute et de r\u00e9pondre aux pr\u00e9occupations exprim\u00e9es.<\/p>\n\n\n\n<p class=\"wp-block-paragraph\">Il a pr\u00e9cis\u00e9 que le traitement des probl\u00e9matiques soulev\u00e9es ne repose pas sur des solutions individuelles ou sectorielles, mais sur des approches globales et nationales, ajoutant que le travail se poursuit sans rel\u00e2che, \u00ab jour et nuit \u00bb, pour r\u00e9pondre aux revendications qu\u2019il qualifie de l\u00e9gitimes.<\/p>\n\n\n\n<p class=\"wp-block-paragraph\">Le Pr\u00e9sident de la R\u00e9publique a \u00e9galement r\u00e9affirm\u00e9 son attachement aux choix adopt\u00e9s et la poursuite des efforts en vue d\u2019atteindre les objectifs de la p\u00e9riode \u00e0 venir. Il a, dans ce contexte, appel\u00e9 les responsables \u00e0 assumer pleinement leurs missions et estim\u00e9 que la jeunesse tunisienne est capable de prendre davantage de responsabilit\u00e9s et de contribuer \u00e0 la gestion des affaires publiques dans les prochaines \u00e9tapes.<\/p>\n\n\n\n<p class=\"wp-block-paragraph\">Il a par ailleurs affirm\u00e9 que toute personne n\u2019ayant pas honor\u00e9 ses engagements et n\u2019\u00e9tant pas \u00e0 la hauteur de ses responsabilit\u00e9s pourra \u00eatre remplac\u00e9e par une nouvelle g\u00e9n\u00e9ration de jeunes en attente de participation \u00e0 la vie publique, soulignant la d\u00e9termination de l\u2019\u00c9tat \u00e0 poursuivre ses orientations.<\/p>\n\n\n\n<p class=\"wp-block-paragraph\">Le Pr\u00e9sident a enfin insist\u00e9 sur le fait que l\u2019\u00c9tat se g\u00e8re \u00e0 travers ses institutions et ses lois, tout en exprimant sa confiance dans la capacit\u00e9 des Tunisiens \u00e0 relever les d\u00e9fis actuels et \u00e0 pr\u00e9server la stabilit\u00e9 du pays.<\/p>\n","protected":false},"excerpt":{"rendered":"<p>Le Pr\u00e9sident de la R\u00e9publique, Ka\u00efs Sa\u00efed, a effectu\u00e9, dans la soir\u00e9e de ce dimanche, une visite inopin\u00e9e dans le gouvernorat d\u2019Ariana, o\u00f9 il a rencontr\u00e9 des citoyens dans plusieurs zones de la r\u00e9gion et pris connaissance de leurs pr\u00e9occupations, en pr\u00e9sence du gouverneur. Dans une d\u00e9claration accord\u00e9e \u00e0 l\u2019Agence Tunis Afrique Presse, le chef [&hellip;]<\/p>\n","protected":false},"author":4,"featured_media":73949,"comment_status":"open","ping_status":"closed","sticky":false,"template":"","format":"standard","meta":{"content-type":"","jnews-multi-image_gallery":[],"jnews_single_post":{"format":"standard"},"jnews_primary_category":[],"jnews_override_bookmark_settings":[],"jnews_review":[],"enable_review":"","type":"","name":"","summary":"","brand":"","sku":"","good":[],"bad":[],"score_override":"","override_value":"","rating":[],"price":[],"jnews_post_split":[],"footnotes":""},"categories":[2],"tags":[3694,8783,11539],"class_list":["post-73946","post","type-post","status-publish","format-standard","has-post-thumbnail","hentry","category-news-politique","tag-kais-saied","tag-lariana","tag-visite-inopinee"],"_links":{"self":[{"href":"https:\/\/www.africanchallenges.com\/index.php?rest_route=\/wp\/v2\/posts\/73946","targetHints":{"allow":["GET"]}}],"collection":[{"href":"https:\/\/www.africanchallenges.com\/index.php?rest_route=\/wp\/v2\/posts"}],"about":[{"href":"https:\/\/www.africanchallenges.com\/index.php?rest_route=\/wp\/v2\/types\/post"}],"author":[{"embeddable":true,"href":"https:\/\/www.africanchallenges.com\/index.php?rest_route=\/wp\/v2\/users\/4"}],"replies":[{"embeddable":true,"href":"https:\/\/www.africanchallenges.com\/index.php?rest_route=%2Fwp%2Fv2%2Fcomments&post=73946"}],"version-history":[{"count":1,"href":"https:\/\/www.africanchallenges.com\/index.php?rest_route=\/wp\/v2\/posts\/73946\/revisions"}],"predecessor-version":[{"id":73947,"href":"https:\/\/www.africanchallenges.com\/index.php?rest_route=\/wp\/v2\/posts\/73946\/revisions\/73947"}],"wp:featuredmedia":[{"embeddable":true,"href":"https:\/\/www.africanchallenges.com\/index.php?rest_route=\/wp\/v2\/media\/73949"}],"wp:attachment":[{"href":"https:\/\/www.africanchallenges.com\/index.php?rest_route=%2Fwp%2Fv2%2Fmedia&parent=73946"}],"wp:term":[{"taxonomy":"category","embeddable":true,"href":"https:\/\/www.africanchallenges.com\/index.php?rest_route=%2Fwp%2Fv2%2Fcategories&post=73946"},{"taxonomy":"post_tag","embeddable":true,"href":"https:\/\/www.africanchallenges.com\/index.php?rest_route=%2Fwp%2Fv2%2Ftags&post=73946"}],"curies":[{"name":"wp","href":"https:\/\/api.w.org\/{rel}","templated":true}]}}