{"id":73882,"date":"2026-05-25T09:35:00","date_gmt":"2026-05-25T08:35:00","guid":{"rendered":"https:\/\/www.africanchallenges.com\/?p=73882"},"modified":"2026-05-24T19:32:12","modified_gmt":"2026-05-24T18:32:12","slug":"tunisie-appel-a-candidatures-pour-la-2%e1%b5%89-edition-du-concours-de-la-chaire-unesco-un-patrimoine-a-proximite","status":"publish","type":"post","link":"https:\/\/www.africanchallenges.com\/?p=73882","title":{"rendered":"Tunisie : Appel \u00e0 candidatures pour la 2\u1d49 \u00e9dition du concours de la Chaire UNESCO \u00ab Un patrimoine \u00e0 proximit\u00e9 \u00bb"},"content":{"rendered":"\n<p class=\"wp-block-paragraph\">Le Centre National du Cin\u00e9ma et de l\u2019Image (CNCI) annonce le lancement d\u2019un appel \u00e0 candidatures \u00e0 destination des cin\u00e9astes et des jeunes Tunisiens souhaitant participer \u00e0 la deuxi\u00e8me \u00e9dition du concours de la Chaire UNESCO intitul\u00e9 \u00ab Un patrimoine \u00e0 proximit\u00e9 \u00bb.<\/p>\n\n\n\n<p class=\"wp-block-paragraph\">Organis\u00e9 \u00e0 l\u2019occasion de la Journ\u00e9e mondiale du patrimoine, cet \u00e9v\u00e9nement met \u00e0 l\u2019honneur la photographie et les courts-m\u00e9trages, en tant que moyens d\u2019expression privil\u00e9gi\u00e9s pour valoriser le patrimoine culturel et vivant.<\/p>\n\n\n\n<p class=\"wp-block-paragraph\">Les inscriptions sont ouvertes jusqu\u2019au 31 mai 2026, tandis que la date limite de soumission des \u0153uvres est fix\u00e9e au 31 juillet 2026. L\u2019annonce des laur\u00e9ats aura lieu le 27 septembre 2026.<\/p>\n\n\n\n<p class=\"wp-block-paragraph\">Les modalit\u00e9s de participation ainsi que le r\u00e8glement du concours sont accessibles via le QR Code figurant sur l\u2019annonce officielle.<\/p>\n\n\n\n<p class=\"wp-block-paragraph\">Ce concours s\u2019inscrit dans une d\u00e9marche de soutien \u00e0 la cr\u00e9ativit\u00e9 des jeunes et d\u2019encouragement \u00e0 la documentation visuelle du patrimoine. Il vise \u00e0 inviter les jeunes du monde arabe \u00e0 capturer la pr\u00e9sence du patrimoine dans leur quotidien, tout en mettant en lumi\u00e8re son r\u00f4le en tant que levier d\u2019identit\u00e9 et de coh\u00e9sion sociale.<\/p>\n\n\n\n<p class=\"wp-block-paragraph\">Deux cat\u00e9gories sont ouvertes aux participants : la photographie et le court-m\u00e9trage.<\/p>\n\n\n\n<p class=\"wp-block-paragraph\">La Journ\u00e9e mondiale du patrimoine constitue une initiative internationale visant \u00e0 sensibiliser le public \u00e0 l\u2019importance de la protection et de la pr\u00e9servation du patrimoine culturel, des sites historiques ainsi que des h\u00e9ritages naturels de l\u2019humanit\u00e9.<\/p>\n\n\n\n<p class=\"wp-block-paragraph\">Plac\u00e9 sous la tutelle du minist\u00e8re des Affaires culturelles, le CNCI est un \u00e9tablissement public autonome fond\u00e9 en 2011. Il est charg\u00e9 de la mise en \u0153uvre des politiques publiques relatives au secteur cin\u00e9matographique, du d\u00e9veloppement de l\u2019industrie du septi\u00e8me art, du financement de la production, ainsi que de la sauvegarde du patrimoine audiovisuel.<\/p>\n","protected":false},"excerpt":{"rendered":"<p>Le Centre National du Cin\u00e9ma et de l\u2019Image (CNCI) annonce le lancement d\u2019un appel \u00e0 candidatures \u00e0 destination des cin\u00e9astes et des jeunes Tunisiens souhaitant participer \u00e0 la deuxi\u00e8me \u00e9dition du concours de la Chaire UNESCO intitul\u00e9 \u00ab Un patrimoine \u00e0 proximit\u00e9 \u00bb. Organis\u00e9 \u00e0 l\u2019occasion de la Journ\u00e9e mondiale du patrimoine, cet \u00e9v\u00e9nement met [&hellip;]<\/p>\n","protected":false},"author":4,"featured_media":73883,"comment_status":"open","ping_status":"closed","sticky":false,"template":"","format":"standard","meta":{"content-type":"","jnews-multi-image_gallery":[],"jnews_single_post":{"format":"standard"},"jnews_primary_category":[],"jnews_override_bookmark_settings":[],"jnews_review":[],"enable_review":"","type":"","name":"","summary":"","brand":"","sku":"","good":[],"bad":[],"score_override":"","override_value":"","rating":[],"price":[],"jnews_post_split":[],"footnotes":""},"categories":[17],"tags":[633,18660,1780],"class_list":["post-73882","post","type-post","status-publish","format-standard","has-post-thumbnail","hentry","category-entertainment","tag-appel-a-candidatures","tag-concours-de-la-chaire-unesco","tag-patrimoine"],"_links":{"self":[{"href":"https:\/\/www.africanchallenges.com\/index.php?rest_route=\/wp\/v2\/posts\/73882","targetHints":{"allow":["GET"]}}],"collection":[{"href":"https:\/\/www.africanchallenges.com\/index.php?rest_route=\/wp\/v2\/posts"}],"about":[{"href":"https:\/\/www.africanchallenges.com\/index.php?rest_route=\/wp\/v2\/types\/post"}],"author":[{"embeddable":true,"href":"https:\/\/www.africanchallenges.com\/index.php?rest_route=\/wp\/v2\/users\/4"}],"replies":[{"embeddable":true,"href":"https:\/\/www.africanchallenges.com\/index.php?rest_route=%2Fwp%2Fv2%2Fcomments&post=73882"}],"version-history":[{"count":1,"href":"https:\/\/www.africanchallenges.com\/index.php?rest_route=\/wp\/v2\/posts\/73882\/revisions"}],"predecessor-version":[{"id":73884,"href":"https:\/\/www.africanchallenges.com\/index.php?rest_route=\/wp\/v2\/posts\/73882\/revisions\/73884"}],"wp:featuredmedia":[{"embeddable":true,"href":"https:\/\/www.africanchallenges.com\/index.php?rest_route=\/wp\/v2\/media\/73883"}],"wp:attachment":[{"href":"https:\/\/www.africanchallenges.com\/index.php?rest_route=%2Fwp%2Fv2%2Fmedia&parent=73882"}],"wp:term":[{"taxonomy":"category","embeddable":true,"href":"https:\/\/www.africanchallenges.com\/index.php?rest_route=%2Fwp%2Fv2%2Fcategories&post=73882"},{"taxonomy":"post_tag","embeddable":true,"href":"https:\/\/www.africanchallenges.com\/index.php?rest_route=%2Fwp%2Fv2%2Ftags&post=73882"}],"curies":[{"name":"wp","href":"https:\/\/api.w.org\/{rel}","templated":true}]}}