{"id":73844,"date":"2026-05-22T22:09:53","date_gmt":"2026-05-22T21:09:53","guid":{"rendered":"https:\/\/www.africanchallenges.com\/?p=73844"},"modified":"2026-05-22T22:09:56","modified_gmt":"2026-05-22T21:09:56","slug":"journee-mondiale-de-la-biodiversite-la-tunisie-reaffirme-son-engagement-en-faveur-de-la-protection-de-la-nature","status":"publish","type":"post","link":"https:\/\/www.africanchallenges.com\/?p=73844","title":{"rendered":"Journ\u00e9e mondiale de la biodiversit\u00e9 : la Tunisie r\u00e9affirme son engagement en faveur de la protection de la nature"},"content":{"rendered":"\n<p class=\"wp-block-paragraph\">Depuis le si\u00e8ge de l\u2019Acad\u00e9mie diplomatique, le ministre de l\u2019Environnement, M. Habib Abid, a pr\u00e9sid\u00e9 les activit\u00e9s de la Journ\u00e9e mondiale de la biodiversit\u00e9, c\u00e9l\u00e9br\u00e9e le 22 mai 2026 sous le th\u00e8me \u00ab L\u2019action locale pour un impact mondial \u00bb.<\/p>\n\n\n\n<p class=\"wp-block-paragraph\">Cet \u00e9v\u00e9nement a r\u00e9uni un important panel de participants nationaux, r\u00e9gionaux et internationaux, en pr\u00e9sence de M. Riadh Driidi, directeur g\u00e9n\u00e9ral de l\u2019Acad\u00e9mie diplomatique, de Mme C\u00e9line Merod, repr\u00e9sentante r\u00e9sidente du Programme des Nations unies pour le d\u00e9veloppement (PNUD) (en ligne), de M. Nabil Assaf, chef du bureau r\u00e9gional de l\u2019Organisation des Nations unies pour l\u2019alimentation et l\u2019agriculture (FAO) \u00e0 Tunis, de M. Mahmoud Elias Hamza, directeur du Centre d\u2019activit\u00e9s r\u00e9gionales pour les zones sp\u00e9cialement prot\u00e9g\u00e9es (SPA\/RAC) relevant du Plan d\u2019action pour la M\u00e9diterran\u00e9e, de M. Nabil Ben Khatra, directeur ex\u00e9cutif de l\u2019Observatoire du Sahara et du Sahel, de M. Maher Mahjoub, directeur du Centre de coop\u00e9ration pour la M\u00e9diterran\u00e9e de l\u2019Union internationale pour la conservation de la nature (UICN) (en ligne), de Mme Sabah Ghlouz, directrice de la conservation de la nature au Fonds mondial pour la nature (WWF) pour l\u2019Afrique du Nord, ainsi que de M. Noufel Ben Haja, directeur g\u00e9n\u00e9ral des for\u00eats, repr\u00e9sentant le ministre de l\u2019Agriculture, des Ressources hydrauliques et de la P\u00eache.<\/p>\n\n\n\n<p class=\"wp-block-paragraph\">Lors de cet atelier, quatre rapports nationaux ont \u00e9t\u00e9 pr\u00e9sent\u00e9s dans le cadre de la mise en \u0153uvre de la Convention sur la diversit\u00e9 biologique et de ses protocoles, \u00e0 savoir :<\/p>\n\n\n\n<p class=\"wp-block-paragraph\">le septi\u00e8me rapport national sur la biodiversit\u00e9 ;<br>les r\u00e9sultats du cinqui\u00e8me rapport national relatif \u00e0 la mise en \u0153uvre du Protocole de Carthag\u00e8ne sur la bios\u00e9curit\u00e9 ;<br>le Protocole de Nagoya sur l\u2019acc\u00e8s aux ressources g\u00e9n\u00e9tiques et le partage juste et \u00e9quitable des avantages ;<br>le rapport du syst\u00e8me d\u2019information de la Convention de Barcelone.<\/p>\n\n\n\n<p class=\"wp-block-paragraph\">La rencontre a \u00e9galement permis de mettre en avant plusieurs initiatives futures et acquis nationaux \u00e0 dimension locale, notamment :<\/p>\n\n\n\n<p class=\"wp-block-paragraph\">le projet de gouvernance et d\u2019extension du r\u00e9seau des aires marines et c\u00f4ti\u00e8res prot\u00e9g\u00e9es ;<br>le programme de la ceinture verte et l\u2019initiative \u00ab C\u00f4te bleue \u00bb pour le renforcement de la biodiversit\u00e9 ;<br>le renforcement de la r\u00e9silience des zones humides ;<br>l\u2019investissement dans des projets favorables \u00e0 la biodiversit\u00e9 afin de cr\u00e9er des emplois verts et de promouvoir l\u2019\u00e9cotourisme.<\/p>\n\n\n\n<p class=\"wp-block-paragraph\"><\/p>\n","protected":false},"excerpt":{"rendered":"<p>Depuis le si\u00e8ge de l\u2019Acad\u00e9mie diplomatique, le ministre de l\u2019Environnement, M. Habib Abid, a pr\u00e9sid\u00e9 les activit\u00e9s de la Journ\u00e9e mondiale de la biodiversit\u00e9, c\u00e9l\u00e9br\u00e9e le 22 mai 2026 sous le th\u00e8me \u00ab L\u2019action locale pour un impact mondial \u00bb. Cet \u00e9v\u00e9nement a r\u00e9uni un important panel de participants nationaux, r\u00e9gionaux et internationaux, en pr\u00e9sence [&hellip;]<\/p>\n","protected":false},"author":4,"featured_media":73845,"comment_status":"open","ping_status":"closed","sticky":false,"template":"","format":"standard","meta":{"content-type":"","jnews-multi-image_gallery":[],"jnews_single_post":{"format":"standard"},"jnews_primary_category":[],"jnews_override_bookmark_settings":[],"jnews_review":[],"enable_review":"","type":"","name":"","summary":"","brand":"","sku":"","good":[],"bad":[],"score_override":"","override_value":"","rating":[],"price":[],"jnews_post_split":[],"footnotes":""},"categories":[43,73],"tags":[4406,18650,16601,2334,54],"class_list":["post-73844","post","type-post","status-publish","format-standard","has-post-thumbnail","hentry","category-eco-business","category-eco","tag-engagement","tag-journee-mondiale-de-la-biodiversite","tag-nature","tag-protection","tag-tunisie"],"_links":{"self":[{"href":"https:\/\/www.africanchallenges.com\/index.php?rest_route=\/wp\/v2\/posts\/73844","targetHints":{"allow":["GET"]}}],"collection":[{"href":"https:\/\/www.africanchallenges.com\/index.php?rest_route=\/wp\/v2\/posts"}],"about":[{"href":"https:\/\/www.africanchallenges.com\/index.php?rest_route=\/wp\/v2\/types\/post"}],"author":[{"embeddable":true,"href":"https:\/\/www.africanchallenges.com\/index.php?rest_route=\/wp\/v2\/users\/4"}],"replies":[{"embeddable":true,"href":"https:\/\/www.africanchallenges.com\/index.php?rest_route=%2Fwp%2Fv2%2Fcomments&post=73844"}],"version-history":[{"count":1,"href":"https:\/\/www.africanchallenges.com\/index.php?rest_route=\/wp\/v2\/posts\/73844\/revisions"}],"predecessor-version":[{"id":73846,"href":"https:\/\/www.africanchallenges.com\/index.php?rest_route=\/wp\/v2\/posts\/73844\/revisions\/73846"}],"wp:featuredmedia":[{"embeddable":true,"href":"https:\/\/www.africanchallenges.com\/index.php?rest_route=\/wp\/v2\/media\/73845"}],"wp:attachment":[{"href":"https:\/\/www.africanchallenges.com\/index.php?rest_route=%2Fwp%2Fv2%2Fmedia&parent=73844"}],"wp:term":[{"taxonomy":"category","embeddable":true,"href":"https:\/\/www.africanchallenges.com\/index.php?rest_route=%2Fwp%2Fv2%2Fcategories&post=73844"},{"taxonomy":"post_tag","embeddable":true,"href":"https:\/\/www.africanchallenges.com\/index.php?rest_route=%2Fwp%2Fv2%2Ftags&post=73844"}],"curies":[{"name":"wp","href":"https:\/\/api.w.org\/{rel}","templated":true}]}}