{"id":73810,"date":"2026-05-22T11:42:40","date_gmt":"2026-05-22T10:42:40","guid":{"rendered":"https:\/\/www.africanchallenges.com\/?p=73810"},"modified":"2026-05-22T11:42:41","modified_gmt":"2026-05-22T10:42:41","slug":"cooperation-tunisie-espagne-nouvelles-perspectives-de-partenariat-avec-laecid","status":"publish","type":"post","link":"https:\/\/www.africanchallenges.com\/?p=73810","title":{"rendered":"Coop\u00e9ration Tunisie\u2013Espagne : nouvelles perspectives de partenariat avec l\u2019AECID"},"content":{"rendered":"\n<p class=\"wp-block-paragraph\">Le ministre de l\u2019\u00c9conomie et de la Planification, M. Samir Abdelhafidh, a re\u00e7u, le 20 mai 2026, le directeur g\u00e9n\u00e9ral de l\u2019Agence espagnole de coop\u00e9ration internationale pour le d\u00e9veloppement (AECID), M. Anton Leis Garcia, en visite de travail en Tunisie les 20 et 21 mai, en pr\u00e9sence de l\u2019ambassadeur d\u2019Espagne \u00e0 Tunis.<\/p>\n\n\n\n<p class=\"wp-block-paragraph\">Cette rencontre a \u00e9t\u00e9 l\u2019occasion d\u2019\u00e9changer sur les perspectives de renforcement de la coop\u00e9ration bilat\u00e9rale et de diversification de ses domaines, en ad\u00e9quation avec les priorit\u00e9s et les orientations du d\u00e9veloppement de la Tunisie pour la prochaine p\u00e9riode.<\/p>\n\n\n\n<p class=\"wp-block-paragraph\">Le ministre a soulign\u00e9 la solidit\u00e9 des relations tuniso-espagnoles, marqu\u00e9es par une confiance mutuelle et une volont\u00e9 commune de les consolider davantage. Il a \u00e9galement mis en avant les opportunit\u00e9s offertes pour approfondir la coop\u00e9ration avec l\u2019AECID, notamment depuis la r\u00e9ouverture de son bureau \u00e0 Tunis en 2024, en particulier dans des secteurs d\u2019int\u00e9r\u00eat commun tels que la protection de l\u2019environnement, l\u2019efficacit\u00e9 \u00e9nerg\u00e9tique, la gestion des ressources en eau et le d\u00e9veloppement social.<\/p>\n\n\n\n<p class=\"wp-block-paragraph\">De son c\u00f4t\u00e9, M. Anton Leis Garcia a exprim\u00e9 la disponibilit\u00e9 de l\u2019agence espagnole \u00e0 intensifier davantage la coop\u00e9ration avec la Tunisie, afin de lui permettre de b\u00e9n\u00e9ficier de l\u2019ensemble des m\u00e9canismes financiers et techniques disponibles dans les domaines \u00e9voqu\u00e9s, ainsi que de soutenir le secteur priv\u00e9.<\/p>\n\n\n\n<p class=\"wp-block-paragraph\">Les deux parties ont enfin soulign\u00e9 l\u2019importance de renforcer la coordination en vue d\u2019\u00e9laborer, dans les meilleurs d\u00e9lais, un cadre strat\u00e9gique de coop\u00e9ration d\u00e9finissant les priorit\u00e9s \u00e0 moyen terme, et permettant d\u2019identifier des projets \u00e0 forte valeur ajout\u00e9e \u00e9conomique et sociale.<\/p>\n","protected":false},"excerpt":{"rendered":"<p>Le ministre de l\u2019\u00c9conomie et de la Planification, M. Samir Abdelhafidh, a re\u00e7u, le 20 mai 2026, le directeur g\u00e9n\u00e9ral de l\u2019Agence espagnole de coop\u00e9ration internationale pour le d\u00e9veloppement (AECID), M. Anton Leis Garcia, en visite de travail en Tunisie les 20 et 21 mai, en pr\u00e9sence de l\u2019ambassadeur d\u2019Espagne \u00e0 Tunis. Cette rencontre a [&hellip;]<\/p>\n","protected":false},"author":4,"featured_media":73811,"comment_status":"open","ping_status":"closed","sticky":false,"template":"","format":"standard","meta":{"content-type":"","jnews-multi-image_gallery":[],"jnews_single_post":{"format":"standard"},"jnews_primary_category":[],"jnews_override_bookmark_settings":[],"jnews_review":[],"enable_review":"","type":"","name":"","summary":"","brand":"","sku":"","good":[],"bad":[],"score_override":"","override_value":"","rating":[],"price":[],"jnews_post_split":[],"footnotes":""},"categories":[43,73],"tags":[298,9558,18640,355,54],"class_list":["post-73810","post","type-post","status-publish","format-standard","has-post-thumbnail","hentry","category-eco-business","category-eco","tag-cooperation","tag-espagne","tag-laecid","tag-partenariat","tag-tunisie"],"_links":{"self":[{"href":"https:\/\/www.africanchallenges.com\/index.php?rest_route=\/wp\/v2\/posts\/73810","targetHints":{"allow":["GET"]}}],"collection":[{"href":"https:\/\/www.africanchallenges.com\/index.php?rest_route=\/wp\/v2\/posts"}],"about":[{"href":"https:\/\/www.africanchallenges.com\/index.php?rest_route=\/wp\/v2\/types\/post"}],"author":[{"embeddable":true,"href":"https:\/\/www.africanchallenges.com\/index.php?rest_route=\/wp\/v2\/users\/4"}],"replies":[{"embeddable":true,"href":"https:\/\/www.africanchallenges.com\/index.php?rest_route=%2Fwp%2Fv2%2Fcomments&post=73810"}],"version-history":[{"count":1,"href":"https:\/\/www.africanchallenges.com\/index.php?rest_route=\/wp\/v2\/posts\/73810\/revisions"}],"predecessor-version":[{"id":73812,"href":"https:\/\/www.africanchallenges.com\/index.php?rest_route=\/wp\/v2\/posts\/73810\/revisions\/73812"}],"wp:featuredmedia":[{"embeddable":true,"href":"https:\/\/www.africanchallenges.com\/index.php?rest_route=\/wp\/v2\/media\/73811"}],"wp:attachment":[{"href":"https:\/\/www.africanchallenges.com\/index.php?rest_route=%2Fwp%2Fv2%2Fmedia&parent=73810"}],"wp:term":[{"taxonomy":"category","embeddable":true,"href":"https:\/\/www.africanchallenges.com\/index.php?rest_route=%2Fwp%2Fv2%2Fcategories&post=73810"},{"taxonomy":"post_tag","embeddable":true,"href":"https:\/\/www.africanchallenges.com\/index.php?rest_route=%2Fwp%2Fv2%2Ftags&post=73810"}],"curies":[{"name":"wp","href":"https:\/\/api.w.org\/{rel}","templated":true}]}}