{"id":73767,"date":"2026-05-21T09:33:00","date_gmt":"2026-05-21T08:33:00","guid":{"rendered":"https:\/\/www.africanchallenges.com\/?p=73767"},"modified":"2026-05-20T23:37:04","modified_gmt":"2026-05-20T22:37:04","slug":"tunisie-journee-arabe-de-lefficacite-energetique-et-distinction-du-meilleur-projet-numerique","status":"publish","type":"post","link":"https:\/\/www.africanchallenges.com\/?p=73767","title":{"rendered":"Tunisie : Journ\u00e9e arabe de l\u2019efficacit\u00e9 \u00e9nerg\u00e9tique et distinction du meilleur projet num\u00e9rique"},"content":{"rendered":"\n<p class=\"wp-block-paragraph\">Le Secr\u00e9taire d\u2019\u00c9tat charg\u00e9 de la transition \u00e9nerg\u00e9tique, M. Wael Chouchane, a pr\u00e9sid\u00e9, le mercredi 20 mai 2026 \u00e0 Tunis, les festivit\u00e9s marquant la Journ\u00e9e arabe de l\u2019efficacit\u00e9 \u00e9nerg\u00e9tique, ainsi que la c\u00e9r\u00e9monie de remise du prix du meilleur projet num\u00e9rique d\u00e9di\u00e9 \u00e0 l\u2019efficacit\u00e9 \u00e9nerg\u00e9tique dans les secteurs commercial et touristique.<\/p>\n\n\n\n<p class=\"wp-block-paragraph\">L\u2019\u00e9v\u00e9nement s\u2019est tenu en pr\u00e9sence du secr\u00e9taire g\u00e9n\u00e9ral adjoint et directeur du Centre de la Tunisie de la Ligue des \u00c9tats arabes, M. Mohamed Salah Ben Issa, de plusieurs ambassadeurs, de la directrice de la coop\u00e9ration internationale et des partenariats strat\u00e9giques du Centre r\u00e9gional pour les \u00e9nergies renouvelables et l\u2019efficacit\u00e9 \u00e9nerg\u00e9tique, Mme Nadia Chioukh, de la professeure Asma Hammadi de l\u2019Universit\u00e9 de Boumerd\u00e8s (Alg\u00e9rie), ainsi que du directeur g\u00e9n\u00e9ral de l\u2019Agence nationale pour la ma\u00eetrise de l\u2019\u00e9nergie (ANME), M. Nafaa Baccari.<\/p>\n\n\n\n<p class=\"wp-block-paragraph\">Cette 14\u1d49 \u00e9dition est organis\u00e9e par le Secr\u00e9tariat g\u00e9n\u00e9ral de la Ligue des \u00c9tats arabes (d\u00e9partement de l\u2019\u00e9nergie), en coop\u00e9ration avec le Centre r\u00e9gional pour les \u00e9nergies renouvelables et l\u2019efficacit\u00e9 \u00e9nerg\u00e9tique, et en coordination avec l\u2019ANME. Elle se tient en marge du Congr\u00e8s national tunisien sur la transition \u00e9nerg\u00e9tique durable et innovante, organis\u00e9 \u00e0 l\u2019occasion du 40\u1d49 anniversaire de l\u2019ANME.<\/p>\n\n\n\n<p class=\"wp-block-paragraph\">Plac\u00e9e sous le th\u00e8me \u00ab Le meilleur projet utilisant la num\u00e9risation et les applications intelligentes pour am\u00e9liorer l\u2019efficacit\u00e9 \u00e9nerg\u00e9tique dans les \u00e9tablissements commerciaux et touristiques dans les pays arabes \u00bb, cette \u00e9dition met en avant le r\u00f4le croissant des technologies num\u00e9riques dans la gestion \u00e9nerg\u00e9tique.<\/p>\n\n\n\n<p class=\"wp-block-paragraph\">Dans son intervention, M. Wael Chouchane a soulign\u00e9 que la digitalisation n\u2019est plus un simple outil technique, mais un levier essentiel pour am\u00e9liorer la gestion de l\u2019\u00e9nergie dans les b\u00e2timents, les infrastructures industrielles, commerciales et touristiques, ainsi que dans les r\u00e9seaux de transport et les villes intelligentes.<\/p>\n\n\n\n<p class=\"wp-block-paragraph\">Il a ajout\u00e9 que les donn\u00e9es \u00e9nerg\u00e9tiques, les syst\u00e8mes de gestion intelligente et les solutions num\u00e9riques constituent aujourd\u2019hui des outils concrets permettant d\u2019am\u00e9liorer la performance \u00e9nerg\u00e9tique, de r\u00e9duire les co\u00fbts et de renforcer la comp\u00e9titivit\u00e9 \u00e9conomique.<\/p>\n\n\n\n<p class=\"wp-block-paragraph\">Le Secr\u00e9taire d\u2019\u00c9tat a \u00e9galement indiqu\u00e9 que la Tunisie \u0153uvre \u00e0 la mise en place d\u2019un nouveau mod\u00e8le \u00e9nerg\u00e9tique bas\u00e9, d\u2019une part, sur le d\u00e9veloppement des \u00e9nergies renouvelables, et d\u2019autre part, sur le renforcement de l\u2019efficacit\u00e9 \u00e9nerg\u00e9tique et la ma\u00eetrise de la demande.<\/p>\n\n\n\n<p class=\"wp-block-paragraph\">Il a enfin insist\u00e9 sur la n\u00e9cessit\u00e9 de soutenir l\u2019innovation, d\u2019encourager les jeunes comp\u00e9tences et les start-up dans les domaines de l\u2019\u00e9nergie, du num\u00e9rique et des technologies vertes, afin de d\u00e9velopper des expertises arabes capables de proposer des solutions \u00e0 forte valeur ajout\u00e9e.<\/p>\n\n\n\n<p class=\"wp-block-paragraph\">Par ailleurs, les participants \u00e0 la session de dialogue ont soulign\u00e9 l\u2019importance de renforcer la transformation num\u00e9rique et l\u2019utilisation des technologies intelligentes dans les syst\u00e8mes d\u2019efficacit\u00e9 \u00e9nerg\u00e9tique, consid\u00e9r\u00e9s comme des piliers essentiels du d\u00e9veloppement durable, de la r\u00e9duction des \u00e9missions de carbone et de l\u2019optimisation de la consommation des ressources.<\/p>\n\n\n\n<p class=\"wp-block-paragraph\">Ils ont \u00e9galement appel\u00e9 \u00e0 \u00e9largir la coop\u00e9ration arabe, \u00e0 renforcer l\u2019\u00e9change d\u2019exp\u00e9riences et de bonnes pratiques, et \u00e0 d\u00e9velopper des cadres l\u00e9gislatifs et politiques favorables \u00e0 l\u2019innovation et \u00e0 l\u2019investissement dans les solutions intelligentes.<\/p>\n\n\n\n<p class=\"wp-block-paragraph\">Enfin, les \u00e9changes ont port\u00e9 sur l\u2019\u00e9tat des lieux et les perspectives de la num\u00e9risation dans le secteur de l\u2019\u00e9nergie dans les pays arabes, ainsi que sur la n\u00e9cessit\u00e9 de renforcer la sensibilisation des institutions et des citoyens aux bonnes pratiques en mati\u00e8re de rationalisation de la consommation \u00e9nerg\u00e9tique.<\/p>\n","protected":false},"excerpt":{"rendered":"<p>Le Secr\u00e9taire d\u2019\u00c9tat charg\u00e9 de la transition \u00e9nerg\u00e9tique, M. Wael Chouchane, a pr\u00e9sid\u00e9, le mercredi 20 mai 2026 \u00e0 Tunis, les festivit\u00e9s marquant la Journ\u00e9e arabe de l\u2019efficacit\u00e9 \u00e9nerg\u00e9tique, ainsi que la c\u00e9r\u00e9monie de remise du prix du meilleur projet num\u00e9rique d\u00e9di\u00e9 \u00e0 l\u2019efficacit\u00e9 \u00e9nerg\u00e9tique dans les secteurs commercial et touristique. L\u2019\u00e9v\u00e9nement s\u2019est tenu en [&hellip;]<\/p>\n","protected":false},"author":4,"featured_media":73768,"comment_status":"open","ping_status":"closed","sticky":false,"template":"","format":"standard","meta":{"content-type":"","jnews-multi-image_gallery":[],"jnews_single_post":{"format":"standard"},"jnews_primary_category":[],"jnews_override_bookmark_settings":[],"jnews_review":[],"enable_review":"","type":"","name":"","summary":"","brand":"","sku":"","good":[],"bad":[],"score_override":"","override_value":"","rating":[],"price":[],"jnews_post_split":[],"footnotes":""},"categories":[43,73],"tags":[18630,18631,15100],"class_list":["post-73767","post","type-post","status-publish","format-standard","has-post-thumbnail","hentry","category-eco-business","category-eco","tag-centre-regional-pour-les-energies-renouvelables-et-lefficacite-energetique","tag-journee-arabe-de-lefficacite-energetique","tag-ligue-des-etats-arabes"],"_links":{"self":[{"href":"https:\/\/www.africanchallenges.com\/index.php?rest_route=\/wp\/v2\/posts\/73767","targetHints":{"allow":["GET"]}}],"collection":[{"href":"https:\/\/www.africanchallenges.com\/index.php?rest_route=\/wp\/v2\/posts"}],"about":[{"href":"https:\/\/www.africanchallenges.com\/index.php?rest_route=\/wp\/v2\/types\/post"}],"author":[{"embeddable":true,"href":"https:\/\/www.africanchallenges.com\/index.php?rest_route=\/wp\/v2\/users\/4"}],"replies":[{"embeddable":true,"href":"https:\/\/www.africanchallenges.com\/index.php?rest_route=%2Fwp%2Fv2%2Fcomments&post=73767"}],"version-history":[{"count":2,"href":"https:\/\/www.africanchallenges.com\/index.php?rest_route=\/wp\/v2\/posts\/73767\/revisions"}],"predecessor-version":[{"id":73770,"href":"https:\/\/www.africanchallenges.com\/index.php?rest_route=\/wp\/v2\/posts\/73767\/revisions\/73770"}],"wp:featuredmedia":[{"embeddable":true,"href":"https:\/\/www.africanchallenges.com\/index.php?rest_route=\/wp\/v2\/media\/73768"}],"wp:attachment":[{"href":"https:\/\/www.africanchallenges.com\/index.php?rest_route=%2Fwp%2Fv2%2Fmedia&parent=73767"}],"wp:term":[{"taxonomy":"category","embeddable":true,"href":"https:\/\/www.africanchallenges.com\/index.php?rest_route=%2Fwp%2Fv2%2Fcategories&post=73767"},{"taxonomy":"post_tag","embeddable":true,"href":"https:\/\/www.africanchallenges.com\/index.php?rest_route=%2Fwp%2Fv2%2Ftags&post=73767"}],"curies":[{"name":"wp","href":"https:\/\/api.w.org\/{rel}","templated":true}]}}