{"id":73708,"date":"2026-05-20T10:30:00","date_gmt":"2026-05-20T09:30:00","guid":{"rendered":"https:\/\/www.africanchallenges.com\/?p=73708"},"modified":"2026-05-19T23:54:43","modified_gmt":"2026-05-19T22:54:43","slug":"gestion-des-dechets-et-changement-climatique-lambassade-de-suisse-sensibilise-aux-enjeux-environnementaux-en-tunisie","status":"publish","type":"post","link":"https:\/\/www.africanchallenges.com\/?p=73708","title":{"rendered":"Gestion des d\u00e9chets et changement climatique : l\u2019Ambassade de Suisse sensibilise aux enjeux environnementaux en Tunisie"},"content":{"rendered":"\n<p class=\"wp-block-paragraph\">Dans le cadre de l\u2019initiative \u00ab Greening the Embassies \u00bb port\u00e9e par le D\u00e9partement f\u00e9d\u00e9ral des affaires \u00e9trang\u00e8res (DFAE) suisse, l\u2019Ambassade de Suisse en Tunisie a organis\u00e9 un \u00e9v\u00e9nement th\u00e9matique consacr\u00e9 \u00e0 la gestion des d\u00e9chets et \u00e0 son impact sur le changement climatique.<\/p>\n\n\n\n<p class=\"wp-block-paragraph\">Cette rencontre avait pour objectif de pr\u00e9senter le syst\u00e8me national de gestion des d\u00e9chets en Tunisie tout en mettant en lumi\u00e8re les liens \u00e9troits entre les pratiques de gestion des d\u00e9chets et les enjeux climatiques et environnementaux.<\/p>\n\n\n\n<p class=\"wp-block-paragraph\">Les \u00e9changes ont permis d\u2019aborder les diff\u00e9rentes cat\u00e9gories de d\u00e9chets, notamment les d\u00e9chets m\u00e9nagers et assimil\u00e9s ainsi que les d\u00e9chets industriels, tout en sensibilisant aux d\u00e9fis environnementaux li\u00e9s \u00e0 la pr\u00e9servation des sols et des ressources hydriques.<\/p>\n\n\n\n<p class=\"wp-block-paragraph\">\u00c0 travers cette initiative, l\u2019Ambassade de Suisse entend renforcer les actions de sensibilisation et encourager le partage de connaissances autour de pratiques plus durables et respectueuses de l\u2019environnement.<\/p>\n\n\n\n<p class=\"wp-block-paragraph\">Les pr\u00e9sentations ont \u00e9t\u00e9 assur\u00e9es par des experts de l\u2019association AGEOS, partenaire de la Coop\u00e9ration suisse dans le cadre des projets \u00ab Clear School \u00bb et \u00ab Destination durable Tunisie \u00bb li\u00e9s notamment au g\u00e9oparc du Dahar.<\/p>\n\n\n\n<p class=\"wp-block-paragraph\">Cette initiative s\u2019inscrit dans une dynamique de coop\u00e9ration environnementale visant \u00e0 promouvoir une meilleure gestion des ressources naturelles et \u00e0 soutenir les efforts de transition \u00e9cologique en Tunisie.<\/p>\n","protected":false},"excerpt":{"rendered":"<p>Dans le cadre de l\u2019initiative \u00ab Greening the Embassies \u00bb port\u00e9e par le D\u00e9partement f\u00e9d\u00e9ral des affaires \u00e9trang\u00e8res (DFAE) suisse, l\u2019Ambassade de Suisse en Tunisie a organis\u00e9 un \u00e9v\u00e9nement th\u00e9matique consacr\u00e9 \u00e0 la gestion des d\u00e9chets et \u00e0 son impact sur le changement climatique. Cette rencontre avait pour objectif de pr\u00e9senter le syst\u00e8me national de [&hellip;]<\/p>\n","protected":false},"author":4,"featured_media":73709,"comment_status":"open","ping_status":"closed","sticky":false,"template":"","format":"standard","meta":{"content-type":"","jnews-multi-image_gallery":[],"jnews_single_post":{"format":"standard"},"jnews_primary_category":[],"jnews_override_bookmark_settings":[],"jnews_review":[],"enable_review":"","type":"","name":"","summary":"","brand":"","sku":"","good":[],"bad":[],"score_override":"","override_value":"","rating":[],"price":[],"jnews_post_split":[],"footnotes":""},"categories":[43,73],"tags":[17813,1834,11556,54],"class_list":["post-73708","post","type-post","status-publish","format-standard","has-post-thumbnail","hentry","category-eco-business","category-eco","tag-ambassade-de-suisse","tag-changement-climatique","tag-gestion-des-dechets","tag-tunisie"],"_links":{"self":[{"href":"https:\/\/www.africanchallenges.com\/index.php?rest_route=\/wp\/v2\/posts\/73708","targetHints":{"allow":["GET"]}}],"collection":[{"href":"https:\/\/www.africanchallenges.com\/index.php?rest_route=\/wp\/v2\/posts"}],"about":[{"href":"https:\/\/www.africanchallenges.com\/index.php?rest_route=\/wp\/v2\/types\/post"}],"author":[{"embeddable":true,"href":"https:\/\/www.africanchallenges.com\/index.php?rest_route=\/wp\/v2\/users\/4"}],"replies":[{"embeddable":true,"href":"https:\/\/www.africanchallenges.com\/index.php?rest_route=%2Fwp%2Fv2%2Fcomments&post=73708"}],"version-history":[{"count":1,"href":"https:\/\/www.africanchallenges.com\/index.php?rest_route=\/wp\/v2\/posts\/73708\/revisions"}],"predecessor-version":[{"id":73710,"href":"https:\/\/www.africanchallenges.com\/index.php?rest_route=\/wp\/v2\/posts\/73708\/revisions\/73710"}],"wp:featuredmedia":[{"embeddable":true,"href":"https:\/\/www.africanchallenges.com\/index.php?rest_route=\/wp\/v2\/media\/73709"}],"wp:attachment":[{"href":"https:\/\/www.africanchallenges.com\/index.php?rest_route=%2Fwp%2Fv2%2Fmedia&parent=73708"}],"wp:term":[{"taxonomy":"category","embeddable":true,"href":"https:\/\/www.africanchallenges.com\/index.php?rest_route=%2Fwp%2Fv2%2Fcategories&post=73708"},{"taxonomy":"post_tag","embeddable":true,"href":"https:\/\/www.africanchallenges.com\/index.php?rest_route=%2Fwp%2Fv2%2Ftags&post=73708"}],"curies":[{"name":"wp","href":"https:\/\/api.w.org\/{rel}","templated":true}]}}