{"id":73690,"date":"2026-05-19T23:02:44","date_gmt":"2026-05-19T22:02:44","guid":{"rendered":"https:\/\/www.africanchallenges.com\/?p=73690"},"modified":"2026-05-19T23:03:03","modified_gmt":"2026-05-19T22:03:03","slug":"retour-volontaire-des-migrants-la-tunisie-et-loim-intensifient-leur-cooperation","status":"publish","type":"post","link":"https:\/\/www.africanchallenges.com\/?p=73690","title":{"rendered":"Retour volontaire des migrants : la Tunisie et l\u2019OIM intensifient leur coop\u00e9ration"},"content":{"rendered":"\n<p class=\"wp-block-paragraph\">M. Mohamed Ali Nafti, Ministre des Affaires Etrang\u00e8res, de la Migration et des Tunisiens \u00e0 l\u2019Etranger, a re\u00e7u hier lundi 18 mai 2026, M. Azouz Samri, Chef de Mission de l\u2019Organisation Internationale pour les Migrations (OIM) en Tunisie.<\/p>\n\n\n\n<p class=\"wp-block-paragraph\">Cette rencontre a \u00e9t\u00e9 l\u2019occasion de passer en revue le bilan du programme de retour volontaire et de r\u00e9int\u00e9gration destin\u00e9 aux migrants en situation irr\u00e9guli\u00e8re. Le chef de mission de l\u2019OIM en Tunisie a indiqu\u00e9 que le nombre de b\u00e9n\u00e9ficiaires de ce programme a atteint, depuis son lancement en 2022 jusqu\u2019\u00e0 ce jour, 22 377 migrants en situation irr\u00e9guli\u00e8re, dont 2 103 au cours de l\u2019ann\u00e9e 2026 (jusqu\u2019\u00e0 ce jour). Il a \u00e9galement pr\u00e9cis\u00e9 que l\u2019Organisation pr\u00e9pare actuellement le retour d\u2019environ 400 migrants suppl\u00e9mentaires dans un avenir proche.<\/p>\n\n\n\n<p class=\"wp-block-paragraph\">Dans ce contexte, M. le Ministre a salu\u00e9 les efforts d\u00e9ploy\u00e9s par l\u2019Organisation pour assurer le retour volontaire des migrants en situation irr\u00e9guli\u00e8re vers leurs pays d\u2019origine, dans le plein respect des droits de l\u2019Homme et de la dignit\u00e9 humaine. Il a \u00e9galement soulign\u00e9 l\u2019importance d\u2019acc\u00e9l\u00e9rer le rythme des op\u00e9rations de retour volontaire, tout en veillant \u00e0 fournir l\u2019accompagnement social ainsi que l\u2019assistance logistique et sanitaire n\u00e9cessaires afin de garantir la durabilit\u00e9 et l\u2019efficacit\u00e9 du retour.<\/p>\n\n\n\n<p class=\"wp-block-paragraph\">M. le Ministre a, par ailleurs, appel\u00e9 \u00e0 renforcer la coordination et \u00e0 intensifier les efforts conjoints, ainsi qu\u2019\u00e0 d\u00e9velopper des m\u00e9canismes encourageant le retour volontaire, de mani\u00e8re \u00e0 offrir de meilleures opportunit\u00e9s de r\u00e9int\u00e9gration dans les pays d\u2019origine et \u00e0 soutenir les approches de d\u00e9veloppement solidaire.<\/p>\n\n\n\n<p class=\"wp-block-paragraph\">De son c\u00f4t\u00e9, le chef de mission de l\u2019OIM en Tunisie a salu\u00e9 l\u2019approche tunisienne globale dans la gestion du ph\u00e9nom\u00e8ne de la migration irr\u00e9guli\u00e8re, fond\u00e9e principalement sur le respect et la protection des droits des migrants ainsi que sur la lutte contre toutes les formes de traite des \u00eatres humains et les r\u00e9seaux de criminalit\u00e9 organis\u00e9e.<\/p>\n\n\n\n<p class=\"wp-block-paragraph\">La rencontre a \u00e9galement port\u00e9 sur les diff\u00e9rents programmes de coop\u00e9ration en cours entre la Tunisie et l\u2019Organisation Internationale pour les Migrations, notamment les projets li\u00e9s \u00e0 l\u2019int\u00e9gration et au d\u00e9veloppement. Parmi ces programmes figure le projet \u00ab Helma \u00bb, visant \u00e0 renforcer les opportunit\u00e9s d\u2019insertion sociale et \u00e9conomique des jeunes les plus expos\u00e9s \u00e0 la migration irr\u00e9guli\u00e8re et des cat\u00e9gories vuln\u00e9rables, \u00e0 travers le d\u00e9veloppement des comp\u00e9tences et des formations adapt\u00e9es. Il a aussi \u00e9t\u00e9 question du projet \u00ab Mobi-TRE \u00bb, qui vise \u00e0 mobiliser les investissements et les comp\u00e9tences de la diaspora tunisienne \u00e0 l\u2019\u00e9tranger afin de soutenir le d\u00e9veloppement \u00e9conomique des r\u00e9gions int\u00e9rieures et de contribuer \u00e0 la cr\u00e9ation d\u2019emplois durables au profit des jeunes.<\/p>\n","protected":false},"excerpt":{"rendered":"<p>M. Mohamed Ali Nafti, Ministre des Affaires Etrang\u00e8res, de la Migration et des Tunisiens \u00e0 l\u2019Etranger, a re\u00e7u hier lundi 18 mai 2026, M. Azouz Samri, Chef de Mission de l\u2019Organisation Internationale pour les Migrations (OIM) en Tunisie. Cette rencontre a \u00e9t\u00e9 l\u2019occasion de passer en revue le bilan du programme de retour volontaire et [&hellip;]<\/p>\n","protected":false},"author":4,"featured_media":73691,"comment_status":"open","ping_status":"closed","sticky":false,"template":"","format":"standard","meta":{"content-type":"","jnews-multi-image_gallery":[],"jnews_single_post":{"format":"standard"},"jnews_primary_category":[],"jnews_override_bookmark_settings":[],"jnews_review":[],"enable_review":"","type":"","name":"","summary":"","brand":"","sku":"","good":[],"bad":[],"score_override":"","override_value":"","rating":[],"price":[],"jnews_post_split":[],"footnotes":""},"categories":[2],"tags":[5696,288,18608,54],"class_list":["post-73690","post","type-post","status-publish","format-standard","has-post-thumbnail","hentry","category-news-politique","tag-migrants","tag-oim","tag-retour-volontaire","tag-tunisie"],"_links":{"self":[{"href":"https:\/\/www.africanchallenges.com\/index.php?rest_route=\/wp\/v2\/posts\/73690","targetHints":{"allow":["GET"]}}],"collection":[{"href":"https:\/\/www.africanchallenges.com\/index.php?rest_route=\/wp\/v2\/posts"}],"about":[{"href":"https:\/\/www.africanchallenges.com\/index.php?rest_route=\/wp\/v2\/types\/post"}],"author":[{"embeddable":true,"href":"https:\/\/www.africanchallenges.com\/index.php?rest_route=\/wp\/v2\/users\/4"}],"replies":[{"embeddable":true,"href":"https:\/\/www.africanchallenges.com\/index.php?rest_route=%2Fwp%2Fv2%2Fcomments&post=73690"}],"version-history":[{"count":2,"href":"https:\/\/www.africanchallenges.com\/index.php?rest_route=\/wp\/v2\/posts\/73690\/revisions"}],"predecessor-version":[{"id":73693,"href":"https:\/\/www.africanchallenges.com\/index.php?rest_route=\/wp\/v2\/posts\/73690\/revisions\/73693"}],"wp:featuredmedia":[{"embeddable":true,"href":"https:\/\/www.africanchallenges.com\/index.php?rest_route=\/wp\/v2\/media\/73691"}],"wp:attachment":[{"href":"https:\/\/www.africanchallenges.com\/index.php?rest_route=%2Fwp%2Fv2%2Fmedia&parent=73690"}],"wp:term":[{"taxonomy":"category","embeddable":true,"href":"https:\/\/www.africanchallenges.com\/index.php?rest_route=%2Fwp%2Fv2%2Fcategories&post=73690"},{"taxonomy":"post_tag","embeddable":true,"href":"https:\/\/www.africanchallenges.com\/index.php?rest_route=%2Fwp%2Fv2%2Ftags&post=73690"}],"curies":[{"name":"wp","href":"https:\/\/api.w.org\/{rel}","templated":true}]}}