{"id":73675,"date":"2026-05-19T22:03:31","date_gmt":"2026-05-19T21:03:31","guid":{"rendered":"https:\/\/www.africanchallenges.com\/?p=73675"},"modified":"2026-05-19T22:03:31","modified_gmt":"2026-05-19T21:03:31","slug":"la-commission-de-la-sante-poursuit-lexamen-du-projet-de-loi-sur-la-langue-des-signes-et-auditionne-les-initiateurs-de-la-proposition-relative-a-laccompagnement-des-retraites","status":"publish","type":"post","link":"https:\/\/www.africanchallenges.com\/?p=73675","title":{"rendered":"La commission de la sant\u00e9 poursuit l\u2019examen du projet de loi sur la langue des signes et auditionne les initiateurs de la proposition relative \u00e0 l\u2019accompagnement des retrait\u00e9s"},"content":{"rendered":"\n<p class=\"wp-block-paragraph\">La Commission de la sant\u00e9, des affaires de la femme, de la famille, des affaires sociales et des personnes handicap\u00e9es a poursuivi, mardi 19 mai 2026, l\u2019examen de la proposition de loi relative \u00e0 l\u2019organisation des domaines d\u2019utilisation de la langue des signes pour les personnes atteintes de handicap auditif. Elle a \u00e9galement auditionn\u00e9 les auteurs de la proposition de loi portant sur l\u2019accompagnement des retrait\u00e9s.<\/p>\n\n\n\n<p class=\"wp-block-paragraph\">Lors de la s\u00e9ance matinale, les membres de la commission ont d\u00e9battu des diff\u00e9rents articles du texte relatif \u00e0 la langue des signes, \u00e0 la lumi\u00e8re des observations et propositions recueillies lors des pr\u00e9c\u00e9dentes auditions. Les discussions ont notamment port\u00e9 sur l\u2019\u00e9largissement du champ d\u2019application de la loi afin d\u2019inclure les personnes souffrant d\u2019une perte totale ou partielle de la parole, ce qui a conduit \u00e0 revoir l\u2019intitul\u00e9 du projet et \u00e0 pr\u00e9ciser les cat\u00e9gories concern\u00e9es.<\/p>\n\n\n\n<p class=\"wp-block-paragraph\">Les d\u00e9put\u00e9s ont \u00e9galement insist\u00e9 sur l\u2019importance d\u2019unifier la langue des signes \u00e0 l\u2019\u00e9chelle nationale afin de faciliter son adoption dans l\u2019enseignement, les services publics et les espaces ouverts au public. Des remarques de forme et de r\u00e9daction ont par ailleurs \u00e9t\u00e9 formul\u00e9es afin d\u2019am\u00e9liorer la lisibilit\u00e9 du texte.<\/p>\n\n\n\n<p class=\"wp-block-paragraph\">Au cours de la s\u00e9ance de l\u2019apr\u00e8s-midi, la commission a auditionn\u00e9 les initiateurs de la proposition de loi relative \u00e0 l\u2019accompagnement des retrait\u00e9s. Ces derniers ont expliqu\u00e9 que le texte vise \u00e0 instaurer plusieurs avantages sociaux et culturels au profit des retrait\u00e9s, notamment des r\u00e9ductions sur les transports publics, l\u2019acc\u00e8s aux services des \u00e9tablissements touristiques, la gratuit\u00e9 d\u2019entr\u00e9e aux mus\u00e9es et sites historiques ainsi qu\u2019une priorit\u00e9 dans les \u00e9tablissements publics de sant\u00e9.<\/p>\n\n\n\n<p class=\"wp-block-paragraph\">La proposition pr\u00e9voit \u00e9galement d\u2019autoriser les retrait\u00e9s \u00e0 exercer une activit\u00e9 r\u00e9mun\u00e9r\u00e9e tout en continuant \u00e0 percevoir leur pension de retraite, dans l\u2019objectif de pr\u00e9server leur dignit\u00e9 et de valoriser leurs comp\u00e9tences et leur exp\u00e9rience.<\/p>\n\n\n\n<p class=\"wp-block-paragraph\">L\u2019article 5 du projet, relatif \u00e0 la suppression de l\u2019interdiction de travailler apr\u00e8s l\u2019\u00e2ge de la retraite pour les b\u00e9n\u00e9ficiaires d\u2019une pension, a suscit\u00e9 un large d\u00e9bat parmi les d\u00e9put\u00e9s. Certains ont plaid\u00e9 pour l\u2019abrogation de toutes les dispositions emp\u00eachant les retrait\u00e9s d\u2019exercer une activit\u00e9 professionnelle, estimant que la pension constitue un droit acquis. D\u2019autres ont consid\u00e9r\u00e9 que la l\u00e9gislation actuelle permet d\u00e9j\u00e0 de b\u00e9n\u00e9ficier de l\u2019expertise des retrait\u00e9s dans les domaines de l\u2019encadrement, de la formation et du conseil, sous certaines conditions.<\/p>\n\n\n\n<p class=\"wp-block-paragraph\">Par ailleurs, plusieurs intervenants ont appel\u00e9 \u00e0 \u00e9largir le champ d\u2019application de cette proposition \u00e0 l\u2019ensemble des personnes \u00e2g\u00e9es et non uniquement aux retrait\u00e9s.<\/p>\n\n\n\n<p class=\"wp-block-paragraph\">En conclusion, les d\u00e9put\u00e9s ont soulign\u00e9 l\u2019importance de cette initiative l\u00e9gislative, qui r\u00e9pond aux attentes d\u2019une large cat\u00e9gorie de citoyens, et ont appel\u00e9 \u00e0 acc\u00e9l\u00e9rer son examen et son adoption.<\/p>\n\n\n\n<p class=\"wp-block-paragraph\">Des r\u00e9ponses plus intelligentes, le chargement de fichiers et d\u2019images, et bien plus encore.<br>Se connecter<br>Inscription gratuite<\/p>\n","protected":false},"excerpt":{"rendered":"<p>La Commission de la sant\u00e9, des affaires de la femme, de la famille, des affaires sociales et des personnes handicap\u00e9es a poursuivi, mardi 19 mai 2026, l\u2019examen de la proposition de loi relative \u00e0 l\u2019organisation des domaines d\u2019utilisation de la langue des signes pour les personnes atteintes de handicap auditif. Elle a \u00e9galement auditionn\u00e9 les [&hellip;]<\/p>\n","protected":false},"author":4,"featured_media":73676,"comment_status":"open","ping_status":"closed","sticky":false,"template":"","format":"standard","meta":{"content-type":"","jnews-multi-image_gallery":[],"jnews_single_post":{"format":"standard"},"jnews_primary_category":[],"jnews_override_bookmark_settings":[],"jnews_review":[],"enable_review":"","type":"","name":"","summary":"","brand":"","sku":"","good":[],"bad":[],"score_override":"","override_value":"","rating":[],"price":[],"jnews_post_split":[],"footnotes":""},"categories":[2],"tags":[16874,18603,7160],"class_list":["post-73675","post","type-post","status-publish","format-standard","has-post-thumbnail","hentry","category-news-politique","tag-commission-de-la-sante","tag-langue-des-signes-et-auditionne","tag-retraites"],"_links":{"self":[{"href":"https:\/\/www.africanchallenges.com\/index.php?rest_route=\/wp\/v2\/posts\/73675","targetHints":{"allow":["GET"]}}],"collection":[{"href":"https:\/\/www.africanchallenges.com\/index.php?rest_route=\/wp\/v2\/posts"}],"about":[{"href":"https:\/\/www.africanchallenges.com\/index.php?rest_route=\/wp\/v2\/types\/post"}],"author":[{"embeddable":true,"href":"https:\/\/www.africanchallenges.com\/index.php?rest_route=\/wp\/v2\/users\/4"}],"replies":[{"embeddable":true,"href":"https:\/\/www.africanchallenges.com\/index.php?rest_route=%2Fwp%2Fv2%2Fcomments&post=73675"}],"version-history":[{"count":1,"href":"https:\/\/www.africanchallenges.com\/index.php?rest_route=\/wp\/v2\/posts\/73675\/revisions"}],"predecessor-version":[{"id":73677,"href":"https:\/\/www.africanchallenges.com\/index.php?rest_route=\/wp\/v2\/posts\/73675\/revisions\/73677"}],"wp:featuredmedia":[{"embeddable":true,"href":"https:\/\/www.africanchallenges.com\/index.php?rest_route=\/wp\/v2\/media\/73676"}],"wp:attachment":[{"href":"https:\/\/www.africanchallenges.com\/index.php?rest_route=%2Fwp%2Fv2%2Fmedia&parent=73675"}],"wp:term":[{"taxonomy":"category","embeddable":true,"href":"https:\/\/www.africanchallenges.com\/index.php?rest_route=%2Fwp%2Fv2%2Fcategories&post=73675"},{"taxonomy":"post_tag","embeddable":true,"href":"https:\/\/www.africanchallenges.com\/index.php?rest_route=%2Fwp%2Fv2%2Ftags&post=73675"}],"curies":[{"name":"wp","href":"https:\/\/api.w.org\/{rel}","templated":true}]}}