{"id":73562,"date":"2026-05-18T07:30:00","date_gmt":"2026-05-18T06:30:00","guid":{"rendered":"https:\/\/www.africanchallenges.com\/?p=73562"},"modified":"2026-05-18T08:48:30","modified_gmt":"2026-05-18T07:48:30","slug":"tunisie-lagence-nationale-pour-la-maitrise-de-lenergie-celebre-son-40e-anniversaire-et-organise-la-conference-nationale-sur-la-transition-energetique-sous-le-theme-une-tran","status":"publish","type":"post","link":"https:\/\/www.africanchallenges.com\/?p=73562","title":{"rendered":"Tunisie : L\u2019Agence Nationale pour la Ma\u00eetrise de l\u2019\u00c9nergie c\u00e9l\u00e8bre son 40e anniversaire et organise la Conf\u00e9rence nationale sur la transition \u00e9nerg\u00e9tique sous le th\u00e8me :\u00ab Une transition \u00e9nerg\u00e9tique juste, durable et innovante \u00bb"},"content":{"rendered":"\n<p class=\"wp-block-paragraph\">\u00c0 l\u2019occasion de la c\u00e9l\u00e9bration du quaranti\u00e8me anniversaire de sa cr\u00e9ation, l\u2019Agence Nationale pour la Ma\u00eetrise de l\u2019\u00c9nergie (ANME) organise la Conf\u00e9rence nationale sur la transition \u00e9nerg\u00e9tique, les 20 et 21 mai 2026 \u00e0 la Cit\u00e9 de la Culture de Tunis. Cet \u00e9v\u00e9nement majeur constitue une \u00e9tape cl\u00e9 affirmant le r\u00f4le pionnier de l\u2019Agence dans la conduite de la transition \u00e9nerg\u00e9tique en Tunisie et dans la promotion du d\u00e9veloppement durable.<\/p>\n\n\n\n<p class=\"wp-block-paragraph\">Plac\u00e9e sous le th\u00e8me \u00ab Une transition \u00e9nerg\u00e9tique juste, durable et innovante \u00bb, cette conf\u00e9rence nationale se veut un espace strat\u00e9gique de r\u00e9flexion et d\u2019\u00e9valuation de quatre d\u00e9cennies d\u2019action dans le domaine de la ma\u00eetrise de l\u2019\u00e9nergie, tout en ouvrant les perspectives des horizons 2030, 2035 et 2050.<\/p>\n\n\n\n<p class=\"wp-block-paragraph\">Depuis sa cr\u00e9ation en 1985, l\u2019ANME s\u2019est impos\u00e9e comme un acteur central dans l\u2019\u00e9laboration et la mise en \u0153uvre des politiques publiques relatives \u00e0 l\u2019efficacit\u00e9 \u00e9nerg\u00e9tique et aux \u00e9nergies renouvelables. Au fil des d\u00e9cennies, elle a contribu\u00e9 \u00e0 ancrer une culture de la consommation rationnelle de l\u2019\u00e9nergie, \u00e0 promouvoir les \u00e9nergies renouvelables, \u00e0 d\u00e9velopper des m\u00e9canismes d\u2019accompagnement technique et financier, ainsi qu\u2019\u00e0 soutenir les diff\u00e9rents secteurs \u00e9conomiques dans l\u2019am\u00e9lioration de leur performance \u00e9nerg\u00e9tique et de leur comp\u00e9titivit\u00e9.<\/p>\n\n\n\n<p class=\"wp-block-paragraph\">La conf\u00e9rence sera l\u2019occasion d\u2019\u00e9valuer le bilan de quarante ann\u00e9es de programmes et de politiques publiques mis en \u0153uvre depuis la cr\u00e9ation de l\u2019Agence, \u00e0 travers l\u2019analyse des r\u00e9alisations accomplies et des d\u00e9fis rencontr\u00e9s par le secteur. Elle permettra \u00e9galement d\u2019identifier les priorit\u00e9s futures pour acc\u00e9l\u00e9rer le rythme de la transition \u00e9nerg\u00e9tique et de d\u00e9finir une vision nationale claire pour les prochaines \u00e9tapes, en coh\u00e9rence avec les engagements climatiques internationaux et visant \u00e0 renforcer le positionnement de la Tunisie en tant qu\u2019acteur r\u00e9gional dans le domaine de l\u2019\u00e9nergie durable.<\/p>\n\n\n\n<p class=\"wp-block-paragraph\">L\u2019\u00e9v\u00e9nement s\u2019articulera autour de six objectifs strat\u00e9giques majeurs :<\/p>\n\n\n\n<p class=\"wp-block-paragraph\">\u00e9valuer l\u2019impact des politiques \u00e9nerg\u00e9tiques depuis 1985 ;<br>construire une vision prospective de la transition \u00e9nerg\u00e9tique ;<br>acc\u00e9l\u00e9rer les r\u00e9formes structurelles du secteur ;<br>mobiliser des financements innovants pour les projets \u00e9nerg\u00e9tiques ;<br>soutenir l\u2019innovation technologique dans les domaines des r\u00e9seaux intelligents et de la mobilit\u00e9 \u00e9lectrique ;<br>renforcer la coop\u00e9ration internationale et le positionnement r\u00e9gional de la Tunisie dans les espaces m\u00e9diterran\u00e9en et africain.<\/p>\n\n\n\n<p class=\"wp-block-paragraph\">La conf\u00e9rence r\u00e9unira un large panel d\u2019experts, de d\u00e9cideurs, de repr\u00e9sentants d\u2019institutions nationales et internationales, du secteur priv\u00e9 et de la soci\u00e9t\u00e9 civile. Plus de mille participants ainsi que des dizaines d\u2019experts et d\u2019intervenants sont attendus pour prendre part aux sessions scientifiques et aux ateliers sp\u00e9cialis\u00e9s consacr\u00e9s \u00e0 l\u2019avenir de l\u2019\u00e9nergie en Tunisie. Cet \u00e9v\u00e9nement constituera une plateforme privil\u00e9gi\u00e9e d\u2019\u00e9change d\u2019exp\u00e9riences et de pr\u00e9sentation de solutions innovantes capables d\u2019acc\u00e9l\u00e9rer la transition vers une \u00e9conomie bas carbone et plus durable.<\/p>\n\n\n\n<p class=\"wp-block-paragraph\">La conf\u00e9rence reviendra \u00e9galement sur les principales \u00e9tapes historiques ayant marqu\u00e9 le parcours de l\u2019ANME, depuis le lancement des premiers programmes d\u2019\u00e9lectrification rurale solaire et d\u2019efficacit\u00e9 \u00e9nerg\u00e9tique dans le secteur industriel durant les ann\u00e9es 1980, jusqu\u2019au d\u00e9veloppement des programmes d\u2019audit \u00e9nerg\u00e9tique dans les ann\u00e9es 1990, puis au d\u00e9marrage effectif des projets d\u2019\u00e9nergies renouvelables au cours des ann\u00e9es 2000. Elle mettra \u00e9galement en lumi\u00e8re l\u2019adoption de la strat\u00e9gie nationale de transition \u00e9nerg\u00e9tique, la cr\u00e9ation du Fonds de transition \u00e9nerg\u00e9tique ainsi que l\u2019\u00e9largissement des partenariats internationaux durant la derni\u00e8re d\u00e9cennie.<\/p>\n\n\n\n<p class=\"wp-block-paragraph\">Enfin, la manifestation pr\u00e9sentera les nouvelles orientations strat\u00e9giques de l\u2019Agence pour les ann\u00e9es \u00e0 venir, \u00e0 travers une feuille de route ambitieuse ax\u00e9e sur la d\u00e9carbonation du secteur industriel, l\u2019acc\u00e9l\u00e9ration du d\u00e9ploiement des \u00e9nergies renouvelables, le d\u00e9veloppement des technologies innovantes, de la mobilit\u00e9 \u00e9lectrique, du stockage de l\u2019\u00e9nergie ainsi que de la valorisation \u00e9nerg\u00e9tique des d\u00e9chets.<\/p>\n","protected":false},"excerpt":{"rendered":"<p>\u00c0 l\u2019occasion de la c\u00e9l\u00e9bration du quaranti\u00e8me anniversaire de sa cr\u00e9ation, l\u2019Agence Nationale pour la Ma\u00eetrise de l\u2019\u00c9nergie (ANME) organise la Conf\u00e9rence nationale sur la transition \u00e9nerg\u00e9tique, les 20 et 21 mai 2026 \u00e0 la Cit\u00e9 de la Culture de Tunis. Cet \u00e9v\u00e9nement majeur constitue une \u00e9tape cl\u00e9 affirmant le r\u00f4le pionnier de l\u2019Agence dans [&hellip;]<\/p>\n","protected":false},"author":4,"featured_media":73600,"comment_status":"open","ping_status":"closed","sticky":false,"template":"","format":"standard","meta":{"content-type":"","jnews-multi-image_gallery":[],"jnews_single_post":{"format":"standard"},"jnews_primary_category":[],"jnews_override_bookmark_settings":[],"jnews_review":[],"enable_review":"","type":"","name":"","summary":"","brand":"","sku":"","good":[],"bad":[],"score_override":"","override_value":"","rating":[],"price":[],"jnews_post_split":[],"footnotes":""},"categories":[43,73],"tags":[10740,209,6541,8118],"class_list":["post-73562","post","type-post","status-publish","format-standard","has-post-thumbnail","hentry","category-eco-business","category-eco","tag-anme","tag-anniversaire","tag-conference-nationale","tag-transition-energetique"],"_links":{"self":[{"href":"https:\/\/www.africanchallenges.com\/index.php?rest_route=\/wp\/v2\/posts\/73562","targetHints":{"allow":["GET"]}}],"collection":[{"href":"https:\/\/www.africanchallenges.com\/index.php?rest_route=\/wp\/v2\/posts"}],"about":[{"href":"https:\/\/www.africanchallenges.com\/index.php?rest_route=\/wp\/v2\/types\/post"}],"author":[{"embeddable":true,"href":"https:\/\/www.africanchallenges.com\/index.php?rest_route=\/wp\/v2\/users\/4"}],"replies":[{"embeddable":true,"href":"https:\/\/www.africanchallenges.com\/index.php?rest_route=%2Fwp%2Fv2%2Fcomments&post=73562"}],"version-history":[{"count":1,"href":"https:\/\/www.africanchallenges.com\/index.php?rest_route=\/wp\/v2\/posts\/73562\/revisions"}],"predecessor-version":[{"id":73563,"href":"https:\/\/www.africanchallenges.com\/index.php?rest_route=\/wp\/v2\/posts\/73562\/revisions\/73563"}],"wp:featuredmedia":[{"embeddable":true,"href":"https:\/\/www.africanchallenges.com\/index.php?rest_route=\/wp\/v2\/media\/73600"}],"wp:attachment":[{"href":"https:\/\/www.africanchallenges.com\/index.php?rest_route=%2Fwp%2Fv2%2Fmedia&parent=73562"}],"wp:term":[{"taxonomy":"category","embeddable":true,"href":"https:\/\/www.africanchallenges.com\/index.php?rest_route=%2Fwp%2Fv2%2Fcategories&post=73562"},{"taxonomy":"post_tag","embeddable":true,"href":"https:\/\/www.africanchallenges.com\/index.php?rest_route=%2Fwp%2Fv2%2Ftags&post=73562"}],"curies":[{"name":"wp","href":"https:\/\/api.w.org\/{rel}","templated":true}]}}