{"id":73480,"date":"2026-05-14T10:52:25","date_gmt":"2026-05-14T09:52:25","guid":{"rendered":"https:\/\/www.africanchallenges.com\/?p=73480"},"modified":"2026-05-14T11:04:02","modified_gmt":"2026-05-14T10:04:02","slug":"cooperation-militaire-la-tunisie-et-les-etats-unis-misent-sur-la-formation-et-linnovation-aerienne","status":"publish","type":"post","link":"https:\/\/www.africanchallenges.com\/?p=73480","title":{"rendered":"Coop\u00e9ration militaire : la Tunisie et les \u00c9tats-Unis misent sur la formation et l\u2019innovation a\u00e9rienne"},"content":{"rendered":"\n<p class=\"wp-block-paragraph\">Le ministre de la D\u00e9fense nationale, M. Khaled Sehili, a re\u00e7u ce mercredi 13 mai 2026, en marge de l\u2019ouverture de la 15\u1d49 \u00e9dition du Forum de l\u2019Association des chefs d\u2019\u00e9tat-major des forces a\u00e9riennes africaines, organis\u00e9e en Tunisie du 13 au 15 mai, le commandant des forces a\u00e9riennes am\u00e9ricaines en Europe et en Afrique, le g\u00e9n\u00e9ral Jason Hinds.<\/p>\n\n\n\n<p class=\"wp-block-paragraph\">\u00c0 cette occasion, le ministre a soulign\u00e9 la solidit\u00e9 des relations d\u2019amiti\u00e9 historiques entre la Tunisie et les \u00c9tats-Unis d\u2019Am\u00e9rique. Il a exprim\u00e9 sa satisfaction quant \u00e0 la poursuite de la mise en \u0153uvre de la feuille de route de coop\u00e9ration militaire entre les deux pays, mettant en avant la profondeur, la continuit\u00e9 et la diversit\u00e9 de ce partenariat, qui constituent les fondements d\u2019une coop\u00e9ration strat\u00e9gique durable, b\u00e2tie sur la confiance mutuelle, le respect et le partage de valeurs, de principes et d\u2019int\u00e9r\u00eats communs.<\/p>\n\n\n\n<p class=\"wp-block-paragraph\">Il a \u00e9galement pr\u00e9cis\u00e9 que le programme de coop\u00e9ration ne se limite pas au soutien logistique et technique ni au renforcement des capacit\u00e9s op\u00e9rationnelles de l\u2019arm\u00e9e nationale, mais s\u2019\u00e9tend \u00e9galement aux domaines de la formation, de l\u2019entra\u00eenement, de l\u2019\u00e9change d\u2019expertises et des exercices militaires conjoints. Il a exprim\u00e9 le souhait de voir cette coop\u00e9ration se d\u00e9velopper davantage, notamment en mati\u00e8re de modernisation des programmes d\u2019enseignement et de renforcement des capacit\u00e9s acad\u00e9miques dans les domaines des sciences a\u00e9rospatiales et a\u00e9ronautiques.<\/p>\n\n\n\n<p class=\"wp-block-paragraph\">Le ministre a en outre affirm\u00e9 que la Tunisie constitue un acteur cl\u00e9 de la s\u00e9curit\u00e9 et de la stabilit\u00e9 dans la r\u00e9gion m\u00e9diterran\u00e9enne, et qu\u2019elle repr\u00e9sente un partenaire strat\u00e9gique ainsi qu\u2019une plateforme de coop\u00e9ration et d\u2019influence positive dans la r\u00e9gion, ce qui la qualifie pour devenir un p\u00f4le r\u00e9gional de formation et d\u2019entra\u00eenement militaire conforme aux standards internationaux.<\/p>\n\n\n\n<p class=\"wp-block-paragraph\">De son c\u00f4t\u00e9, le commandant des forces a\u00e9riennes am\u00e9ricaines en Europe et en Afrique a salu\u00e9 la qualit\u00e9 de la coop\u00e9ration militaire entre la Tunisie et les \u00c9tats-Unis, ainsi que les comp\u00e9tences dont dispose l\u2019arm\u00e9e de l\u2019air tunisienne, en phase avec les technologies les plus avanc\u00e9es en mati\u00e8re de formation et d\u2019entra\u00eenement. Il a r\u00e9affirm\u00e9 l\u2019engagement de l\u2019administration am\u00e9ricaine \u00e0 poursuivre la coop\u00e9ration bilat\u00e9rale, \u00e0 soutenir les capacit\u00e9s a\u00e9riennes de l\u2019arm\u00e9e tunisienne et \u00e0 d\u00e9velopper ses moyens, dans l\u2019int\u00e9r\u00eat des deux parties.<\/p>\n","protected":false},"excerpt":{"rendered":"<p>Le ministre de la D\u00e9fense nationale, M. Khaled Sehili, a re\u00e7u ce mercredi 13 mai 2026, en marge de l\u2019ouverture de la 15\u1d49 \u00e9dition du Forum de l\u2019Association des chefs d\u2019\u00e9tat-major des forces a\u00e9riennes africaines, organis\u00e9e en Tunisie du 13 au 15 mai, le commandant des forces a\u00e9riennes am\u00e9ricaines en Europe et en Afrique, le [&hellip;]<\/p>\n","protected":false},"author":4,"featured_media":73482,"comment_status":"open","ping_status":"closed","sticky":false,"template":"","format":"standard","meta":{"content-type":"","jnews-multi-image_gallery":[],"jnews_single_post":{"format":"standard"},"jnews_primary_category":[],"jnews_override_bookmark_settings":[],"jnews_review":[],"enable_review":"","type":"","name":"","summary":"","brand":"","sku":"","good":[],"bad":[],"score_override":"","override_value":"","rating":[],"price":[],"jnews_post_split":[],"footnotes":""},"categories":[2],"tags":[1764,18537,4130,54],"class_list":["post-73480","post","type-post","status-publish","format-standard","has-post-thumbnail","hentry","category-news-politique","tag-cooperation-militaire","tag-innovation-aerienne","tag-les-etats-unis","tag-tunisie"],"_links":{"self":[{"href":"https:\/\/www.africanchallenges.com\/index.php?rest_route=\/wp\/v2\/posts\/73480","targetHints":{"allow":["GET"]}}],"collection":[{"href":"https:\/\/www.africanchallenges.com\/index.php?rest_route=\/wp\/v2\/posts"}],"about":[{"href":"https:\/\/www.africanchallenges.com\/index.php?rest_route=\/wp\/v2\/types\/post"}],"author":[{"embeddable":true,"href":"https:\/\/www.africanchallenges.com\/index.php?rest_route=\/wp\/v2\/users\/4"}],"replies":[{"embeddable":true,"href":"https:\/\/www.africanchallenges.com\/index.php?rest_route=%2Fwp%2Fv2%2Fcomments&post=73480"}],"version-history":[{"count":1,"href":"https:\/\/www.africanchallenges.com\/index.php?rest_route=\/wp\/v2\/posts\/73480\/revisions"}],"predecessor-version":[{"id":73483,"href":"https:\/\/www.africanchallenges.com\/index.php?rest_route=\/wp\/v2\/posts\/73480\/revisions\/73483"}],"wp:featuredmedia":[{"embeddable":true,"href":"https:\/\/www.africanchallenges.com\/index.php?rest_route=\/wp\/v2\/media\/73482"}],"wp:attachment":[{"href":"https:\/\/www.africanchallenges.com\/index.php?rest_route=%2Fwp%2Fv2%2Fmedia&parent=73480"}],"wp:term":[{"taxonomy":"category","embeddable":true,"href":"https:\/\/www.africanchallenges.com\/index.php?rest_route=%2Fwp%2Fv2%2Fcategories&post=73480"},{"taxonomy":"post_tag","embeddable":true,"href":"https:\/\/www.africanchallenges.com\/index.php?rest_route=%2Fwp%2Fv2%2Ftags&post=73480"}],"curies":[{"name":"wp","href":"https:\/\/api.w.org\/{rel}","templated":true}]}}