{"id":73262,"date":"2026-05-08T15:26:24","date_gmt":"2026-05-08T14:26:24","guid":{"rendered":"https:\/\/www.africanchallenges.com\/?p=73262"},"modified":"2026-05-08T15:26:26","modified_gmt":"2026-05-08T14:26:26","slug":"ev-charge-show-2026-istanbul-accueillera-un-rendez-vous-majeur-de-la-mobilite-electrique-du-26-au-28-novembre","status":"publish","type":"post","link":"https:\/\/www.africanchallenges.com\/?p=73262","title":{"rendered":"EV Charge Show 2026 : Istanbul accueillera un rendez-vous majeur de la mobilit\u00e9 \u00e9lectrique du 26 au 28 novembre"},"content":{"rendered":"\n<p class=\"wp-block-paragraph\"><strong>Le salon international EV Charge Show 2026 se tiendra du 26 au 28 novembre 2026 \u00e0 Istanbul. Consacr\u00e9 aux solutions de recharge et aux innovations li\u00e9es \u00e0 la mobilit\u00e9 \u00e9lectrique, l\u2019\u00e9v\u00e9nement r\u00e9unira les principaux acteurs de l\u2019\u00e9cosyst\u00e8me e-mobilit\u00e9 autour des technologies, infrastructures et services du secteur.<\/strong><\/p>\n\n\n\n<p class=\"wp-block-paragraph\">Le salon international EV Charge Show 2026 se tiendra du jeudi 26 au samedi 28 novembre 2026 \u00e0 Istanbul, r\u00e9unissant les professionnels et experts de la mobilit\u00e9 \u00e9lectrique et des infrastructures de recharge.<\/p>\n\n\n\n<p class=\"wp-block-paragraph\">Consid\u00e9r\u00e9 comme l\u2019un des rendez-vous de r\u00e9f\u00e9rence du secteur, l\u2019\u00e9v\u00e9nement mettra en avant les derni\u00e8res innovations en mati\u00e8re de solutions de recharge, de gestion \u00e9nerg\u00e9tique et de technologies li\u00e9es \u00e0 la transition vers la mobilit\u00e9 durable.<\/p>\n","protected":false},"excerpt":{"rendered":"<p>Le salon international EV Charge Show 2026 se tiendra du 26 au 28 novembre 2026 \u00e0 Istanbul. Consacr\u00e9 aux solutions de recharge et aux innovations li\u00e9es \u00e0 la mobilit\u00e9 \u00e9lectrique, l\u2019\u00e9v\u00e9nement r\u00e9unira les principaux acteurs de l\u2019\u00e9cosyst\u00e8me e-mobilit\u00e9 autour des technologies, infrastructures et services du secteur. Le salon international EV Charge Show 2026 se tiendra [&hellip;]<\/p>\n","protected":false},"author":4,"featured_media":73263,"comment_status":"open","ping_status":"closed","sticky":false,"template":"","format":"standard","meta":{"content-type":"","jnews-multi-image_gallery":[],"jnews_single_post":{"format":"standard"},"jnews_primary_category":[],"jnews_override_bookmark_settings":[],"jnews_review":[],"enable_review":"","type":"","name":"","summary":"","brand":"","sku":"","good":[],"bad":[],"score_override":"","override_value":"","rating":[],"price":[],"jnews_post_split":[],"footnotes":""},"categories":[43,73],"tags":[18476,1611,11265],"class_list":["post-73262","post","type-post","status-publish","format-standard","has-post-thumbnail","hentry","category-eco-business","category-eco","tag-ev-charge-show-2026","tag-istanbul","tag-mobilite-electrique"],"_links":{"self":[{"href":"https:\/\/www.africanchallenges.com\/index.php?rest_route=\/wp\/v2\/posts\/73262","targetHints":{"allow":["GET"]}}],"collection":[{"href":"https:\/\/www.africanchallenges.com\/index.php?rest_route=\/wp\/v2\/posts"}],"about":[{"href":"https:\/\/www.africanchallenges.com\/index.php?rest_route=\/wp\/v2\/types\/post"}],"author":[{"embeddable":true,"href":"https:\/\/www.africanchallenges.com\/index.php?rest_route=\/wp\/v2\/users\/4"}],"replies":[{"embeddable":true,"href":"https:\/\/www.africanchallenges.com\/index.php?rest_route=%2Fwp%2Fv2%2Fcomments&post=73262"}],"version-history":[{"count":1,"href":"https:\/\/www.africanchallenges.com\/index.php?rest_route=\/wp\/v2\/posts\/73262\/revisions"}],"predecessor-version":[{"id":73264,"href":"https:\/\/www.africanchallenges.com\/index.php?rest_route=\/wp\/v2\/posts\/73262\/revisions\/73264"}],"wp:featuredmedia":[{"embeddable":true,"href":"https:\/\/www.africanchallenges.com\/index.php?rest_route=\/wp\/v2\/media\/73263"}],"wp:attachment":[{"href":"https:\/\/www.africanchallenges.com\/index.php?rest_route=%2Fwp%2Fv2%2Fmedia&parent=73262"}],"wp:term":[{"taxonomy":"category","embeddable":true,"href":"https:\/\/www.africanchallenges.com\/index.php?rest_route=%2Fwp%2Fv2%2Fcategories&post=73262"},{"taxonomy":"post_tag","embeddable":true,"href":"https:\/\/www.africanchallenges.com\/index.php?rest_route=%2Fwp%2Fv2%2Ftags&post=73262"}],"curies":[{"name":"wp","href":"https:\/\/api.w.org\/{rel}","templated":true}]}}