{"id":73129,"date":"2026-05-05T20:13:44","date_gmt":"2026-05-05T19:13:44","guid":{"rendered":"https:\/\/www.africanchallenges.com\/?p=73129"},"modified":"2026-05-05T20:13:45","modified_gmt":"2026-05-05T19:13:45","slug":"zlecaf-la-tunisie-mise-sur-le-commerce-numerique-pour-accelerer-son-integration-africaine","status":"publish","type":"post","link":"https:\/\/www.africanchallenges.com\/?p=73129","title":{"rendered":"ZLECAf : la Tunisie mise sur le commerce num\u00e9rique pour acc\u00e9l\u00e9rer son int\u00e9gration africaine"},"content":{"rendered":"\n<p class=\"wp-block-paragraph\">Le ministre du Commerce et du D\u00e9veloppement des exportations, M. Samir Abid, a pr\u00e9sid\u00e9, dans la matin\u00e9e du mardi 5 mai 2026, l\u2019ouverture d\u2019un atelier consacr\u00e9 au programme d\u2019acc\u00e9l\u00e9ration du commerce et de l\u2019investissement dans le cadre de l\u2019Accord de la Zone de libre-\u00e9change continentale africaine (ZLECAf). Cet atelier, qui se tient sur deux jours (5 et 6 mai 2026), s\u2019est d\u00e9roul\u00e9 en pr\u00e9sence de l\u2019ambassadeur extraordinaire et pl\u00e9nipotentiaire du Japon, M. Saito Jun, ainsi que de plusieurs experts et repr\u00e9sentants des structures publiques et du secteur priv\u00e9.<\/p>\n\n\n\n<p class=\"wp-block-paragraph\">Dans son allocution d\u2019ouverture, le ministre a mis en avant la solidit\u00e9 des relations de coop\u00e9ration tuniso-japonaises, qui c\u00e9l\u00e8brent cette ann\u00e9e leur 70e anniversaire, soulignant leur \u00e9volution vers un partenariat multidimensionnel couvrant notamment les infrastructures, les technologies modernes et les \u00e9nergies renouvelables. Il a \u00e9galement relev\u00e9 que la pr\u00e9sence d\u2019entreprises japonaises dans des secteurs strat\u00e9giques tels que l\u2019industrie automobile, les composants \u00e9lectroniques et l\u2019\u00e9nergie refl\u00e8te la confiance accord\u00e9e aux comp\u00e9tences tunisiennes et \u00e0 la comp\u00e9titivit\u00e9 du climat des affaires.<\/p>\n\n\n\n<p class=\"wp-block-paragraph\">M. Samir Abid a indiqu\u00e9 que le lancement, en mars 2025, du programme d\u2019acc\u00e9l\u00e9ration du commerce et de l\u2019investissement (ATIA) dans le cadre de la ZLECAf constitue une \u00e9tape suppl\u00e9mentaire vers le renforcement de l\u2019int\u00e9gration africaine. Ce programme vise \u00e0 promouvoir des partenariats innovants entre entreprises africaines et japonaises, \u00e0 d\u00e9velopper les cha\u00eenes de valeur r\u00e9gionales, \u00e0 dynamiser l\u2019industrie, \u00e0 attirer les investissements et \u00e0 contribuer \u00e0 la construction d\u2019un march\u00e9 num\u00e9rique africain int\u00e9gr\u00e9.<\/p>\n\n\n\n<p class=\"wp-block-paragraph\">Il a pr\u00e9cis\u00e9 que le projet ATIA repose sur trois axes principaux : l\u2019investissement, le commerce des services et le commerce num\u00e9rique, soulignant l\u2019importance particuli\u00e8re de cet atelier en raison de son lien avec le secteur du commerce num\u00e9rique, l\u2019un des plus dynamiques \u00e0 l\u2019\u00e9chelle mondiale.<\/p>\n\n\n\n<p class=\"wp-block-paragraph\">Dans ce contexte, le ministre a affirm\u00e9 que la Tunisie ambitionne de se positionner comme un hub r\u00e9gional du commerce num\u00e9rique, en s\u2019appuyant sur ses atouts, notamment une infrastructure d\u00e9velopp\u00e9e, des ressources humaines qualifi\u00e9es et un cadre l\u00e9gislatif avanc\u00e9.<\/p>\n\n\n\n<p class=\"wp-block-paragraph\">\u00c0 cette occasion, il a \u00e9galement pr\u00e9sent\u00e9 plusieurs initiatives lanc\u00e9es par le minist\u00e8re pour faciliter l\u2019acc\u00e8s des entreprises aux march\u00e9s num\u00e9riques internationaux, dont la mise en place d\u2019un r\u00e9gime sp\u00e9cifique d\u2019exportation via les moyens \u00e9lectroniques, ainsi que le projet \u00ab Easy Export \u00bb, visant \u00e0 num\u00e9riser et simplifier les proc\u00e9dures d\u2019exportation au profit des PME, des jeunes entrepreneurs, des femmes et des artisans, notamment \u00e0 travers le r\u00e9seau postal.<\/p>\n\n\n\n<p class=\"wp-block-paragraph\">Par ailleurs, le ministre a soulign\u00e9 que l\u2019\u00e9valuation de la pr\u00e9paration r\u00e9glementaire au commerce num\u00e9rique (DTRRA) constitue un outil strat\u00e9gique pour diagnostiquer le cadre juridique et institutionnel, identifier les \u00e9carts par rapport aux normes internationales et aux exigences du protocole de la ZLECAf, et \u00e9laborer une feuille de route de r\u00e9formes, contribuant ainsi \u00e0 am\u00e9liorer la visibilit\u00e9 pour les op\u00e9rateurs \u00e9conomiques et \u00e0 stimuler l\u2019investissement.<\/p>\n\n\n\n<p class=\"wp-block-paragraph\">Il a ajout\u00e9 que cet atelier repr\u00e9sente un espace de dialogue et de concertation entre les diff\u00e9rentes parties prenantes, \u00e0 travers une approche participative dans l\u2019\u00e9laboration des r\u00e9formes et le renforcement de la coordination entre les structures concern\u00e9es.<\/p>\n\n\n\n<p class=\"wp-block-paragraph\">En conclusion, le ministre a rappel\u00e9 que la r\u00e9ussite de la Zone de libre-\u00e9change continentale africaine d\u00e9pend de la capacit\u00e9 \u00e0 traduire les orientations strat\u00e9giques en actions concr\u00e8tes fond\u00e9es sur la r\u00e9forme, l\u2019investissement, la coop\u00e9ration et l\u2019innovation. Il a appel\u00e9, \u00e0 ce titre, \u00e0 formuler des recommandations pratiques susceptibles de renforcer la position de la Tunisie dans l\u2019\u00e9conomie num\u00e9rique et d\u2019approfondir son int\u00e9gration dans son environnement africain et international.<\/p>\n","protected":false},"excerpt":{"rendered":"<p>Le ministre du Commerce et du D\u00e9veloppement des exportations, M. Samir Abid, a pr\u00e9sid\u00e9, dans la matin\u00e9e du mardi 5 mai 2026, l\u2019ouverture d\u2019un atelier consacr\u00e9 au programme d\u2019acc\u00e9l\u00e9ration du commerce et de l\u2019investissement dans le cadre de l\u2019Accord de la Zone de libre-\u00e9change continentale africaine (ZLECAf). Cet atelier, qui se tient sur deux jours [&hellip;]<\/p>\n","protected":false},"author":4,"featured_media":73130,"comment_status":"open","ping_status":"closed","sticky":false,"template":"","format":"standard","meta":{"content-type":"","jnews-multi-image_gallery":[],"jnews_single_post":{"format":"standard"},"jnews_primary_category":[],"jnews_override_bookmark_settings":[],"jnews_review":[],"enable_review":"","type":"","name":"","summary":"","brand":"","sku":"","good":[],"bad":[],"score_override":"","override_value":"","rating":[],"price":[],"jnews_post_split":[],"footnotes":""},"categories":[43,73],"tags":[18429,18430,54,4994],"class_list":["post-73129","post","type-post","status-publish","format-standard","has-post-thumbnail","hentry","category-eco-business","category-eco","tag-commerce-numerique","tag-integration-africaine","tag-tunisie","tag-zlecaf"],"_links":{"self":[{"href":"https:\/\/www.africanchallenges.com\/index.php?rest_route=\/wp\/v2\/posts\/73129","targetHints":{"allow":["GET"]}}],"collection":[{"href":"https:\/\/www.africanchallenges.com\/index.php?rest_route=\/wp\/v2\/posts"}],"about":[{"href":"https:\/\/www.africanchallenges.com\/index.php?rest_route=\/wp\/v2\/types\/post"}],"author":[{"embeddable":true,"href":"https:\/\/www.africanchallenges.com\/index.php?rest_route=\/wp\/v2\/users\/4"}],"replies":[{"embeddable":true,"href":"https:\/\/www.africanchallenges.com\/index.php?rest_route=%2Fwp%2Fv2%2Fcomments&post=73129"}],"version-history":[{"count":1,"href":"https:\/\/www.africanchallenges.com\/index.php?rest_route=\/wp\/v2\/posts\/73129\/revisions"}],"predecessor-version":[{"id":73131,"href":"https:\/\/www.africanchallenges.com\/index.php?rest_route=\/wp\/v2\/posts\/73129\/revisions\/73131"}],"wp:featuredmedia":[{"embeddable":true,"href":"https:\/\/www.africanchallenges.com\/index.php?rest_route=\/wp\/v2\/media\/73130"}],"wp:attachment":[{"href":"https:\/\/www.africanchallenges.com\/index.php?rest_route=%2Fwp%2Fv2%2Fmedia&parent=73129"}],"wp:term":[{"taxonomy":"category","embeddable":true,"href":"https:\/\/www.africanchallenges.com\/index.php?rest_route=%2Fwp%2Fv2%2Fcategories&post=73129"},{"taxonomy":"post_tag","embeddable":true,"href":"https:\/\/www.africanchallenges.com\/index.php?rest_route=%2Fwp%2Fv2%2Ftags&post=73129"}],"curies":[{"name":"wp","href":"https:\/\/api.w.org\/{rel}","templated":true}]}}