{"id":72792,"date":"2026-04-23T15:49:28","date_gmt":"2026-04-23T14:49:28","guid":{"rendered":"https:\/\/www.africanchallenges.com\/?p=72792"},"modified":"2026-04-23T15:50:25","modified_gmt":"2026-04-23T14:50:25","slug":"sommet-africa-forward-partenariats-entre-lafrique-et-la-france-pour-linnovation-et-la-croissance","status":"publish","type":"post","link":"https:\/\/www.africanchallenges.com\/?p=72792","title":{"rendered":"Sommet \u00ab Africa Forward : Partenariats entre l\u2019Afrique et la France pour l\u2019innovation et la croissance \u00bb"},"content":{"rendered":"\n<p class=\"wp-block-paragraph\"><strong>Le Kenya et la France co-organiseront le sommet\u00a0\u00ab Africa Forward\u00a0: des partenariats entre l\u2019Afrique et la France pour l\u2019innovation et la croissance \u00bb, qui se tiendra \u00e0 Nairobi les 11 et 12 mai 2026. Il r\u00e9unira le Pr\u00e9sident de la R\u00e9publique fran\u00e7aise,\u00a0le Pr\u00e9sident de la R\u00e9publique k\u00e9nyane\u00a0et les autres chefs d\u2019\u00c9tat et de gouvernement africains.<\/strong><\/p>\n\n\n\n<p class=\"wp-block-paragraph\">Le sommet Africa Forward marque une \u00e9tape majeure dans les relations entre la France et le continent africain, pr\u00e8s de dix ans apr\u00e8s le discours du Pr\u00e9sident de la R\u00e9publique \u00e0 Ouagadougou. &nbsp;<\/p>\n\n\n\n<p class=\"wp-block-paragraph\">Il s\u2019agit du premier sommet de ce type \u00e0 \u00eatre accueilli et co-pr\u00e9sid\u00e9 avec un pays anglophone. Il est \u00e0 l\u2019image de partenariats Afrique-France \u00e0 la fois robustes et \u00e9quilibr\u00e9s. Ces partenariats se construisent en soutien du d\u00e9veloppement \u00e9conomique de chacun \u2013 car ils reposent sur des compl\u00e9mentarit\u00e9s r\u00e9elles \u2013 et au service des populations. Ils doivent \u00e9galement participer d\u2019une gouvernance mondiale plus juste et plus inclusive, qui refuse les logiques de bloc, les pr\u00e9dations et les nouveaux imp\u00e9rialismes&nbsp;: plus que jamais, ces partenariats sont utiles.<\/p>\n\n\n\n<p class=\"wp-block-paragraph\">Le sommet Africa Forward illustrera la richesse et le dynamisme des relations entre le continent africain et la France par la diversit\u00e9 des acteurs qui y prendront part \u2013 Etats, entreprises, jeunesses, artistes, soci\u00e9t\u00e9s civiles et diasporas. Il sera l\u2019occasion de d\u00e9montrer l\u2019engagement de la France, du Kenya et des pays africains pour acc\u00e9l\u00e9rer les investissements crois\u00e9s et pour construire et financer des solutions concr\u00e8tes aux d\u00e9fis communs, tels que le renforcement des syst\u00e8mes de sant\u00e9, la souverainet\u00e9 alimentaire, la comp\u00e9titivit\u00e9 dans le domaine du num\u00e9rique, l\u2019acc\u00e8s \u00e0 l\u2019\u00e9nergie et la connectivit\u00e9.<\/p>\n\n\n\n<p class=\"wp-block-paragraph\">Il s\u2019inscrit d\u00e8s lors dans la continuit\u00e9 du Sommet sur le financement des \u00e9conomies africaines de Paris en 2021, du Sommet pour le nouveau pacte financier mondial de Paris et du Sommet africain sur le climat de Nairobi&nbsp;en 2023, ainsi que du Sommet entre l\u2019Union africaine et l\u2019Union europ\u00e9enne de Luanda en novembre 2025.<\/p>\n\n\n\n<h3 class=\"wp-block-heading\">Programme<\/h3>\n\n\n\n<p class=\"wp-block-paragraph\">La journ\u00e9e du 11 mai, intitul\u00e9e \u00ab&nbsp;Inspire and Connect&nbsp;\u00bb, s\u2019ouvrira par un forum d\u2019affaires qui mettra en \u00e9vidence la profondeur des partenariats \u00e9conomiques franco-africains et valorisera les projets et initiatives port\u00e9es par les secteurs priv\u00e9s africains et fran\u00e7ais. Au cours de cette journ\u00e9e, plusieurs temps forts auront lieu autour de la jeunesse et sur des secteurs d\u2019excellence, cr\u00e9ateurs d\u2019emploi et f\u00e9d\u00e9rateurs tels que le sport ou les industries culturelles et cr\u00e9atives.<\/p>\n\n\n\n<p class=\"wp-block-paragraph\">La journ\u00e9e du 12 mai sera largement consacr\u00e9e aux questions de financement du d\u00e9veloppement et aux enjeux globaux.<\/p>\n\n\n\n<p class=\"wp-block-paragraph\">Les questions de formation et d\u2019emploi des jeunes, de souverainet\u00e9 et de comp\u00e9titivit\u00e9 seront au c\u0153ur des discussions. Le sommet \u00e9voquera \u00e9galement les enjeux de paix et de s\u00e9curit\u00e9 en soutien des m\u00e9diations africaines et des actions de l\u2019Union Africaine.<\/p>\n\n\n\n<p class=\"wp-block-paragraph\">Certaines conclusions du sommet&nbsp;<em>Africa Forward<\/em>&nbsp;viendront nourrir la pr\u00e9paration du&nbsp;<a href=\"https:\/\/www.elysee.fr\/G7evian\">sommet du G7<\/a>, que la France accueillera \u00e0 Evian du 15 au 17 juin.<\/p>\n\n\n\n<p class=\"wp-block-paragraph\">Le Kenya et la France co-organiseront le sommet&nbsp;<strong>\u00ab Africa Forward&nbsp;: des partenariats entre l\u2019Afrique et la France pour l\u2019innovation et la croissance \u00bb<\/strong>, qui se tiendra \u00e0 Nairobi les 11 et 12 mai 2026. Il r\u00e9unira le Pr\u00e9sident de la R\u00e9publique fran\u00e7aise,&nbsp;le Pr\u00e9sident de la R\u00e9publique k\u00e9nyane&nbsp;et les autres chefs d\u2019\u00c9tat et de gouvernement africains.<\/p>\n\n\n\n<p class=\"wp-block-paragraph\">Le sommet Africa Forward marque une \u00e9tape majeure dans les relations entre la France et le continent africain, pr\u00e8s de dix ans apr\u00e8s le discours du Pr\u00e9sident de la R\u00e9publique \u00e0 Ouagadougou. &nbsp;<\/p>\n\n\n\n<p class=\"wp-block-paragraph\">Il s\u2019agit du premier sommet de ce type \u00e0 \u00eatre accueilli et co-pr\u00e9sid\u00e9 avec un pays anglophone. Il est \u00e0 l\u2019image de partenariats Afrique-France \u00e0 la fois robustes et \u00e9quilibr\u00e9s. Ces partenariats se construisent en soutien du d\u00e9veloppement \u00e9conomique de chacun \u2013 car ils reposent sur des compl\u00e9mentarit\u00e9s r\u00e9elles \u2013 et au service des populations. Ils doivent \u00e9galement participer d\u2019une gouvernance mondiale plus juste et plus inclusive, qui refuse les logiques de bloc, les pr\u00e9dations et les nouveaux imp\u00e9rialismes&nbsp;: plus que jamais, ces partenariats sont utiles.<\/p>\n\n\n\n<p class=\"wp-block-paragraph\">Le sommet Africa Forward illustrera la richesse et le dynamisme des relations entre le continent africain et la France par la diversit\u00e9 des acteurs qui y prendront part \u2013 Etats, entreprises, jeunesses, artistes, soci\u00e9t\u00e9s civiles et diasporas. Il sera l\u2019occasion de d\u00e9montrer l\u2019engagement de la France, du Kenya et des pays africains pour acc\u00e9l\u00e9rer les investissements crois\u00e9s et pour construire et financer des solutions concr\u00e8tes aux d\u00e9fis communs, tels que le renforcement des syst\u00e8mes de sant\u00e9, la souverainet\u00e9 alimentaire, la comp\u00e9titivit\u00e9 dans le domaine du num\u00e9rique, l\u2019acc\u00e8s \u00e0 l\u2019\u00e9nergie et la connectivit\u00e9.<\/p>\n\n\n\n<p class=\"wp-block-paragraph\">Il s\u2019inscrit d\u00e8s lors dans la continuit\u00e9 du Sommet sur le financement des \u00e9conomies africaines de Paris en 2021, du Sommet pour le nouveau pacte financier mondial de Paris et du Sommet africain sur le climat de Nairobi&nbsp;en 2023, ainsi que du Sommet entre l\u2019Union africaine et l\u2019Union europ\u00e9enne de Luanda en novembre 2025.<\/p>\n\n\n\n<h3 class=\"wp-block-heading\">Programme<\/h3>\n\n\n\n<p class=\"wp-block-paragraph\">La journ\u00e9e du 11 mai, intitul\u00e9e \u00ab&nbsp;Inspire and Connect&nbsp;\u00bb, s\u2019ouvrira par un forum d\u2019affaires qui mettra en \u00e9vidence la profondeur des partenariats \u00e9conomiques franco-africains et valorisera les projets et initiatives port\u00e9es par les secteurs priv\u00e9s africains et fran\u00e7ais. Au cours de cette journ\u00e9e, plusieurs temps forts auront lieu autour de la jeunesse et sur des secteurs d\u2019excellence, cr\u00e9ateurs d\u2019emploi et f\u00e9d\u00e9rateurs tels que le sport ou les industries culturelles et cr\u00e9atives.<\/p>\n\n\n\n<p class=\"wp-block-paragraph\">La journ\u00e9e du 12 mai sera largement consacr\u00e9e aux questions de financement du d\u00e9veloppement et aux enjeux globaux.<\/p>\n\n\n\n<p class=\"wp-block-paragraph\">Les questions de formation et d\u2019emploi des jeunes, de souverainet\u00e9 et de comp\u00e9titivit\u00e9 seront au c\u0153ur des discussions. Le sommet \u00e9voquera \u00e9galement les enjeux de paix et de s\u00e9curit\u00e9 en soutien des m\u00e9diations africaines et des actions de l\u2019Union Africaine.<\/p>\n\n\n\n<p class=\"wp-block-paragraph\">Certaines conclusions du sommet&nbsp;<em>Africa Forward<\/em>&nbsp;viendront nourrir la pr\u00e9paration du&nbsp;<a href=\"https:\/\/www.elysee.fr\/G7evian\">sommet du G7<\/a>, que la France accueillera \u00e0 Evian du 15 au 17 juin.<\/p>\n\n\n\n<p class=\"wp-block-paragraph\"><strong>Source : Communiqu\u00e9 de l&rsquo;\u00c9lys\u00e9e<\/strong><br><br><\/p>\n","protected":false},"excerpt":{"rendered":"<p>Le Kenya et la France co-organiseront le sommet\u00a0\u00ab Africa Forward\u00a0: des partenariats entre l\u2019Afrique et la France pour l\u2019innovation et la croissance \u00bb, qui se tiendra \u00e0 Nairobi les 11 et 12 mai 2026. Il r\u00e9unira le Pr\u00e9sident de la R\u00e9publique fran\u00e7aise,\u00a0le Pr\u00e9sident de la R\u00e9publique k\u00e9nyane\u00a0et les autres chefs d\u2019\u00c9tat et de gouvernement africains. [&hellip;]<\/p>\n","protected":false},"author":4,"featured_media":72793,"comment_status":"open","ping_status":"closed","sticky":false,"template":"","format":"standard","meta":{"content-type":"","jnews-multi-image_gallery":[],"jnews_single_post":{"format":"standard"},"jnews_primary_category":[],"jnews_override_bookmark_settings":[],"jnews_review":[],"enable_review":"","type":"","name":"","summary":"","brand":"","sku":"","good":[],"bad":[],"score_override":"","override_value":"","rating":[],"price":[],"jnews_post_split":[],"footnotes":""},"categories":[43,73],"tags":[18304,63,245,18305,1326],"class_list":["post-72792","post","type-post","status-publish","format-standard","has-post-thumbnail","hentry","category-eco-business","category-eco","tag-africa-forward","tag-afrique","tag-france","tag-republique-kenyane","tag-sommet"],"_links":{"self":[{"href":"https:\/\/www.africanchallenges.com\/index.php?rest_route=\/wp\/v2\/posts\/72792","targetHints":{"allow":["GET"]}}],"collection":[{"href":"https:\/\/www.africanchallenges.com\/index.php?rest_route=\/wp\/v2\/posts"}],"about":[{"href":"https:\/\/www.africanchallenges.com\/index.php?rest_route=\/wp\/v2\/types\/post"}],"author":[{"embeddable":true,"href":"https:\/\/www.africanchallenges.com\/index.php?rest_route=\/wp\/v2\/users\/4"}],"replies":[{"embeddable":true,"href":"https:\/\/www.africanchallenges.com\/index.php?rest_route=%2Fwp%2Fv2%2Fcomments&post=72792"}],"version-history":[{"count":2,"href":"https:\/\/www.africanchallenges.com\/index.php?rest_route=\/wp\/v2\/posts\/72792\/revisions"}],"predecessor-version":[{"id":72796,"href":"https:\/\/www.africanchallenges.com\/index.php?rest_route=\/wp\/v2\/posts\/72792\/revisions\/72796"}],"wp:featuredmedia":[{"embeddable":true,"href":"https:\/\/www.africanchallenges.com\/index.php?rest_route=\/wp\/v2\/media\/72793"}],"wp:attachment":[{"href":"https:\/\/www.africanchallenges.com\/index.php?rest_route=%2Fwp%2Fv2%2Fmedia&parent=72792"}],"wp:term":[{"taxonomy":"category","embeddable":true,"href":"https:\/\/www.africanchallenges.com\/index.php?rest_route=%2Fwp%2Fv2%2Fcategories&post=72792"},{"taxonomy":"post_tag","embeddable":true,"href":"https:\/\/www.africanchallenges.com\/index.php?rest_route=%2Fwp%2Fv2%2Ftags&post=72792"}],"curies":[{"name":"wp","href":"https:\/\/api.w.org\/{rel}","templated":true}]}}