{"id":72768,"date":"2026-04-22T21:35:32","date_gmt":"2026-04-22T20:35:32","guid":{"rendered":"https:\/\/www.africanchallenges.com\/?p=72768"},"modified":"2026-04-22T21:35:33","modified_gmt":"2026-04-22T20:35:33","slug":"tunisie-suisse-5eme-reunion-annuelle-du-comite-de-pilotage-du-programme-de-cooperation-suisse-en-tunisie","status":"publish","type":"post","link":"https:\/\/www.africanchallenges.com\/?p=72768","title":{"rendered":"Tunisie-Suisse: 5\u00e8me r\u00e9union annuelle du Comit\u00e9 de pilotage du programme de coop\u00e9ration suisse en Tunisie"},"content":{"rendered":"\n<p class=\"wp-block-paragraph\">La 15\u00e8me r\u00e9union annuelle du Comit\u00e9 de pilotage du programme de coop\u00e9ration suisse en Tunisie s&rsquo;est tenue ce mercredi 22 avril 2026. M. Samir Abdelhafidh, ministre de l&rsquo;\u00c9conomie et de la Planification, et M. Josef Renggli, Ambassadeur de Suisse pour la Tunisie et la Libye, ont assist\u00e9 \u00e0 l\u2019ouverture de la r\u00e9union en pr\u00e9sence des&nbsp;&nbsp; repr\u00e9sentantes&nbsp;&nbsp; et&nbsp;&nbsp; repr\u00e9sentants&nbsp;&nbsp; des&nbsp;&nbsp; diff\u00e9rentes&nbsp;&nbsp; institutions&nbsp;&nbsp; partenaires concern\u00e9es. Cette r\u00e9union a \u00e9t\u00e9 l\u2019occasion de dresser le bilan de l&rsquo;ann\u00e9e 2025 et d&rsquo;examiner les perspectives de coop\u00e9ration pour l&rsquo;ann\u00e9e 2026.<\/p>\n\n\n\n<p class=\"wp-block-paragraph\">Un programme de coop\u00e9ration 2025-2028 pleinement lanc\u00e9<\/p>\n\n\n\n<p class=\"wp-block-paragraph\">L&rsquo;ann\u00e9e 2025 a marqu\u00e9 le lancement officiel du <a href=\"https:\/\/www.schweiz-tunesien.eda.admin.ch\/fr\/programme-de-cooperation-ci\">programme de coop\u00e9ration 2025-<\/a> <a href=\"https:\/\/www.schweiz-tunesien.eda.admin.ch\/fr\/programme-de-cooperation-ci\">2028,<\/a> dont l&rsquo;ambition est de consolider les dynamiques favorables \u00e0 la prosp\u00e9rit\u00e9 et \u00e0 la stabilit\u00e9 en Tunisie. Dans ce cadre, de nouveaux projets ont \u00e9t\u00e9 initi\u00e9s en \u00e9troite<br>collaboration avec les minist\u00e8res comp\u00e9tents, ainsi qu&rsquo;avec des institutions nationales et internationales.<\/p>\n\n\n\n<p class=\"wp-block-paragraph\">D\u00e8s sa premi\u00e8re ann\u00e9e de mise en \u0153uvre, le programme a contribu\u00e9 \u00e0 la cr\u00e9ation ou au maintien de 9&rsquo;600 emplois, t\u00e9moignant de son impact concret sur le terrain.<\/p>\n\n\n\n<p class=\"wp-block-paragraph\"><strong>Une pr\u00e9sence sur l&rsquo;ensemble du territoire tunisien<\/strong><\/p>\n\n\n\n<p class=\"wp-block-paragraph\">Plus d\u2019une cinquantaine de projets sont en cours, dont la moiti\u00e9 ont une port\u00e9e dans les r\u00e9gions, illustrant une approche qui articule interventions locales, dynamiques territoriales \u00e0 l&rsquo;\u00e9chelle des districts et appui au niveau national. Cette d\u00e9marche vise \u00e0 garantir la coh\u00e9rence des actions et leur alignement avec les priorit\u00e9s publiques<br>tunisiennes.<\/p>\n\n\n\n<p class=\"wp-block-paragraph\">La Coop\u00e9ration suisse d\u00e9ploie ainsi ses interventions dans les 24 gouvernorats du pays,&nbsp; structur\u00e9s&nbsp; en 5&nbsp; districts,&nbsp; \u00e0&nbsp; travers&nbsp; pr\u00e8s&nbsp; de 103&nbsp; interventions&nbsp; couvrant l&rsquo;ensemble du territoire national.<\/p>\n\n\n\n<p class=\"wp-block-paragraph\"><strong>Un partenariat inscrit dans la dur\u00e9e<\/strong><\/p>\n\n\n\n<p class=\"wp-block-paragraph\">En 2026, cette r\u00e9union du Comit\u00e9 de pilotage r\u00e9affirme l&rsquo;engagement continu et sinc\u00e8re de la Suisse \u00e0 approfondir ses liens avec la Tunisie. Elle revrt une signification particuli\u00e8re cette ann\u00e9e, dans le cadre de la c\u00e9l\u00e9bration du <a href=\"https:\/\/www.schweiz-tunesien.eda.admin.ch\/fr\/lancement-de-la-commemoration-du-70-anniversaire-des-relations-diplomatiques-entre-la-tunisie-et-la-suissehttps:\/www.schweiz-tunesien.eda.admin.ch\/fr\/lancement-de-la-commemoration-du-70-anniversaire-des-relations-diplomatiques-entre-la-tunisie-et-la-suissehttps:\/www.schweiz-tunesien.eda.admin.ch\/fr\/lancement-de-la-commemoration-du-70-anniversaire-des-relations-diplomatiques-entre-la-tunisie-et-la-suissehttps:\/www.schweiz-tunesien.eda.admin.ch\/fr\/lancement-de-la-commemoration-du-70-anniversaire-des-relations-diplomatiques-entre-la-tunisie-et-la-suisse\">70<sup>\u00e8me<\/sup> anniversaire<\/a> des relations diplomatiques entre la Tunisie et la Suisse \u2014 un jalon qui t\u00e9moigne de la solidit\u00e9 et de la p\u00e9rennit\u00e9 d&rsquo;un partenariat fond\u00e9 sur la confiance mutuelle et les valeurs partag\u00e9es.<\/p>\n\n\n\n<p class=\"wp-block-paragraph\"><strong>Source : Communiqu\u00e9<\/strong><\/p>\n","protected":false},"excerpt":{"rendered":"<p>La 15\u00e8me r\u00e9union annuelle du Comit\u00e9 de pilotage du programme de coop\u00e9ration suisse en Tunisie s&rsquo;est tenue ce mercredi 22 avril 2026. M. Samir Abdelhafidh, ministre de l&rsquo;\u00c9conomie et de la Planification, et M. Josef Renggli, Ambassadeur de Suisse pour la Tunisie et la Libye, ont assist\u00e9 \u00e0 l\u2019ouverture de la r\u00e9union en pr\u00e9sence des&nbsp;&nbsp; [&hellip;]<\/p>\n","protected":false},"author":4,"featured_media":72769,"comment_status":"open","ping_status":"closed","sticky":false,"template":"","format":"standard","meta":{"content-type":"","jnews-multi-image_gallery":[],"jnews_single_post":{"format":"standard"},"jnews_primary_category":[],"jnews_override_bookmark_settings":[],"jnews_review":[],"enable_review":"","type":"","name":"","summary":"","brand":"","sku":"","good":[],"bad":[],"score_override":"","override_value":"","rating":[],"price":[],"jnews_post_split":[],"footnotes":""},"categories":[43,73],"tags":[14039,12784,65,1797,54],"class_list":["post-72768","post","type-post","status-publish","format-standard","has-post-thumbnail","hentry","category-eco-business","category-eco","tag-comite-de-pilotage","tag-cooperation-suisse","tag-programme","tag-reunion","tag-tunisie"],"_links":{"self":[{"href":"https:\/\/www.africanchallenges.com\/index.php?rest_route=\/wp\/v2\/posts\/72768","targetHints":{"allow":["GET"]}}],"collection":[{"href":"https:\/\/www.africanchallenges.com\/index.php?rest_route=\/wp\/v2\/posts"}],"about":[{"href":"https:\/\/www.africanchallenges.com\/index.php?rest_route=\/wp\/v2\/types\/post"}],"author":[{"embeddable":true,"href":"https:\/\/www.africanchallenges.com\/index.php?rest_route=\/wp\/v2\/users\/4"}],"replies":[{"embeddable":true,"href":"https:\/\/www.africanchallenges.com\/index.php?rest_route=%2Fwp%2Fv2%2Fcomments&post=72768"}],"version-history":[{"count":1,"href":"https:\/\/www.africanchallenges.com\/index.php?rest_route=\/wp\/v2\/posts\/72768\/revisions"}],"predecessor-version":[{"id":72770,"href":"https:\/\/www.africanchallenges.com\/index.php?rest_route=\/wp\/v2\/posts\/72768\/revisions\/72770"}],"wp:featuredmedia":[{"embeddable":true,"href":"https:\/\/www.africanchallenges.com\/index.php?rest_route=\/wp\/v2\/media\/72769"}],"wp:attachment":[{"href":"https:\/\/www.africanchallenges.com\/index.php?rest_route=%2Fwp%2Fv2%2Fmedia&parent=72768"}],"wp:term":[{"taxonomy":"category","embeddable":true,"href":"https:\/\/www.africanchallenges.com\/index.php?rest_route=%2Fwp%2Fv2%2Fcategories&post=72768"},{"taxonomy":"post_tag","embeddable":true,"href":"https:\/\/www.africanchallenges.com\/index.php?rest_route=%2Fwp%2Fv2%2Ftags&post=72768"}],"curies":[{"name":"wp","href":"https:\/\/api.w.org\/{rel}","templated":true}]}}