{"id":72754,"date":"2026-04-21T22:06:40","date_gmt":"2026-04-21T21:06:40","guid":{"rendered":"https:\/\/www.africanchallenges.com\/?p=72754"},"modified":"2026-04-21T22:06:57","modified_gmt":"2026-04-21T21:06:57","slug":"la-tunisie-au-coeur-des-debats-internationaux-a-ankara-sur-la-protection-de-lenfant-dans-lespace-numerique","status":"publish","type":"post","link":"https:\/\/www.africanchallenges.com\/?p=72754","title":{"rendered":"La Tunisie au c\u0153ur des d\u00e9bats internationaux \u00e0 Ankara sur la protection de l\u2019enfant dans l\u2019espace num\u00e9rique"},"content":{"rendered":"\n<p class=\"wp-block-paragraph\">La ministre de la Famille, de la Femme, de l\u2019Enfance et des Personnes \u00e2g\u00e9es, Madame Asma Jebri, participe les 21 et 22 avril 2026 aux travaux de la table ronde internationale de haut niveau organis\u00e9e \u00e0 Ankara, sous l\u2019\u00e9gide de la Premi\u00e8re dame de Turquie, Madame Emine Erdo\u011fan, sur le th\u00e8me \u00ab \u00c9change des politiques et des pratiques internationales pour la protection de l\u2019enfant dans l\u2019environnement num\u00e9rique \u00bb. Cette rencontre est organis\u00e9e par le minist\u00e8re turc de la Famille et des Services sociaux, en collaboration avec l\u2019UNICEF.<\/p>\n\n\n\n<p class=\"wp-block-paragraph\">Dans son intervention au nom de la Tunisie lors de la premi\u00e8re journ\u00e9e de cette rencontre internationale, la ministre a soulign\u00e9 que la transformation num\u00e9rique n\u2019est plus un ph\u00e9nom\u00e8ne passager, mais une composante essentielle de la vie quotidienne des enfants. Elle a insist\u00e9 sur la n\u00e9cessit\u00e9 de renforcer les efforts conjoints afin de consolider leur r\u00e9silience num\u00e9rique, de sensibiliser les familles et de prot\u00e9ger les enfants contre les risques croissants dans le cyberespace, notamment \u00e0 travers des outils de contr\u00f4le parental intelligents.<\/p>\n\n\n\n<p class=\"wp-block-paragraph\">Elle a rappel\u00e9 que le Rapport national sur la situation de l\u2019enfance 2024, consacr\u00e9 aux \u00ab comportements \u00e0 risque chez les enfants \u00e0 la lumi\u00e8re de la transformation num\u00e9rique \u00bb, met en \u00e9vidence une \u00e9volution significative de l\u2019usage d\u2019Internet par les enfants tunisiens et leur forte immersion dans l\u2019univers digital.<\/p>\n\n\n\n<p class=\"wp-block-paragraph\">La ministre a \u00e9galement pr\u00e9sent\u00e9 les principales initiatives nationales mises en \u0153uvre par la Tunisie, notamment le Plan national de protection des enfants contre la violence dans l\u2019espace num\u00e9rique (2024-2028), visant \u00e0 coordonner les interventions des diff\u00e9rents acteurs et \u00e0 renforcer la lutte contre les risques num\u00e9riques.<\/p>\n\n\n\n<p class=\"wp-block-paragraph\">Dans ce cadre, elle a mis en avant la Charte nationale de soutien aux familles pour la protection des enfants dans l\u2019espace num\u00e9rique, lanc\u00e9e le 19 novembre 2025, qui illustre un mod\u00e8le de gouvernance participative et de responsabilit\u00e9 collective. Cette initiative a r\u00e9uni les institutions publiques, les op\u00e9rateurs t\u00e9l\u00e9coms, les fournisseurs d\u2019acc\u00e8s \u00e0 Internet, la soci\u00e9t\u00e9 civile et les m\u00e9dias.<\/p>\n\n\n\n<p class=\"wp-block-paragraph\">La ministre a \u00e9galement soulign\u00e9 la mise \u00e0 disposition de guides pratiques destin\u00e9s aux professionnels de la protection de l\u2019enfance, aux parents et aux enfants, ainsi que le lancement de campagnes de sensibilisation visant \u00e0 renforcer les comp\u00e9tences des familles dans l\u2019usage s\u00e9curis\u00e9 des technologies. Elle a rappel\u00e9 le r\u00f4le de l\u2019Agence nationale de la cybers\u00e9curit\u00e9 dans la mise en \u0153uvre de la strat\u00e9gie nationale de cybers\u00e9curit\u00e9 et le renforcement des dispositifs de veille.<\/p>\n\n\n\n<p class=\"wp-block-paragraph\">Elle a par ailleurs mis en avant le travail du Centre national d\u2019informatique pour l\u2019enfant, qui \u0153uvre \u00e0 la sensibilisation des enfants et des parents \u00e0 travers des formations et des contenus \u00e9ducatifs, ainsi que l\u2019initiative \u00ab Ambassadeurs de la s\u00e9curit\u00e9 num\u00e9rique \u00bb, regroupant 200 jeunes \u00e2g\u00e9s de 13 \u00e0 18 ans form\u00e9s \u00e0 la protection des donn\u00e9es personnelles, \u00e0 la s\u00e9curit\u00e9 des r\u00e9seaux et \u00e0 la navigation responsable.<\/p>\n\n\n\n<p class=\"wp-block-paragraph\">La ministre a enfin soulign\u00e9 le r\u00f4le des d\u00e9l\u00e9gu\u00e9s \u00e0 la protection de l\u2019enfance dans le traitement des situations de risque li\u00e9es aux violences num\u00e9riques, en coordination avec les autorit\u00e9s judiciaires et s\u00e9curitaires, afin d\u2019assurer une prise en charge rapide et un accompagnement psychologique et social des enfants concern\u00e9s.<\/p>\n\n\n\n<p class=\"wp-block-paragraph\">Cette table ronde internationale r\u00e9unit des repr\u00e9sentants de haut niveau, dont la Repr\u00e9sentante sp\u00e9ciale du Secr\u00e9taire g\u00e9n\u00e9ral des Nations unies charg\u00e9e de la violence contre les enfants, ainsi que des ministres et responsables de plusieurs pays, dont la Tunisie, la Turquie, la France, la Su\u00e8de, l\u2019\u00c9gypte, l\u2019Arabie saoudite, l\u2019Azerba\u00efdjan, l\u2019Ouzb\u00e9kistan, l\u2019Autriche, le Mont\u00e9n\u00e9gro, le Nig\u00e9ria, le Turkm\u00e9nistan et la Serbie, en plus de repr\u00e9sentants d\u2019organisations internationales et r\u00e9gionales, d\u2019entreprises technologiques, de chercheurs et d\u2019associations sp\u00e9cialis\u00e9es.<\/p>\n\n\n\n<p class=\"wp-block-paragraph\">La participation tunisienne \u00e0 cet \u00e9v\u00e9nement de haut niveau intervient \u00e0 l\u2019invitation du minist\u00e8re turc de la Famille et des Services sociaux, dans une dynamique de renforcement de la coop\u00e9ration internationale en mati\u00e8re de protection de l\u2019enfant \u00e0 l\u2019\u00e8re num\u00e9rique.<\/p>\n","protected":false},"excerpt":{"rendered":"<p>La ministre de la Famille, de la Femme, de l\u2019Enfance et des Personnes \u00e2g\u00e9es, Madame Asma Jebri, participe les 21 et 22 avril 2026 aux travaux de la table ronde internationale de haut niveau organis\u00e9e \u00e0 Ankara, sous l\u2019\u00e9gide de la Premi\u00e8re dame de Turquie, Madame Emine Erdo\u011fan, sur le th\u00e8me \u00ab \u00c9change des politiques [&hellip;]<\/p>\n","protected":false},"author":4,"featured_media":72755,"comment_status":"open","ping_status":"closed","sticky":false,"template":"","format":"standard","meta":{"content-type":"","jnews-multi-image_gallery":[],"jnews_single_post":{"format":"standard"},"jnews_primary_category":[],"jnews_override_bookmark_settings":[],"jnews_review":[],"enable_review":"","type":"","name":"","summary":"","brand":"","sku":"","good":[],"bad":[],"score_override":"","override_value":"","rating":[],"price":[],"jnews_post_split":[],"footnotes":""},"categories":[2],"tags":[18292,18291,13826,18293,2334,2801],"class_list":["post-72754","post","type-post","status-publish","format-standard","has-post-thumbnail","hentry","category-news-politique","tag-ankara","tag-debats-internationaux","tag-enfant","tag-espace-numerique","tag-protection","tag-tuniise"],"_links":{"self":[{"href":"https:\/\/www.africanchallenges.com\/index.php?rest_route=\/wp\/v2\/posts\/72754","targetHints":{"allow":["GET"]}}],"collection":[{"href":"https:\/\/www.africanchallenges.com\/index.php?rest_route=\/wp\/v2\/posts"}],"about":[{"href":"https:\/\/www.africanchallenges.com\/index.php?rest_route=\/wp\/v2\/types\/post"}],"author":[{"embeddable":true,"href":"https:\/\/www.africanchallenges.com\/index.php?rest_route=\/wp\/v2\/users\/4"}],"replies":[{"embeddable":true,"href":"https:\/\/www.africanchallenges.com\/index.php?rest_route=%2Fwp%2Fv2%2Fcomments&post=72754"}],"version-history":[{"count":1,"href":"https:\/\/www.africanchallenges.com\/index.php?rest_route=\/wp\/v2\/posts\/72754\/revisions"}],"predecessor-version":[{"id":72756,"href":"https:\/\/www.africanchallenges.com\/index.php?rest_route=\/wp\/v2\/posts\/72754\/revisions\/72756"}],"wp:featuredmedia":[{"embeddable":true,"href":"https:\/\/www.africanchallenges.com\/index.php?rest_route=\/wp\/v2\/media\/72755"}],"wp:attachment":[{"href":"https:\/\/www.africanchallenges.com\/index.php?rest_route=%2Fwp%2Fv2%2Fmedia&parent=72754"}],"wp:term":[{"taxonomy":"category","embeddable":true,"href":"https:\/\/www.africanchallenges.com\/index.php?rest_route=%2Fwp%2Fv2%2Fcategories&post=72754"},{"taxonomy":"post_tag","embeddable":true,"href":"https:\/\/www.africanchallenges.com\/index.php?rest_route=%2Fwp%2Fv2%2Ftags&post=72754"}],"curies":[{"name":"wp","href":"https:\/\/api.w.org\/{rel}","templated":true}]}}