{"id":72687,"date":"2026-04-20T14:31:45","date_gmt":"2026-04-20T13:31:45","guid":{"rendered":"https:\/\/www.africanchallenges.com\/?p=72687"},"modified":"2026-04-20T14:31:55","modified_gmt":"2026-04-20T13:31:55","slug":"lutte-contre-la-contrefacon-reprise-des-travaux-du-conseil-national-et-nouvelle-dynamique-de-protection-de-la-propriete-intellectuelle","status":"publish","type":"post","link":"https:\/\/www.africanchallenges.com\/?p=72687","title":{"rendered":"Lutte contre la contrefa\u00e7on : reprise des travaux du Conseil national et nouvelle dynamique de protection de la propri\u00e9t\u00e9 intellectuelle"},"content":{"rendered":"\n<p class=\"wp-block-paragraph\">Le ministre du Commerce et du D\u00e9veloppement des exportations, M. Samir Abid, a pr\u00e9sid\u00e9, lundi 20 avril 2026, l\u2019ouverture des travaux de la premi\u00e8re r\u00e9union de l\u2019ann\u00e9e du Conseil national de lutte contre la contrefa\u00e7on, marquant la reprise officielle de l\u2019activit\u00e9 de cet organe consultatif.<\/p>\n\n\n\n<p class=\"wp-block-paragraph\">Cette relance s\u2019inscrit dans la volont\u00e9 du minist\u00e8re de renforcer le dispositif national de protection de la propri\u00e9t\u00e9 intellectuelle et de lutter plus efficacement contre les ph\u00e9nom\u00e8nes de contrefa\u00e7on et de piratage, consid\u00e9r\u00e9s comme des atteintes graves \u00e0 l\u2019\u00e9conomie et \u00e0 l\u2019innovation.<\/p>\n\n\n\n<p class=\"wp-block-paragraph\">Dans son allocution d\u2019ouverture, le ministre a soulign\u00e9 que la r\u00e9activation du Conseil constitue une \u00e9tape importante dans la dynamique nationale visant \u00e0 diagnostiquer ces ph\u00e9nom\u00e8nes et \u00e0 proposer des solutions concr\u00e8tes pour les endiguer. Cela passe notamment par le d\u00e9veloppement du cadre juridique et institutionnel, ainsi que par le renforcement des m\u00e9canismes op\u00e9rationnels, afin de prot\u00e9ger la cr\u00e9ativit\u00e9, am\u00e9liorer le climat des affaires et soutenir l\u2019investissement et la croissance \u00e9conomique.<\/p>\n\n\n\n<p class=\"wp-block-paragraph\">M. Samir Abid a rappel\u00e9 que la Tunisie figure parmi les pays pionniers en mati\u00e8re de protection de la propri\u00e9t\u00e9 intellectuelle, gr\u00e2ce \u00e0 son adh\u00e9sion pr\u00e9coce aux principales conventions internationales et r\u00e9gionales, ce qui contribue \u00e0 son rayonnement et \u00e0 la valorisation du r\u00f4le de la propri\u00e9t\u00e9 intellectuelle dans le d\u00e9veloppement \u00e9conomique, social et culturel.<\/p>\n\n\n\n<p class=\"wp-block-paragraph\">Le ministre a \u00e9galement soulign\u00e9 que la contrefa\u00e7on et le piratage constituent \u00e0 la fois des infractions juridiques et morales, relevant de la concurrence d\u00e9loyale, portant atteinte \u00e0 l\u2019int\u00e9grit\u00e9 des \u00e9changes \u00e9conomiques. Il a pr\u00e9cis\u00e9 que ces ph\u00e9nom\u00e8nes ont \u00e9volu\u00e9, touchant d\u00e9sormais des secteurs industriels et technologiques, et s\u2019\u00e9tendant des produits de luxe aux biens de consommation courante, avec une forte pr\u00e9sence dans les circuits num\u00e9riques et des liens avec des r\u00e9seaux transnationaux organis\u00e9s.<\/p>\n\n\n\n<p class=\"wp-block-paragraph\">Dans ce contexte, il a appel\u00e9 \u00e0 renforcer la coop\u00e9ration nationale et internationale, \u00e0 intensifier la coordination entre les diff\u00e9rentes parties prenantes et \u00e0 adopter des approches globales et int\u00e9gr\u00e9es pour limiter les impacts de ces pratiques.<\/p>\n\n\n\n<p class=\"wp-block-paragraph\">Le ministre a par ailleurs indiqu\u00e9 que la Tunisie a engag\u00e9 plusieurs initiatives structurantes, notamment l\u2019\u00e9laboration d\u2019une strat\u00e9gie nationale de lutte contre la contrefa\u00e7on et le piratage en collaboration avec les institutions concern\u00e9es. La reprise des travaux du Conseil devrait contribuer \u00e0 am\u00e9liorer la performance des m\u00e9canismes de contr\u00f4le et \u00e0 renforcer les capacit\u00e9s nationales et les partenariats internationaux dans ce domaine.<\/p>\n\n\n\n<p class=\"wp-block-paragraph\">En conclusion, l\u2019accent a \u00e9t\u00e9 mis sur la n\u00e9cessit\u00e9 de consolider la coop\u00e9ration entre les diff\u00e9rents intervenants et de renforcer le r\u00f4le du Conseil dans la d\u00e9finition de politiques efficaces de protection de la propri\u00e9t\u00e9 intellectuelle, au service de la comp\u00e9titivit\u00e9 de l\u2019\u00e9conomie nationale et du d\u00e9veloppement durable.<\/p>\n\n\n\n<p class=\"wp-block-paragraph\"><strong>Source: Communiqu\u00e9<\/strong><\/p>\n","protected":false},"excerpt":{"rendered":"<p>Le ministre du Commerce et du D\u00e9veloppement des exportations, M. Samir Abid, a pr\u00e9sid\u00e9, lundi 20 avril 2026, l\u2019ouverture des travaux de la premi\u00e8re r\u00e9union de l\u2019ann\u00e9e du Conseil national de lutte contre la contrefa\u00e7on, marquant la reprise officielle de l\u2019activit\u00e9 de cet organe consultatif. Cette relance s\u2019inscrit dans la volont\u00e9 du minist\u00e8re de renforcer [&hellip;]<\/p>\n","protected":false},"author":4,"featured_media":72688,"comment_status":"open","ping_status":"closed","sticky":false,"template":"","format":"standard","meta":{"content-type":"","jnews-multi-image_gallery":[],"jnews_single_post":{"format":"standard"},"jnews_primary_category":[],"jnews_override_bookmark_settings":[],"jnews_review":[],"enable_review":"","type":"","name":"","summary":"","brand":"","sku":"","good":[],"bad":[],"score_override":"","override_value":"","rating":[],"price":[],"jnews_post_split":[],"footnotes":""},"categories":[2],"tags":[18273,17666,2334,3392],"class_list":["post-72687","post","type-post","status-publish","format-standard","has-post-thumbnail","hentry","category-news-politique","tag-conseil-national-de-lutte-contre-la-contrefacon","tag-propriete-intellectuelle","tag-protection","tag-reprise"],"_links":{"self":[{"href":"https:\/\/www.africanchallenges.com\/index.php?rest_route=\/wp\/v2\/posts\/72687","targetHints":{"allow":["GET"]}}],"collection":[{"href":"https:\/\/www.africanchallenges.com\/index.php?rest_route=\/wp\/v2\/posts"}],"about":[{"href":"https:\/\/www.africanchallenges.com\/index.php?rest_route=\/wp\/v2\/types\/post"}],"author":[{"embeddable":true,"href":"https:\/\/www.africanchallenges.com\/index.php?rest_route=\/wp\/v2\/users\/4"}],"replies":[{"embeddable":true,"href":"https:\/\/www.africanchallenges.com\/index.php?rest_route=%2Fwp%2Fv2%2Fcomments&post=72687"}],"version-history":[{"count":2,"href":"https:\/\/www.africanchallenges.com\/index.php?rest_route=\/wp\/v2\/posts\/72687\/revisions"}],"predecessor-version":[{"id":72691,"href":"https:\/\/www.africanchallenges.com\/index.php?rest_route=\/wp\/v2\/posts\/72687\/revisions\/72691"}],"wp:featuredmedia":[{"embeddable":true,"href":"https:\/\/www.africanchallenges.com\/index.php?rest_route=\/wp\/v2\/media\/72688"}],"wp:attachment":[{"href":"https:\/\/www.africanchallenges.com\/index.php?rest_route=%2Fwp%2Fv2%2Fmedia&parent=72687"}],"wp:term":[{"taxonomy":"category","embeddable":true,"href":"https:\/\/www.africanchallenges.com\/index.php?rest_route=%2Fwp%2Fv2%2Fcategories&post=72687"},{"taxonomy":"post_tag","embeddable":true,"href":"https:\/\/www.africanchallenges.com\/index.php?rest_route=%2Fwp%2Fv2%2Ftags&post=72687"}],"curies":[{"name":"wp","href":"https:\/\/api.w.org\/{rel}","templated":true}]}}